{"id":2954,"date":"2020-06-11T16:39:49","date_gmt":"2020-06-11T14:39:49","guid":{"rendered":"https:\/\/agora.xtec.cat\/ceiplajota\/?p=2954"},"modified":"2020-06-11T16:43:28","modified_gmt":"2020-06-11T14:43:28","slug":"sortim-a-som-radio-badia","status":"publish","type":"post","link":"https:\/\/agora.xtec.cat\/ceiplajota\/primaria\/sortim-a-som-radio-badia\/","title":{"rendered":"Sortim a &#8220;SOM R\u00c0DIO BADIA&#8221;"},"content":{"rendered":"<p>El dimecres 10 de juny alguns dels nostres alumnes han sortit a SOM R\u00c0DIO BADIA explicant coses com les seves can\u00e7ons preferides o acudits i poemes. \u00a0Si encara no ho heu fet us animem a enviar el vostre \u00e0udio a escribanosergio@lajota.net. \u00a0I nosaltres li enviarem a la gent que fa el programa cada dimecres. \u00a0Podeu explicar acudits, com us sentiu aquests dies tan especials i dif\u00edcils, quines s\u00f3n les vostres can\u00e7ons preferides&#8230; pr\u00e0cticament el que vulgueu.<\/p>\n<p>Si voleu escoltar com de b\u00e9 ho han fet les nenes i nens que han participat toqueu la imatge de sota.<\/p>\n<p><strong>El programa est\u00e0 molt b\u00e9!<\/strong> L&#8217;alumnat de La Jota surt al minut 38.<\/p>\n<p>&nbsp;<\/p>\n<p><a href=\"https:\/\/www.facebook.com\/100003647057517\/videos\/2028619620602920\/\"><img loading=\"lazy\" decoding=\"async\" class=\" wp-image-2955 aligncenter\" src=\"https:\/\/agora.xtec.cat\/ceiplajota\/wp-content\/uploads\/usu1571\/2020\/06\/RadioBadia-nuevo.png\" alt=\"\" width=\"338\" height=\"338\" srcset=\"https:\/\/agora.xtec.cat\/ceiplajota\/wp-content\/uploads\/usu1571\/2020\/06\/RadioBadia-nuevo.png 750w, https:\/\/agora.xtec.cat\/ceiplajota\/wp-content\/uploads\/usu1571\/2020\/06\/RadioBadia-nuevo-150x150.png 150w, https:\/\/agora.xtec.cat\/ceiplajota\/wp-content\/uploads\/usu1571\/2020\/06\/RadioBadia-nuevo-300x300.png 300w\" sizes=\"auto, (max-width: 338px) 100vw, 338px\" \/><\/a><\/p>\n","protected":false},"excerpt":{"rendered":"<p>El dimecres 10 de juny alguns dels nostres alumnes han sortit a SOM R\u00c0DIO BADIA explicant coses com les seves can\u00e7ons preferides o acudits i poemes. \u00a0Si encara no ho heu fet us animem a enviar el vostre \u00e0udio a escribanosergio@lajota.net. \u00a0I nosaltres li enviarem&hellip;  <a href=\"https:\/\/agora.xtec.cat\/ceiplajota\/primaria\/sortim-a-som-radio-badia\/\" title=\"Read Sortim a &#8220;SOM R\u00c0DIO BADIA&#8221;\">Llegeix m\u00e9s\u00bb<\/a><\/p>\n","protected":false},"author":12,"featured_media":2955,"comment_status":"open","ping_status":"closed","sticky":false,"template":"","format":"standard","meta":{"_bbp_topic_count":0,"_bbp_reply_count":0,"_bbp_total_topic_count":0,"_bbp_total_reply_count":0,"_bbp_voice_count":0,"_bbp_anonymous_reply_count":0,"_bbp_topic_count_hidden":0,"_bbp_reply_count_hidden":0,"_bbp_forum_subforum_count":0,"footnotes":""},"categories":[10,11,12,13,14,15,5],"tags":[],"class_list":["post-2954","post","type-post","status-publish","format-standard","has-post-thumbnail","hentry","category-1r","category-2n","category-3r","category-4t","category-5e","category-6e","category-primaria"],"post_mailing_queue_ids":[],"_links":{"self":[{"href":"https:\/\/agora.xtec.cat\/ceiplajota\/wp-json\/wp\/v2\/posts\/2954","targetHints":{"allow":["GET"]}}],"collection":[{"href":"https:\/\/agora.xtec.cat\/ceiplajota\/wp-json\/wp\/v2\/posts"}],"about":[{"href":"https:\/\/agora.xtec.cat\/ceiplajota\/wp-json\/wp\/v2\/types\/post"}],"author":[{"embeddable":true,"href":"https:\/\/agora.xtec.cat\/ceiplajota\/wp-json\/wp\/v2\/users\/12"}],"replies":[{"embeddable":true,"href":"https:\/\/agora.xtec.cat\/ceiplajota\/wp-json\/wp\/v2\/comments?post=2954"}],"version-history":[{"count":3,"href":"https:\/\/agora.xtec.cat\/ceiplajota\/wp-json\/wp\/v2\/posts\/2954\/revisions"}],"predecessor-version":[{"id":2959,"href":"https:\/\/agora.xtec.cat\/ceiplajota\/wp-json\/wp\/v2\/posts\/2954\/revisions\/2959"}],"wp:featuredmedia":[{"embeddable":true,"href":"https:\/\/agora.xtec.cat\/ceiplajota\/wp-json\/wp\/v2\/media\/2955"}],"wp:attachment":[{"href":"https:\/\/agora.xtec.cat\/ceiplajota\/wp-json\/wp\/v2\/media?parent=2954"}],"wp:term":[{"taxonomy":"category","embeddable":true,"href":"https:\/\/agora.xtec.cat\/ceiplajota\/wp-json\/wp\/v2\/categories?post=2954"},{"taxonomy":"post_tag","embeddable":true,"href":"https:\/\/agora.xtec.cat\/ceiplajota\/wp-json\/wp\/v2\/tags?post=2954"}],"curies":[{"name":"wp","href":"https:\/\/api.w.org\/{rel}","templated":true}]}}