{"id":2201,"date":"2020-04-23T07:33:23","date_gmt":"2020-04-23T05:33:23","guid":{"rendered":"https:\/\/agora.xtec.cat\/ceiplajota\/?p=2201"},"modified":"2020-05-10T07:46:38","modified_gmt":"2020-05-10T05:46:38","slug":"joemquedoacasa-sant-jordi-2020","status":"publish","type":"post","link":"https:\/\/agora.xtec.cat\/ceiplajota\/general\/joemquedoacasa-sant-jordi-2020\/","title":{"rendered":"#JOEMQUEDOACASA Sant jordi 2020"},"content":{"rendered":"<p>Aquests <strong>Sant Jordi<\/strong> \u00e9s molt diferent dels altres que hem viscut, per\u00f2 volem que tamb\u00e9 sigui un dia ben bonic per la lectura, les roses &#8230;<\/p>\n<p>Com no estem a l&#8217;escola i no el podem compartir all\u00e0, el volem viure amb vosaltres d&#8217;altres formes, formes virtuals.<\/p>\n<p>Mireu a l&#8217;<strong>Instagram<\/strong> de l&#8217;escola<a href=\"https:\/\/agora.xtec.cat\/ceiplajota\/wp-content\/uploads\/usu1571\/2020\/04\/Feli\u00e7-Sant-Jordi-2020.jpg\"><img loading=\"lazy\" decoding=\"async\" class=\"alignleft  wp-image-1550\" src=\"https:\/\/agora.xtec.cat\/ceiplajota\/wp-content\/uploads\/usu1571\/2020\/04\/Feli\u00e7-Sant-Jordi-2020-1024x727.jpg\" alt=\"\" width=\"404\" height=\"287\" srcset=\"https:\/\/agora.xtec.cat\/ceiplajota\/wp-content\/uploads\/usu1571\/2020\/04\/Feli\u00e7-Sant-Jordi-2020-1024x727.jpg 1024w, https:\/\/agora.xtec.cat\/ceiplajota\/wp-content\/uploads\/usu1571\/2020\/04\/Feli\u00e7-Sant-Jordi-2020-300x213.jpg 300w, https:\/\/agora.xtec.cat\/ceiplajota\/wp-content\/uploads\/usu1571\/2020\/04\/Feli\u00e7-Sant-Jordi-2020-768x545.jpg 768w, https:\/\/agora.xtec.cat\/ceiplajota\/wp-content\/uploads\/usu1571\/2020\/04\/Feli\u00e7-Sant-Jordi-2020.jpg 1165w\" sizes=\"auto, (max-width: 404px) 100vw, 404px\" \/><\/a>, al llarg del mat\u00ed hi trobareu els nostres llibres. Us hi esperem!<\/p>\n<p>A m\u00e9s a m\u00e9s, ens agradaria molt que entre tots i totes, pens\u00e9ssim com volem que sigui la nostra biblioteca d&#8217;escola. Hem preparat unes preguntes. Clica a l&#8217;enlla\u00e7 per saber quines s\u00f3n i com has de fer-ho per participar en el <strong>Projecte<\/strong>: <a href=\"https:\/\/agora.xtec.cat\/ceiplajota\/wp-content\/uploads\/usu1571\/2020\/05\/Projecte-biblioteca.pdf\" target=\"_blank\" rel=\"noopener noreferrer\">Projecte biblioteca<\/a><\/p>\n","protected":false},"excerpt":{"rendered":"<p>Aquests Sant Jordi \u00e9s molt diferent dels altres que hem viscut, per\u00f2 volem que tamb\u00e9 sigui un dia ben bonic per la lectura, les roses &#8230;<br \/>\nCom no estem a l&#8217;escola i no el podem compartir all\u00e0, el volem viure amb vosaltres d&#8217;altres formes, formes virtuals.<br \/>\nMireu&hellip;  <a href=\"https:\/\/agora.xtec.cat\/ceiplajota\/general\/joemquedoacasa-sant-jordi-2020\/\" title=\"Read #JOEMQUEDOACASA Sant jordi 2020\">Llegeix m\u00e9s\u00bb<\/a><\/p>\n","protected":false},"author":1,"featured_media":0,"comment_status":"open","ping_status":"closed","sticky":false,"template":"","format":"standard","meta":{"_bbp_topic_count":0,"_bbp_reply_count":0,"_bbp_total_topic_count":0,"_bbp_total_reply_count":0,"_bbp_voice_count":0,"_bbp_anonymous_reply_count":0,"_bbp_topic_count_hidden":0,"_bbp_reply_count_hidden":0,"_bbp_forum_subforum_count":0,"footnotes":""},"categories":[1,4],"tags":[],"class_list":["post-2201","post","type-post","status-publish","format-standard","hentry","category-general","category-portada"],"post_mailing_queue_ids":[],"_links":{"self":[{"href":"https:\/\/agora.xtec.cat\/ceiplajota\/wp-json\/wp\/v2\/posts\/2201","targetHints":{"allow":["GET"]}}],"collection":[{"href":"https:\/\/agora.xtec.cat\/ceiplajota\/wp-json\/wp\/v2\/posts"}],"about":[{"href":"https:\/\/agora.xtec.cat\/ceiplajota\/wp-json\/wp\/v2\/types\/post"}],"author":[{"embeddable":true,"href":"https:\/\/agora.xtec.cat\/ceiplajota\/wp-json\/wp\/v2\/users\/1"}],"replies":[{"embeddable":true,"href":"https:\/\/agora.xtec.cat\/ceiplajota\/wp-json\/wp\/v2\/comments?post=2201"}],"version-history":[{"count":1,"href":"https:\/\/agora.xtec.cat\/ceiplajota\/wp-json\/wp\/v2\/posts\/2201\/revisions"}],"predecessor-version":[{"id":2203,"href":"https:\/\/agora.xtec.cat\/ceiplajota\/wp-json\/wp\/v2\/posts\/2201\/revisions\/2203"}],"wp:attachment":[{"href":"https:\/\/agora.xtec.cat\/ceiplajota\/wp-json\/wp\/v2\/media?parent=2201"}],"wp:term":[{"taxonomy":"category","embeddable":true,"href":"https:\/\/agora.xtec.cat\/ceiplajota\/wp-json\/wp\/v2\/categories?post=2201"},{"taxonomy":"post_tag","embeddable":true,"href":"https:\/\/agora.xtec.cat\/ceiplajota\/wp-json\/wp\/v2\/tags?post=2201"}],"curies":[{"name":"wp","href":"https:\/\/api.w.org\/{rel}","templated":true}]}}