{"id":1563,"date":"2020-04-20T09:00:15","date_gmt":"2020-04-20T07:00:15","guid":{"rendered":"https:\/\/agora.xtec.cat\/ceiplajota\/?p=1563"},"modified":"2020-05-10T16:29:45","modified_gmt":"2020-05-10T14:29:45","slug":"joemquedoacasa-musica-confinada","status":"publish","type":"post","link":"https:\/\/agora.xtec.cat\/ceiplajota\/infantil\/joemquedoacasa-musica-confinada\/","title":{"rendered":"#JOEMQUEDOACASA  M\u00fasica confinada"},"content":{"rendered":"<p>Hola musiquers i musiqueres!!!<\/p>\n<p>Us deixo un seguit d\u2019activitats musicals per a que gaudiu i sen\u2019s faci m\u00e9s curt aquest confinament.<\/p>\n<p>Recordeu que la m\u00fasica ens dona for\u00e7a i alegria.<\/p>\n<p><iframe loading=\"lazy\" src=\"\/\/giphy.com\/embed\/tqfS3mgQU28ko\" width=\"480\" height=\"360\" frameborder=\"0\"><\/iframe><\/p>\n<p>Un pet\u00f3<\/p>\n<p><a href=\"https:\/\/agora.xtec.cat\/ceiplajota\/general\/__trashed-2\/attachment\/1-educacio_infantil_i_primaria1-4\/\" rel=\"attachment wp-att-1557\">M\u00fasica Educaci\u00f3 Infantil i Prim\u00e0ria<\/a><\/p>\n","protected":false},"excerpt":{"rendered":"<p>#JOEMQUEDOACASA #MUSICACONFINADA&hellip;  <a href=\"https:\/\/agora.xtec.cat\/ceiplajota\/infantil\/joemquedoacasa-musica-confinada\/\" title=\"Read #JOEMQUEDOACASA  M\u00fasica confinada\">Llegeix m\u00e9s\u00bb<\/a><\/p>\n","protected":false},"author":1,"featured_media":0,"comment_status":"open","ping_status":"closed","sticky":false,"template":"","format":"standard","meta":{"_bbp_topic_count":0,"_bbp_reply_count":0,"_bbp_total_topic_count":0,"_bbp_total_reply_count":0,"_bbp_voice_count":0,"_bbp_anonymous_reply_count":0,"_bbp_topic_count_hidden":0,"_bbp_reply_count_hidden":0,"_bbp_forum_subforum_count":0,"footnotes":""},"categories":[10,11,12,13,14,15,74,2],"tags":[64,69,68,70],"class_list":["post-1563","post","type-post","status-publish","format-standard","hentry","category-1r","category-2n","category-3r","category-4t","category-5e","category-6e","category-blog-musica","category-infantil","tag-joemquedoacasa","tag-infantil","tag-musica","tag-primaria"],"post_mailing_queue_ids":[],"_links":{"self":[{"href":"https:\/\/agora.xtec.cat\/ceiplajota\/wp-json\/wp\/v2\/posts\/1563","targetHints":{"allow":["GET"]}}],"collection":[{"href":"https:\/\/agora.xtec.cat\/ceiplajota\/wp-json\/wp\/v2\/posts"}],"about":[{"href":"https:\/\/agora.xtec.cat\/ceiplajota\/wp-json\/wp\/v2\/types\/post"}],"author":[{"embeddable":true,"href":"https:\/\/agora.xtec.cat\/ceiplajota\/wp-json\/wp\/v2\/users\/1"}],"replies":[{"embeddable":true,"href":"https:\/\/agora.xtec.cat\/ceiplajota\/wp-json\/wp\/v2\/comments?post=1563"}],"version-history":[{"count":4,"href":"https:\/\/agora.xtec.cat\/ceiplajota\/wp-json\/wp\/v2\/posts\/1563\/revisions"}],"predecessor-version":[{"id":2236,"href":"https:\/\/agora.xtec.cat\/ceiplajota\/wp-json\/wp\/v2\/posts\/1563\/revisions\/2236"}],"wp:attachment":[{"href":"https:\/\/agora.xtec.cat\/ceiplajota\/wp-json\/wp\/v2\/media?parent=1563"}],"wp:term":[{"taxonomy":"category","embeddable":true,"href":"https:\/\/agora.xtec.cat\/ceiplajota\/wp-json\/wp\/v2\/categories?post=1563"},{"taxonomy":"post_tag","embeddable":true,"href":"https:\/\/agora.xtec.cat\/ceiplajota\/wp-json\/wp\/v2\/tags?post=1563"}],"curies":[{"name":"wp","href":"https:\/\/api.w.org\/{rel}","templated":true}]}}