{"id":120,"date":"2020-03-20T15:00:39","date_gmt":"2020-03-20T14:00:39","guid":{"rendered":"http:\/\/agora.xtec.cat\/ceiplajota\/?p=120"},"modified":"2020-04-05T23:40:56","modified_gmt":"2020-04-05T21:40:56","slug":"portesobertes2020","status":"publish","type":"post","link":"https:\/\/agora.xtec.cat\/ceiplajota\/portada\/portesobertes2020\/","title":{"rendered":"PREINSCRIPCI\u00d3  2020 &#8211; 2021"},"content":{"rendered":"<p><a href=\"https:\/\/agora.xtec.cat\/ceiplajota\/wp-content\/uploads\/usu1571\/2020\/03\/2020-03-09_0139.png\"><img loading=\"lazy\" decoding=\"async\" class=\"wp-image-999 alignleft\" src=\"https:\/\/agora.xtec.cat\/ceiplajota\/wp-content\/uploads\/usu1571\/2020\/03\/2020-03-09_0139.png\" alt=\"\" width=\"288\" height=\"196\" srcset=\"https:\/\/agora.xtec.cat\/ceiplajota\/wp-content\/uploads\/usu1571\/2020\/03\/2020-03-09_0139.png 727w, https:\/\/agora.xtec.cat\/ceiplajota\/wp-content\/uploads\/usu1571\/2020\/03\/2020-03-09_0139-300x205.png 300w\" sizes=\"auto, (max-width: 288px) 100vw, 288px\" \/><\/a><span style=\"color: #444444;\">Podeu trobar tota la informaci\u00f3 de la Preinscripci\u00f3 2020-21 en <a href=\"http:\/\/queestudiar.gencat.cat\/ca\/preinscripcio\/informacio-general\/\" target=\"_blank\" rel=\"noopener noreferrer\">aquest enlla\u00e7<\/a>.<\/span><\/p>\n<p>El Departament d\u2019Educaci\u00f3 ajorna tots els tr\u00e0mits relacionats amb el procediment de preinscripci\u00f3 i matriculaci\u00f3 de l\u2019alumnat de tots els ensenyaments, en totes les etapes.<\/p>\n<p>El Departament est\u00e0 treballant per tal que els diferents processos de preinscripci\u00f3 i matriculaci\u00f3 es puguin dur a terme amb totes les garanties. Al mateix temps, es treballa per tal d\u2019adequar els tr\u00e0mits pensant en les circumst\u00e0ncies actuals. S\u2019informar\u00e0 sobre el nou calendari d\u2019actuacions tant aviat com ens arribi la informaci\u00f3..<\/p>\n<p>&nbsp;<\/p>\n<p>&nbsp;<\/p>\n","protected":false},"excerpt":{"rendered":"<p><a href=\"https:\/\/agora.xtec.cat\/ceiplajota\/wp-content\/uploads\/usu1571\/2020\/03\/2020-03-09_0139.png\"><\/a>Podeu trobar tota la informaci\u00f3 de la Preinscripci\u00f3 2020-21 en <a href=\"http:\/\/queestudiar.gencat.cat\/ca\/preinscripcio\/informacio-general\/\" target=\"_blank\" rel=\"noopener noreferrer\">aquest enlla\u00e7<\/a>.<br \/>\nEl Departament d\u2019Educaci\u00f3 ajorna tots els tr\u00e0mits relacionats amb el procediment de preinscripci\u00f3 i matriculaci\u00f3 de l\u2019alumnat de tots els ensenyaments, en totes les etapes.<br \/>\nEl Departament est\u00e0 treballant per&hellip;  <a href=\"https:\/\/agora.xtec.cat\/ceiplajota\/portada\/portesobertes2020\/\" title=\"Read PREINSCRIPCI\u00d3  2020 &#8211; 2021\">Llegeix m\u00e9s\u00bb<\/a><\/p>\n","protected":false},"author":1,"featured_media":625,"comment_status":"open","ping_status":"closed","sticky":false,"template":"","format":"standard","meta":{"_bbp_topic_count":0,"_bbp_reply_count":0,"_bbp_total_topic_count":0,"_bbp_total_reply_count":0,"_bbp_voice_count":0,"_bbp_anonymous_reply_count":0,"_bbp_topic_count_hidden":0,"_bbp_reply_count_hidden":0,"_bbp_forum_subforum_count":0,"footnotes":""},"categories":[4,60],"tags":[16],"class_list":["post-120","post","type-post","status-publish","format-standard","has-post-thumbnail","hentry","category-portada","category-portes-obertes","tag-sortides"],"post_mailing_queue_ids":[],"_links":{"self":[{"href":"https:\/\/agora.xtec.cat\/ceiplajota\/wp-json\/wp\/v2\/posts\/120","targetHints":{"allow":["GET"]}}],"collection":[{"href":"https:\/\/agora.xtec.cat\/ceiplajota\/wp-json\/wp\/v2\/posts"}],"about":[{"href":"https:\/\/agora.xtec.cat\/ceiplajota\/wp-json\/wp\/v2\/types\/post"}],"author":[{"embeddable":true,"href":"https:\/\/agora.xtec.cat\/ceiplajota\/wp-json\/wp\/v2\/users\/1"}],"replies":[{"embeddable":true,"href":"https:\/\/agora.xtec.cat\/ceiplajota\/wp-json\/wp\/v2\/comments?post=120"}],"version-history":[{"count":4,"href":"https:\/\/agora.xtec.cat\/ceiplajota\/wp-json\/wp\/v2\/posts\/120\/revisions"}],"predecessor-version":[{"id":1060,"href":"https:\/\/agora.xtec.cat\/ceiplajota\/wp-json\/wp\/v2\/posts\/120\/revisions\/1060"}],"wp:featuredmedia":[{"embeddable":true,"href":"https:\/\/agora.xtec.cat\/ceiplajota\/wp-json\/wp\/v2\/media\/625"}],"wp:attachment":[{"href":"https:\/\/agora.xtec.cat\/ceiplajota\/wp-json\/wp\/v2\/media?parent=120"}],"wp:term":[{"taxonomy":"category","embeddable":true,"href":"https:\/\/agora.xtec.cat\/ceiplajota\/wp-json\/wp\/v2\/categories?post=120"},{"taxonomy":"post_tag","embeddable":true,"href":"https:\/\/agora.xtec.cat\/ceiplajota\/wp-json\/wp\/v2\/tags?post=120"}],"curies":[{"name":"wp","href":"https:\/\/api.w.org\/{rel}","templated":true}]}}