{"id":1164,"date":"2020-04-03T17:49:46","date_gmt":"2020-04-03T15:49:46","guid":{"rendered":"https:\/\/agora.xtec.cat\/ceiplajota\/?p=1164"},"modified":"2020-05-19T10:46:32","modified_gmt":"2020-05-19T08:46:32","slug":"activitats-proposades-del-3-dabril-al-13-dabril","status":"publish","type":"post","link":"https:\/\/agora.xtec.cat\/ceiplajota\/infantil\/activitats-proposades-del-3-dabril-al-13-dabril\/","title":{"rendered":"#JOEMQUEDOACASA  EDUCACI\u00d3 INFANTIL  SETMANA 1 Activitats proposades del 3 al 13 d\u2019abril"},"content":{"rendered":"<p><strong><u>PROPOSTES COMUNS<\/u><\/strong><strong>:<\/strong><\/p>\n<ol>\n<li>AVUI PODEU GAUDIR DEL CONCERT DELS 10 ANYS DE \u201cEL POT PETIT\u201d!<\/li>\n<\/ol>\n<p>Aquest divendres 3 d\u2019abril al canal de youtube de El pot Petit, a les 18 hores:<\/p>\n<p><a href=\"https:\/\/www.youtube.com\/potpetit\">https:\/\/www.youtube.com\/potpetit<\/a><\/p>\n<ol start=\"2\">\n<li>JOCS PER TREBALLAR ELS SONS<\/li>\n<\/ol>\n<p>Buscar sorolls, escoltar-los i identificar-los sense veurel&#8217;s:<\/p>\n<ul>\n<li>Objectes quotidians(despertador, microones, timbre)<\/li>\n<li>Natura(ocells, vent, pluja, branques dels arbres, mosques&#8230; )<\/li>\n<li>Sorolls que podem fer amb el cos(respiraci\u00f3, batec cor, picar de mans, saltar, c\u00f3rrer)<\/li>\n<li>Del carrer(cotxe, cami\u00f3, campana, sirenes&#8230; )<\/li>\n<\/ul>\n<p>Es poden enregistrar els sons amb la gravadora del m\u00f2bil i despr\u00e9s escoltar-los per endevinar.<\/p>\n<p>Tamb\u00e9 es pot imitar el so amb la boca. Enlla\u00e7os de v\u00eddeos que tamb\u00e9 podeu fer servir:<\/p>\n<p><a href=\"https:\/\/youtu.be\/oBxwFA7b6Bk\">https:\/\/youtu.be\/oBxwFA7b6Bk<\/a><\/p>\n<p><a href=\"https:\/\/youtu.be\/noQTk4mOmIQ\">https:\/\/youtu.be\/noQTk4mOmIQ<\/a><\/p>\n<p><a href=\"https:\/\/youtu.be\/k4e83d6AA3s\">https:\/\/youtu.be\/k4e83d6AA3s<\/a><\/p>\n<p><a href=\"https:\/\/youtu.be\/ktp0bPjDrxg\">https:\/\/youtu.be\/ktp0bPjDrxg<\/a><\/p>\n<ol start=\"3\">\n<li>CONTES: Entreu al seg\u00fcent link per veure el conte de \u201cEl Tabalet\u201d:<\/li>\n<\/ol>\n<p><a href=\"https:\/\/www.youtube.com\/watch?v=BX-e9mpxnik\">https:\/\/www.youtube.com\/watch?v=BX-e9mpxnik<\/a><\/p>\n<p>Un cop vist us proposem un joc: repteu per casa com la serp, amagueu-vos a un cau com el conillet\u2026 i tamb\u00e9 podeu imitar els seus sons!<\/p>\n<ol start=\"4\">\n<li>PSICO REPTES:<\/li>\n<\/ol>\n<ul>\n<li>Passa un rotllo de paper d\u2019una m\u00e0 a l\u2019altre cinc vegades. Ara m\u00e9s r\u00e0pid!<\/li>\n<li>Fes un recorregut per la casa de diferents maneres: a peu coix, saltant amb els dos peus, arrossegant-se amb el cul, com una serp\u2026<\/li>\n<\/ul>\n<ol start=\"5\">\n<li>EXPERIMENTS A CASA:<\/li>\n<\/ol>\n<p>Una cosa que a tots i totes ens encanta \u00e9s manipular, crear, experimentar i veure efectes sorprenents\u2026 Aqu\u00ed van algunes propostes, els procediments i materials els trobareu acontinuaci\u00f3:<\/p>\n<ul>\n<li style=\"list-style-type: none\">\n<ul>\n<li><u>Crear neu artificial<\/u><\/li>\n<\/ul>\n<\/li>\n<\/ul>\n<ul>\n<li style=\"list-style-type: none\">\n<ul>\n<li style=\"list-style-type: none\">\n<ul>\n<li><strong><u>Material<\/u><\/strong>\n<ul>\n<li>3 tasses de bicarbonat s\u00f2dic<\/li>\n<li>1 tassa d\u2019aigua freda<\/li>\n<li>opcional: purpurina blanca o blava li donar\u00e0 un toc especial<\/li>\n<\/ul>\n<\/li>\n<\/ul>\n<\/li>\n<\/ul>\n<\/li>\n<\/ul>\n<ul>\n<li style=\"list-style-type: none\">\n<ul>\n<li style=\"list-style-type: none\">\n<ul>\n<li style=\"list-style-type: none\"><\/li>\n<\/ul>\n<\/li>\n<\/ul>\n<\/li>\n<\/ul>\n<ul>\n<li style=\"list-style-type: none\">\n<ul>\n<li style=\"list-style-type: none\">\n<ul>\n<li><strong><u>Experiment pas a pas:<\/u><\/strong>\n<ul>\n<li>Barrejar tots els materials<\/li>\n<li>Podeu aprofitar per recrear un mini m\u00f3n, afegiu animals, coves,&#8230;<\/li>\n<\/ul>\n<\/li>\n<\/ul>\n<\/li>\n<\/ul>\n<\/li>\n<\/ul>\n<ul>\n<li style=\"list-style-type: none\">\n<ul>\n<li style=\"list-style-type: none\">\n<ul>\n<li style=\"list-style-type: none\"><\/li>\n<\/ul>\n<\/li>\n<\/ul>\n<\/li>\n<\/ul>\n<p><a href=\"https:\/\/agora.xtec.cat\/ceiplajota\/wp-content\/uploads\/usu1571\/2020\/04\/1.jpg\"><img loading=\"lazy\" decoding=\"async\" class=\"alignnone size-full wp-image-1177\" src=\"https:\/\/agora.xtec.cat\/ceiplajota\/wp-content\/uploads\/usu1571\/2020\/04\/1.jpg\" alt=\"\" width=\"120\" height=\"104\" \/><\/a> <a href=\"https:\/\/agora.xtec.cat\/ceiplajota\/wp-content\/uploads\/usu1571\/2020\/04\/2.jpg\"><img loading=\"lazy\" decoding=\"async\" class=\"alignnone size-full wp-image-1174\" src=\"https:\/\/agora.xtec.cat\/ceiplajota\/wp-content\/uploads\/usu1571\/2020\/04\/2.jpg\" alt=\"\" width=\"133\" height=\"104\" \/><\/a><\/p>\n<ul>\n<li style=\"list-style-type: none\">\n<ul>\n<li><u>Jugar amb els colors, fer barreges i veure com es traspassen d&#8217;un got a un altre<\/u>\u00a0(capil\u00b7laritat)<\/li>\n<\/ul>\n<\/li>\n<\/ul>\n<ul>\n<li style=\"list-style-type: none\">\n<ul>\n<li style=\"list-style-type: none\">\n<ul>\n<li><strong><u>Material<\/u><\/strong>\n<ul>\n<li>5 gots de vidre transparent<\/li>\n<li>Paper de cuina<\/li>\n<li>Colorant alimentari o tempera dilu\u00efda: blau, groc i vermell.<\/li>\n<\/ul>\n<\/li>\n<\/ul>\n<\/li>\n<\/ul>\n<\/li>\n<\/ul>\n<ul>\n<li style=\"list-style-type: none\">\n<ul>\n<li style=\"list-style-type: none\">\n<ul>\n<li><strong><u>Experiment pas a pas:<\/u><\/strong>\n<ul>\n<li>Omplir 1 got amb aigua i afegir colorant blau<\/li>\n<li>Omplir 1 got amb aigua i afegir colorant groc<\/li>\n<li>Omplir 1 got amb aigua i afegir colorant vermell<\/li>\n<li>Situar tots els gots fent un cercle de tal manera que quedi en el seg\u00fcent ordre: blau, buit, groc, buit i vermell.<\/li>\n<li>Doblegar un trosset de paper de cuina i ficar una de les puntes a un got diferent.<\/li>\n<\/ul>\n<\/li>\n<\/ul>\n<\/li>\n<\/ul>\n<\/li>\n<\/ul>\n<p><a href=\"https:\/\/agora.xtec.cat\/ceiplajota\/wp-content\/uploads\/usu1571\/2020\/04\/3.jpg\"><img loading=\"lazy\" decoding=\"async\" class=\"size-full wp-image-1183 alignleft\" src=\"https:\/\/agora.xtec.cat\/ceiplajota\/wp-content\/uploads\/usu1571\/2020\/04\/3.jpg\" alt=\"\" width=\"150\" height=\"107\" \/><\/a> <a href=\"https:\/\/agora.xtec.cat\/ceiplajota\/wp-content\/uploads\/usu1571\/2020\/04\/4.jpg\"><img loading=\"lazy\" decoding=\"async\" class=\"size-full wp-image-1184 alignleft\" src=\"https:\/\/agora.xtec.cat\/ceiplajota\/wp-content\/uploads\/usu1571\/2020\/04\/4.jpg\" alt=\"\" width=\"143\" height=\"106\" \/><\/a><\/p>\n<p>&nbsp;<\/p>\n<p>&nbsp;<\/p>\n<p>&nbsp;<\/p>\n<p><strong><u>PROPOSTES PER NIVELL<\/u><\/strong><strong>:<\/strong><\/p>\n<p><strong>ACTIVITATS PER P3<\/strong><\/p>\n<ul>\n<li>Jugueu a algun joc de taula amb els pares i mares o germans, com poden ser: el domino d\u2019imatges, nombres o el convencional, a la oca o al parx\u00eds.<\/li>\n<li>Juguem amb el nostre nom: fem xurros amb plastilina i reprodu\u00efm el nostre nom.<\/li>\n<li>Recordem les vocals: <a style=\"font-family: inherit;font-size: 1em\" href=\"https:\/\/www.youtube.com\/watch?v=whuKasZzqDU\">D\u00e0maris Gelabert &#8211; LES VOCALS (Videoclip Oficial)<\/a><\/li>\n<\/ul>\n<p><a href=\"https:\/\/www.youtube.com\/watch?v=whuKasZzqDU&amp;vl=ca\">https:\/\/www.youtube.com\/watch?v=whuKasZzqDU&amp;vl=ca<\/a><\/p>\n<p>Gaudeix cantant la can\u00e7\u00f3. Per\u00f2&#8230;sabries identificar tamb\u00e9\u00a0 les vocals que sonen en\u00a0 el teu nom?<\/p>\n<p><strong>\u00a0<\/strong><strong>ACTIVITATS PER P4<\/strong><\/p>\n<ul>\n<li>Jugar al veo veo per tal d&#8217;esbrinar paraules i prendre consci\u00e8ncia fon\u00e8tica de les lletres.<\/li>\n<li>Busquem una recepta de cuina per poder fer i escrivim la llista dels ingredients.<\/li>\n<li>Fem el nostre nom i cognom amb plastilina, aix\u00ed com altres paraules que ens dictin el pare o la mare.<strong style=\"font-family: inherit;font-size: 1em\">\u00a0<\/strong><\/li>\n<\/ul>\n<p><strong>ACTIVITATS PER P5<\/strong><\/p>\n<ul>\n<li><strong><u>ESBRINA QUIN CONTE \u00c9S! <\/u><\/strong><\/li>\n<\/ul>\n<p>Es tracta d\u2019un joc de m\u00edmica per fer infants i fam\u00edlia.<\/p>\n<p>*Primer penseu amb els nens i nenes 5 t\u00edtols de contes que coneguin.<\/p>\n<p>*Poc a poc els hauran d\u2019escriure en papers separats. Els podeu ajudar o fer algun petit dibuixet al costat que ajudi a identificar-los.<\/p>\n<p>*I ara a jugar! Els nens i nenes agafaran uns dels t\u00edtols sense que els dem\u00e9s mirin, els llegiran i hauran de representar-lo mitjan\u00e7ant la m\u00edmica. I\u2026 a endevinar, fam\u00edlies!<\/p>\n<ul>\n<li><strong><u>PUZZLE DE PARAULES: <\/u><\/strong><\/li>\n<\/ul>\n<p>*Els infants hauran de confegir un seguit de paraules en papers separats, preferiblement de dues s\u00edl\u00b7labes (TAULA, POMA, CASA, ROSA\u2026). Al principi de cada paraula poden fer un petit dibuix senzill del que escriuen.<\/p>\n<p>*Un cop estan escrites de manera ben visible els adults feu una ratlla entre la primera i la segona s\u00edl\u00b7laba. Les nenes i els nens hauran de retallar per all\u00e0, dividint les paraules en dos parts.<\/p>\n<p>*Busqueu una capseta on posar-les i a jugar! Repartiu els papers damunt la taula i a muntar paraules!<\/p>\n<p><a href=\"https:\/\/agora.xtec.cat\/ceiplajota\/wp-content\/uploads\/usu1571\/2020\/04\/1-6.jpg\"><img loading=\"lazy\" decoding=\"async\" class=\"alignnone size-full wp-image-1277\" src=\"https:\/\/agora.xtec.cat\/ceiplajota\/wp-content\/uploads\/usu1571\/2020\/04\/1-6.jpg\" alt=\"\" width=\"89\" height=\"67\" \/><\/a> <a href=\"https:\/\/agora.xtec.cat\/ceiplajota\/wp-content\/uploads\/usu1571\/2020\/04\/2-5.jpg\"><img loading=\"lazy\" decoding=\"async\" class=\"alignnone size-full wp-image-1278\" src=\"https:\/\/agora.xtec.cat\/ceiplajota\/wp-content\/uploads\/usu1571\/2020\/04\/2-5.jpg\" alt=\"\" width=\"90\" height=\"68\" \/><\/a> <a href=\"https:\/\/agora.xtec.cat\/ceiplajota\/wp-content\/uploads\/usu1571\/2020\/04\/3-3.jpg\"><img loading=\"lazy\" decoding=\"async\" class=\"alignnone size-full wp-image-1279\" src=\"https:\/\/agora.xtec.cat\/ceiplajota\/wp-content\/uploads\/usu1571\/2020\/04\/3-3.jpg\" alt=\"\" width=\"101\" height=\"68\" \/><\/a> <a href=\"https:\/\/agora.xtec.cat\/ceiplajota\/wp-content\/uploads\/usu1571\/2020\/04\/4-1.jpg\"><img loading=\"lazy\" decoding=\"async\" class=\"alignnone size-full wp-image-1280\" src=\"https:\/\/agora.xtec.cat\/ceiplajota\/wp-content\/uploads\/usu1571\/2020\/04\/4-1.jpg\" alt=\"\" width=\"90\" height=\"68\" \/><\/a><\/p>\n<ul>\n<li><strong><u>GIMCANA DE MATES<\/u><\/strong><\/li>\n<\/ul>\n<p>Fer c\u00e0lcul a trav\u00e9s d\u2019objectes de la casa ( que el resultat no sobrepassi de 10), per exemple:<\/p>\n<p>*Porta\u2019m una sabatilla de l\u2019habitaci\u00f3 dels papes i dues de la teva habitaci\u00f3. Quantes tens ara?<\/p>\n<p>*Porta\u2019m dues culleres petites i dues grans. Quantes tens ara?<\/p>\n<p>Aquesta activitat la podem complicar fent-la sense objectes, com a c\u00e0lcul mental o b\u00e9 ampliar-la representant una de les proves sobre paper, posant el n\u00famero, etc.<\/p>\n<table style=\"background-color: #97e6d1;width: 940px\">\n<tbody>\n<tr>\n<td style=\"width: 934px\">\n<p style=\"text-align: center\">? I recordeu\u2026<\/p>\n<p>&#8211; Teniu les activitats i propostes de l\u2019Editorial Teide per anar fent: <a href=\"https:\/\/web.editorialteide.com\/ca\/ens-quedem-a-casa\">https:\/\/web.editorialteide.com\/ca\/ens-quedem-a-casa<\/a><\/p>\n<p>&#8211; Podeu anar enviant als tutors de cada classe fotografies del que van fent els vostres fills\/es.<\/p>\n<p>&#8211; Podeu descarregar aquest document: <a href=\"https:\/\/agora.xtec.cat\/ceiplajota\/wp-content\/uploads\/usu1571\/2020\/04\/3-ABRIL.pdf\">Descarrega !<\/a><\/td>\n<\/tr>\n<\/tbody>\n<\/table>\n","protected":false},"excerpt":{"rendered":"<p>Hola fam\u00edlies, com esteu? Esperem que aquests dies no s\u2019estiguin fent molt feixucs. Trobem molt a faltar a tots els nens i nenes, els tenim sempre al cap\u2026 Tot i que segurament tindreu per fer moltes de les propostes que vam enviar, us adjuntem de noves perqu\u00e8 pugueu anar fent amb ells i elles al llarg de la Setmana Santa. Com veureu, hi ha propostes pels tres nivells per\u00f2 no s\u00f3n exclusives, feu com a vosaltres i a ells us vingui m\u00e9s de gust i segons els interessos de cada moment.&hellip;  <a href=\"https:\/\/agora.xtec.cat\/ceiplajota\/infantil\/activitats-proposades-del-3-dabril-al-13-dabril\/\" title=\"Read #JOEMQUEDOACASA  EDUCACI\u00d3 INFANTIL  SETMANA 1 Activitats proposades del 3 al 13 d\u2019abril\">Llegeix m\u00e9s\u00bb<\/a><\/p>\n","protected":false},"author":34,"featured_media":1738,"comment_status":"open","ping_status":"closed","sticky":false,"template":"","format":"standard","meta":{"_bbp_topic_count":0,"_bbp_reply_count":0,"_bbp_total_topic_count":0,"_bbp_total_reply_count":0,"_bbp_voice_count":0,"_bbp_anonymous_reply_count":0,"_bbp_topic_count_hidden":0,"_bbp_reply_count_hidden":0,"_bbp_forum_subforum_count":0,"footnotes":""},"categories":[2,3,8,9],"tags":[64],"class_list":["post-1164","post","type-post","status-publish","format-standard","has-post-thumbnail","hentry","category-infantil","category-p3","category-p4","category-p5","tag-joemquedoacasa"],"post_mailing_queue_ids":[],"_links":{"self":[{"href":"https:\/\/agora.xtec.cat\/ceiplajota\/wp-json\/wp\/v2\/posts\/1164","targetHints":{"allow":["GET"]}}],"collection":[{"href":"https:\/\/agora.xtec.cat\/ceiplajota\/wp-json\/wp\/v2\/posts"}],"about":[{"href":"https:\/\/agora.xtec.cat\/ceiplajota\/wp-json\/wp\/v2\/types\/post"}],"author":[{"embeddable":true,"href":"https:\/\/agora.xtec.cat\/ceiplajota\/wp-json\/wp\/v2\/users\/34"}],"replies":[{"embeddable":true,"href":"https:\/\/agora.xtec.cat\/ceiplajota\/wp-json\/wp\/v2\/comments?post=1164"}],"version-history":[{"count":2,"href":"https:\/\/agora.xtec.cat\/ceiplajota\/wp-json\/wp\/v2\/posts\/1164\/revisions"}],"predecessor-version":[{"id":1709,"href":"https:\/\/agora.xtec.cat\/ceiplajota\/wp-json\/wp\/v2\/posts\/1164\/revisions\/1709"}],"wp:featuredmedia":[{"embeddable":true,"href":"https:\/\/agora.xtec.cat\/ceiplajota\/wp-json\/wp\/v2\/media\/1738"}],"wp:attachment":[{"href":"https:\/\/agora.xtec.cat\/ceiplajota\/wp-json\/wp\/v2\/media?parent=1164"}],"wp:term":[{"taxonomy":"category","embeddable":true,"href":"https:\/\/agora.xtec.cat\/ceiplajota\/wp-json\/wp\/v2\/categories?post=1164"},{"taxonomy":"post_tag","embeddable":true,"href":"https:\/\/agora.xtec.cat\/ceiplajota\/wp-json\/wp\/v2\/tags?post=1164"}],"curies":[{"name":"wp","href":"https:\/\/api.w.org\/{rel}","templated":true}]}}