{"id":115,"date":"2020-02-18T11:51:44","date_gmt":"2020-02-18T10:51:44","guid":{"rendered":"http:\/\/agora.xtec.cat\/ceiplajota\/?p=115"},"modified":"2020-02-19T16:09:54","modified_gmt":"2020-02-19T15:09:54","slug":"carnaval","status":"publish","type":"post","link":"https:\/\/agora.xtec.cat\/ceiplajota\/portada\/carnaval\/","title":{"rendered":"CARNAVAL 2020"},"content":{"rendered":"<p>Et deixem l&#8217;enlla\u00e7 del <a href=\"https:\/\/agora.xtec.cat\/ceiplajota\/wp-content\/uploads\/usu1571\/2014\/09\/Programa-Carnaval-2020.pdf\" target=\"_blank\" rel=\"noopener noreferrer\">Programa de Carnaval 2020<\/a><\/p>\n<ul style=\"list-style-type: square;\">\n<li>El proper <strong>dijous 20 de febrer<\/strong>, a la tarda, celebrarem el <strong>Dijous Gras. <\/strong>Les i els alumnes podran venir disfressats al seu gust. Hi haur\u00e0 desfilada de disfresses i xocolatada. La xocolata que es donar\u00e0 a l\u2019escola estar\u00e0 adaptada a les diferents necessitats. No es podr\u00e0 consumir cap altra cosa portada de casa. Les fam\u00edlies estan convidades a la desfilada dels alumnes i a la xocolatada.<\/li>\n<li>El <strong>divendres 21 de febrer<\/strong> al mat\u00ed, a partir de les 10h., hi haur\u00e0 la <strong>Rua de Carnaval<\/strong> amb la resta dels centres educatius de Badia del Vall\u00e8s, Desfilarem amb les disfresses fetes a l\u2019escola. A les 11:15h, a les classes i als patis de l\u2019escola, tindrem diferents activitats l\u00fadiques de Carnaval per als alumnes. Les classes acabaran a les 13h i el menjador a les 15h.<\/li>\n<li>El <strong>dilluns dia 24 de febrer<\/strong> \u00e9s <strong>FESTIU<\/strong> a tots els centres educatius de la poblaci\u00f3.<\/li>\n<\/ul>\n<p>&nbsp;<\/p>\n","protected":false},"excerpt":{"rendered":"<p>Et deixem l&#8217;enlla\u00e7 del <a href=\"https:\/\/agora.xtec.cat\/ceiplajota\/wp-content\/uploads\/usu1571\/2014\/09\/Programa-Carnaval-2020.pdf\" target=\"_blank\" rel=\"noopener noreferrer\">Programa de Carnaval 2020<\/a><\/p>\n<ul style=\"list-style-type: square;\">\n<li>El proper dijous 20 de febrer, a la tarda, celebrarem el Dijous Gras. Les i els alumnes podran venir disfressats al seu gust. Hi haur\u00e0 desfilada de disfresses i xocolatada. La xocolata&hellip;  <a href=\"https:\/\/agora.xtec.cat\/ceiplajota\/portada\/carnaval\/\" title=\"Read CARNAVAL 2020\">Llegeix m\u00e9s\u00bb<\/a><br \/>\n","protected":false},"author":1,"featured_media":547,"comment_status":"open","ping_status":"closed","sticky":false,"template":"","format":"standard","meta":{"_bbp_topic_count":0,"_bbp_reply_count":0,"_bbp_total_topic_count":0,"_bbp_total_reply_count":0,"_bbp_voice_count":0,"_bbp_anonymous_reply_count":0,"_bbp_topic_count_hidden":0,"_bbp_reply_count_hidden":0,"_bbp_forum_subforum_count":0,"footnotes":""},"categories":[61,4],"tags":[62,16],"class_list":["post-115","post","type-post","status-publish","format-standard","has-post-thumbnail","hentry","category-carnaval","category-portada","tag-carnaval","tag-sortides"],"post_mailing_queue_ids":[],"_links":{"self":[{"href":"https:\/\/agora.xtec.cat\/ceiplajota\/wp-json\/wp\/v2\/posts\/115","targetHints":{"allow":["GET"]}}],"collection":[{"href":"https:\/\/agora.xtec.cat\/ceiplajota\/wp-json\/wp\/v2\/posts"}],"about":[{"href":"https:\/\/agora.xtec.cat\/ceiplajota\/wp-json\/wp\/v2\/types\/post"}],"author":[{"embeddable":true,"href":"https:\/\/agora.xtec.cat\/ceiplajota\/wp-json\/wp\/v2\/users\/1"}],"replies":[{"embeddable":true,"href":"https:\/\/agora.xtec.cat\/ceiplajota\/wp-json\/wp\/v2\/comments?post=115"}],"version-history":[{"count":4,"href":"https:\/\/agora.xtec.cat\/ceiplajota\/wp-json\/wp\/v2\/posts\/115\/revisions"}],"predecessor-version":[{"id":627,"href":"https:\/\/agora.xtec.cat\/ceiplajota\/wp-json\/wp\/v2\/posts\/115\/revisions\/627"}],"wp:featuredmedia":[{"embeddable":true,"href":"https:\/\/agora.xtec.cat\/ceiplajota\/wp-json\/wp\/v2\/media\/547"}],"wp:attachment":[{"href":"https:\/\/agora.xtec.cat\/ceiplajota\/wp-json\/wp\/v2\/media?parent=115"}],"wp:term":[{"taxonomy":"category","embeddable":true,"href":"https:\/\/agora.xtec.cat\/ceiplajota\/wp-json\/wp\/v2\/categories?post=115"},{"taxonomy":"post_tag","embeddable":true,"href":"https:\/\/agora.xtec.cat\/ceiplajota\/wp-json\/wp\/v2\/tags?post=115"}],"curies":[{"name":"wp","href":"https:\/\/api.w.org\/{rel}","templated":true}]}}