{"id":6707,"date":"2026-04-29T09:20:50","date_gmt":"2026-04-29T07:20:50","guid":{"rendered":"https:\/\/agora.xtec.cat\/ceiplacreutorrefarrera\/?p=6707"},"modified":"2026-04-29T09:23:31","modified_gmt":"2026-04-29T07:23:31","slug":"sortida-al-zoo-de-barcelona-5e-estudi-de-la-biodiversitat-amb-el-taller-cuidals","status":"publish","type":"post","link":"https:\/\/agora.xtec.cat\/ceiplacreutorrefarrera\/general\/sortida-al-zoo-de-barcelona-5e-estudi-de-la-biodiversitat-amb-el-taller-cuidals\/","title":{"rendered":"SORTIDA AL ZOO DE BARCELONA (5\u00e8): ESTUDI DE LA BIODIVERSITAT AMB EL TALLER CUIDA&#8217;LS."},"content":{"rendered":"\n<p>Ahir, els alumnes de cinqu\u00e8 de prim\u00e0ria de la nostra escola van gaudir d\u2019una sortida molt especial al Zoo de Barcelona. Va ser una jornada molt agradable, amb bon temps, que ens va permetre aprofitar al m\u00e0xim totes les activitats programades i gaudir de l\u2019entorn.<\/p>\n\n\n\n<p>Durant la visita, els alumnes van participar en diverses propostes educatives pensades per apropar-los al m\u00f3n animal i, sobretot, per fer-los reflexionar sobre la import\u00e0ncia de cuidar el nostre planeta. A trav\u00e9s de l\u2019espai \u201cCuida\u2019ls\u201d, van descobrir qu\u00e8 \u00e9s la biodiversitat i per qu\u00e8 \u00e9s tan essencial per a la vida a la Terra. Tamb\u00e9 van poder identificar algunes de les principals amenaces que posen en perill aquesta biodiversitat, com ara el tr\u00e0fic il\u00b7legal d\u2019esp\u00e8cies i el canvi clim\u00e0tic.<\/p>\n\n\n\n<p>A m\u00e9s, mitjan\u00e7ant activitats guiades per un educador del zoo, els alumnes van investigar la situaci\u00f3 global d\u2019algunes esp\u00e8cies animals i van con\u00e8ixer de primera m\u00e0 la tasca de conservaci\u00f3 que es duu a terme des del zoo. Van descobrir diferents projectes en marxa destinats a protegir esp\u00e8cies en perill i a preservar els seus h\u00e0bitats naturals.<\/p>\n\n\n\n<p>Un dels objectius principals de la sortida era fomentar una mirada cr\u00edtica envers l\u2019impacte de l\u2019acci\u00f3 humana en el medi ambient. En aquest sentit, els alumnes van reflexionar sobre com les nostres accions poden contribuir a la desaparici\u00f3 d\u2019esp\u00e8cies, per\u00f2 tamb\u00e9 sobre com, amb petits gestos, podem ajudar a protegir-les. Aquesta presa de consci\u00e8ncia \u00e9s clau per formar ciutadans responsables i compromesos amb la preservaci\u00f3 del planeta.<\/p>\n\n\n\n<p>En definitiva, va ser una experi\u00e8ncia molt enriquidora. Els alumnes van aprendre, van compartir i van gaudir d\u2019un dia diferent fora de l\u2019aula. Cliqueu sobre la imatge per a veure les fotos.<\/p>\n\n\n\n<figure class=\"wp-block-image size-full\"><a href=\"https:\/\/drive.google.com\/drive\/folders\/1qQlIzQrI142sL6jJ-d9pjW5tY4Kl2xzG?usp=drive_link\" target=\"_blank\" rel=\" noreferrer noopener\"><img loading=\"lazy\" decoding=\"async\" width=\"277\" height=\"182\" src=\"https:\/\/agora.xtec.cat\/ceiplacreutorrefarrera\/wp-content\/uploads\/usu389\/2026\/04\/zoo.jpg\" alt=\"\" class=\"wp-image-6709\" \/><\/a><\/figure>\n","protected":false},"excerpt":{"rendered":"<p>Ahir, els alumnes de cinqu\u00e8 de prim\u00e0ria de la nostra escola van gaudir d\u2019una sortida molt especial al Zoo de Barcelona. Va ser una jornada molt agradable, amb bon temps, que ens va permetre aprofitar al m\u00e0xim totes les activitats programades i gaudir de l\u2019entorn. Durant la visita, els alumnes van participar en diverses propostes [&hellip;]<\/p>\n","protected":false},"author":10,"featured_media":6712,"comment_status":"open","ping_status":"open","sticky":false,"template":"","format":"standard","meta":{"_bbp_topic_count":0,"_bbp_reply_count":0,"_bbp_total_topic_count":0,"_bbp_total_reply_count":0,"_bbp_voice_count":0,"_bbp_anonymous_reply_count":0,"_bbp_topic_count_hidden":0,"_bbp_reply_count_hidden":0,"_bbp_forum_subforum_count":0,"site-sidebar-layout":"default","site-content-layout":"","ast-site-content-layout":"default","site-content-style":"default","site-sidebar-style":"default","ast-global-header-display":"","ast-banner-title-visibility":"","ast-main-header-display":"","ast-hfb-above-header-display":"","ast-hfb-below-header-display":"","ast-hfb-mobile-header-display":"","site-post-title":"","ast-breadcrumbs-content":"","ast-featured-img":"","footer-sml-layout":"","theme-transparent-header-meta":"","adv-header-id-meta":"","stick-header-meta":"","header-above-stick-meta":"","header-main-stick-meta":"","header-below-stick-meta":"","astra-migrate-meta-layouts":"set","ast-page-background-enabled":"default","ast-page-background-meta":{"desktop":{"background-color":"var(--ast-global-color-4)","background-image":"","background-repeat":"repeat","background-position":"center center","background-size":"auto","background-attachment":"scroll","background-type":"","background-media":"","overlay-type":"","overlay-color":"","overlay-opacity":"","overlay-gradient":""},"tablet":{"background-color":"","background-image":"","background-repeat":"repeat","background-position":"center center","background-size":"auto","background-attachment":"scroll","background-type":"","background-media":"","overlay-type":"","overlay-color":"","overlay-opacity":"","overlay-gradient":""},"mobile":{"background-color":"","background-image":"","background-repeat":"repeat","background-position":"center center","background-size":"auto","background-attachment":"scroll","background-type":"","background-media":"","overlay-type":"","overlay-color":"","overlay-opacity":"","overlay-gradient":""}},"ast-content-background-meta":{"desktop":{"background-color":"var(--ast-global-color-5)","background-image":"","background-repeat":"repeat","background-position":"center center","background-size":"auto","background-attachment":"scroll","background-type":"","background-media":"","overlay-type":"","overlay-color":"","overlay-opacity":"","overlay-gradient":""},"tablet":{"background-color":"var(--ast-global-color-5)","background-image":"","background-repeat":"repeat","background-position":"center center","background-size":"auto","background-attachment":"scroll","background-type":"","background-media":"","overlay-type":"","overlay-color":"","overlay-opacity":"","overlay-gradient":""},"mobile":{"background-color":"var(--ast-global-color-5)","background-image":"","background-repeat":"repeat","background-position":"center center","background-size":"auto","background-attachment":"scroll","background-type":"","background-media":"","overlay-type":"","overlay-color":"","overlay-opacity":"","overlay-gradient":""}},"footnotes":""},"categories":[14,40,82,1,4,5],"tags":[58,196,330],"class_list":["post-6707","post","type-post","status-publish","format-standard","has-post-thumbnail","hentry","category-5e","category-activitats-de-centre","category-comunicats-families","category-general","category-portada","category-primaria","tag-5e","tag-sortida","tag-zoo"],"post_mailing_queue_ids":[],"_links":{"self":[{"href":"https:\/\/agora.xtec.cat\/ceiplacreutorrefarrera\/wp-json\/wp\/v2\/posts\/6707","targetHints":{"allow":["GET"]}}],"collection":[{"href":"https:\/\/agora.xtec.cat\/ceiplacreutorrefarrera\/wp-json\/wp\/v2\/posts"}],"about":[{"href":"https:\/\/agora.xtec.cat\/ceiplacreutorrefarrera\/wp-json\/wp\/v2\/types\/post"}],"author":[{"embeddable":true,"href":"https:\/\/agora.xtec.cat\/ceiplacreutorrefarrera\/wp-json\/wp\/v2\/users\/10"}],"replies":[{"embeddable":true,"href":"https:\/\/agora.xtec.cat\/ceiplacreutorrefarrera\/wp-json\/wp\/v2\/comments?post=6707"}],"version-history":[{"count":3,"href":"https:\/\/agora.xtec.cat\/ceiplacreutorrefarrera\/wp-json\/wp\/v2\/posts\/6707\/revisions"}],"predecessor-version":[{"id":6713,"href":"https:\/\/agora.xtec.cat\/ceiplacreutorrefarrera\/wp-json\/wp\/v2\/posts\/6707\/revisions\/6713"}],"wp:featuredmedia":[{"embeddable":true,"href":"https:\/\/agora.xtec.cat\/ceiplacreutorrefarrera\/wp-json\/wp\/v2\/media\/6712"}],"wp:attachment":[{"href":"https:\/\/agora.xtec.cat\/ceiplacreutorrefarrera\/wp-json\/wp\/v2\/media?parent=6707"}],"wp:term":[{"taxonomy":"category","embeddable":true,"href":"https:\/\/agora.xtec.cat\/ceiplacreutorrefarrera\/wp-json\/wp\/v2\/categories?post=6707"},{"taxonomy":"post_tag","embeddable":true,"href":"https:\/\/agora.xtec.cat\/ceiplacreutorrefarrera\/wp-json\/wp\/v2\/tags?post=6707"}],"curies":[{"name":"wp","href":"https:\/\/api.w.org\/{rel}","templated":true}]}}