{"id":6347,"date":"2025-10-10T10:49:07","date_gmt":"2025-10-10T08:49:07","guid":{"rendered":"https:\/\/agora.xtec.cat\/ceiplacreutorrefarrera\/?p=6347"},"modified":"2025-10-10T10:49:08","modified_gmt":"2025-10-10T08:49:08","slug":"article-escoltam_2-menys-pantalles-mes-vida","status":"publish","type":"post","link":"https:\/\/agora.xtec.cat\/ceiplacreutorrefarrera\/general\/article-escoltam_2-menys-pantalles-mes-vida\/","title":{"rendered":"ARTICLE ESCOLTA&#8217;M_2: MENYS PANTALLES, M\u00c9S VIDA"},"content":{"rendered":"\n<p>En ple debat de la comunitat educativa sobre la regulaci\u00f3 dels m\u00f2bils als centres educatius, escoles i a les llars,\u00a0<strong>el Consell de l\u2019Audiovisual de Catalunya, en col\u00b7laboraci\u00f3 amb el Departament d\u2019Ensenyament de la Generalitat de Catalunya, presenta\u00a0<strong>eduCAC<\/strong><\/strong>, un programa d&#8217;educaci\u00f3 en comunicaci\u00f3 que neix amb l\u2019objectiu prioritari de promoure l\u2019educaci\u00f3 medi\u00e0tica en \u00e0mbits educatius formals i informals. En aquest sentit, s&#8217;ha publicat una guia que us enllacem en aquest article de l&#8217;Escolta&#8217;m fam\u00edlies de l&#8217;escola. Esperem que la trobeu profitosa i interessant. Trobareu l&#8217;article i la guia enlla\u00e7ats en aquestes imatges.<\/p>\n\n\n\n<p><\/p>\n\n\n\n\n\n<figure class=\"wp-block-image size-full\"><a href=\"https:\/\/drive.google.com\/file\/d\/1Bp-F5RdtbtQVWQ6wsMXtqWtI-4YdpaQO\/view?usp=sharing\" target=\"_blank\" rel=\" noreferrer noopener\"><img loading=\"lazy\" decoding=\"async\" width=\"255\" height=\"198\" src=\"https:\/\/agora.xtec.cat\/ceiplacreutorrefarrera\/wp-content\/uploads\/usu389\/2025\/10\/menys-pantalles.png\" alt=\"\" class=\"wp-image-6350\" \/><\/a><\/figure>\n\n\n\n<figure class=\"wp-block-image size-full\"><a href=\"https:\/\/drive.google.com\/file\/d\/1aId2tara1uxfF5e7mD6f6BjJkwl5nDJb\/view?usp=sharing\" target=\"_blank\" rel=\" noreferrer noopener\"><img loading=\"lazy\" decoding=\"async\" width=\"189\" height=\"267\" src=\"https:\/\/agora.xtec.cat\/ceiplacreutorrefarrera\/wp-content\/uploads\/usu389\/2025\/10\/baixa-1.jpg\" alt=\"\" class=\"wp-image-6358\" \/><\/a><\/figure>\n","protected":false},"excerpt":{"rendered":"<p>En ple debat de la comunitat educativa sobre la regulaci\u00f3 dels m\u00f2bils als centres educatius, escoles i a les llars,\u00a0el Consell de l\u2019Audiovisual de Catalunya, en col\u00b7laboraci\u00f3 amb el Departament d\u2019Ensenyament de la Generalitat de Catalunya, presenta\u00a0eduCAC, un programa d&#8217;educaci\u00f3 en comunicaci\u00f3 que neix amb l\u2019objectiu prioritari de promoure l\u2019educaci\u00f3 medi\u00e0tica en \u00e0mbits educatius formals [&hellip;]<\/p>\n","protected":false},"author":10,"featured_media":6350,"comment_status":"open","ping_status":"open","sticky":false,"template":"","format":"standard","meta":{"_bbp_topic_count":0,"_bbp_reply_count":0,"_bbp_total_topic_count":0,"_bbp_total_reply_count":0,"_bbp_voice_count":0,"_bbp_anonymous_reply_count":0,"_bbp_topic_count_hidden":0,"_bbp_reply_count_hidden":0,"_bbp_forum_subforum_count":0,"site-sidebar-layout":"default","site-content-layout":"","ast-site-content-layout":"default","site-content-style":"default","site-sidebar-style":"default","ast-global-header-display":"","ast-banner-title-visibility":"","ast-main-header-display":"","ast-hfb-above-header-display":"","ast-hfb-below-header-display":"","ast-hfb-mobile-header-display":"","site-post-title":"","ast-breadcrumbs-content":"","ast-featured-img":"","footer-sml-layout":"","theme-transparent-header-meta":"","adv-header-id-meta":"","stick-header-meta":"","header-above-stick-meta":"","header-main-stick-meta":"","header-below-stick-meta":"","astra-migrate-meta-layouts":"set","ast-page-background-enabled":"default","ast-page-background-meta":{"desktop":{"background-color":"var(--ast-global-color-4)","background-image":"","background-repeat":"repeat","background-position":"center center","background-size":"auto","background-attachment":"scroll","background-type":"","background-media":"","overlay-type":"","overlay-color":"","overlay-opacity":"","overlay-gradient":""},"tablet":{"background-color":"","background-image":"","background-repeat":"repeat","background-position":"center center","background-size":"auto","background-attachment":"scroll","background-type":"","background-media":"","overlay-type":"","overlay-color":"","overlay-opacity":"","overlay-gradient":""},"mobile":{"background-color":"","background-image":"","background-repeat":"repeat","background-position":"center center","background-size":"auto","background-attachment":"scroll","background-type":"","background-media":"","overlay-type":"","overlay-color":"","overlay-opacity":"","overlay-gradient":""}},"ast-content-background-meta":{"desktop":{"background-color":"var(--ast-global-color-5)","background-image":"","background-repeat":"repeat","background-position":"center center","background-size":"auto","background-attachment":"scroll","background-type":"","background-media":"","overlay-type":"","overlay-color":"","overlay-opacity":"","overlay-gradient":""},"tablet":{"background-color":"var(--ast-global-color-5)","background-image":"","background-repeat":"repeat","background-position":"center center","background-size":"auto","background-attachment":"scroll","background-type":"","background-media":"","overlay-type":"","overlay-color":"","overlay-opacity":"","overlay-gradient":""},"mobile":{"background-color":"var(--ast-global-color-5)","background-image":"","background-repeat":"repeat","background-position":"center center","background-size":"auto","background-attachment":"scroll","background-type":"","background-media":"","overlay-type":"","overlay-color":"","overlay-opacity":"","overlay-gradient":""}},"footnotes":""},"categories":[40,82,1,4,149],"tags":[220],"class_list":["post-6347","post","type-post","status-publish","format-standard","has-post-thumbnail","hentry","category-activitats-de-centre","category-comunicats-families","category-general","category-portada","category-escolta","tag-escoltam-articles"],"post_mailing_queue_ids":[],"_links":{"self":[{"href":"https:\/\/agora.xtec.cat\/ceiplacreutorrefarrera\/wp-json\/wp\/v2\/posts\/6347","targetHints":{"allow":["GET"]}}],"collection":[{"href":"https:\/\/agora.xtec.cat\/ceiplacreutorrefarrera\/wp-json\/wp\/v2\/posts"}],"about":[{"href":"https:\/\/agora.xtec.cat\/ceiplacreutorrefarrera\/wp-json\/wp\/v2\/types\/post"}],"author":[{"embeddable":true,"href":"https:\/\/agora.xtec.cat\/ceiplacreutorrefarrera\/wp-json\/wp\/v2\/users\/10"}],"replies":[{"embeddable":true,"href":"https:\/\/agora.xtec.cat\/ceiplacreutorrefarrera\/wp-json\/wp\/v2\/comments?post=6347"}],"version-history":[{"count":6,"href":"https:\/\/agora.xtec.cat\/ceiplacreutorrefarrera\/wp-json\/wp\/v2\/posts\/6347\/revisions"}],"predecessor-version":[{"id":6361,"href":"https:\/\/agora.xtec.cat\/ceiplacreutorrefarrera\/wp-json\/wp\/v2\/posts\/6347\/revisions\/6361"}],"wp:featuredmedia":[{"embeddable":true,"href":"https:\/\/agora.xtec.cat\/ceiplacreutorrefarrera\/wp-json\/wp\/v2\/media\/6350"}],"wp:attachment":[{"href":"https:\/\/agora.xtec.cat\/ceiplacreutorrefarrera\/wp-json\/wp\/v2\/media?parent=6347"}],"wp:term":[{"taxonomy":"category","embeddable":true,"href":"https:\/\/agora.xtec.cat\/ceiplacreutorrefarrera\/wp-json\/wp\/v2\/categories?post=6347"},{"taxonomy":"post_tag","embeddable":true,"href":"https:\/\/agora.xtec.cat\/ceiplacreutorrefarrera\/wp-json\/wp\/v2\/tags?post=6347"}],"curies":[{"name":"wp","href":"https:\/\/api.w.org\/{rel}","templated":true}]}}