{"id":6133,"date":"2025-04-03T16:46:15","date_gmt":"2025-04-03T14:46:15","guid":{"rendered":"https:\/\/agora.xtec.cat\/ceiplacreutorrefarrera\/?p=6133"},"modified":"2025-04-03T16:46:15","modified_gmt":"2025-04-03T14:46:15","slug":"article-escoltam-6-com-explicar-la-mort-als-nens","status":"publish","type":"post","link":"https:\/\/agora.xtec.cat\/ceiplacreutorrefarrera\/general\/article-escoltam-6-com-explicar-la-mort-als-nens\/","title":{"rendered":"ARTICLE ESCOLTA&#8217;M 6: COM EXPLICAR LA MORT ALS NENS?"},"content":{"rendered":"<p><a href=\"https:\/\/agora.xtec.cat\/ceiplacreutorrefarrera\/wp-content\/uploads\/usu389\/2025\/03\/baixa-3.jpg\">\u00a0\u00a0<\/a><a href=\"https:\/\/drive.google.com\/file\/d\/1kem3sCqxa5XN8Trf2kKcpkisANN45VSo\/view?usp=sharing\" target=\"_blank\" rel=\"noopener\"><img loading=\"lazy\" decoding=\"async\" class=\"wp-image-6134 size-full alignleft\" src=\"https:\/\/agora.xtec.cat\/ceiplacreutorrefarrera\/wp-content\/uploads\/usu389\/2025\/03\/baixa-3-e1743421342783.jpg\" alt=\"\" width=\"175\" height=\"208\" \/><\/a><strong>Els nens s&#8217;hauran d&#8217;enfrontar tard o d&#8217;hora al tema de la mort. Per tant, qu\u00e8 podem fer per a que se sentin m\u00e9s preparats quan arribi el moment?<\/strong><\/p>\n<p>Des de fa d\u00e8cades vivim en una societat que ha deixat de contemplar la mort com a part de la vida: els aven\u00e7os m\u00e8dics, el descens de la mortalitat infantil i el progr\u00e9s de la biogen\u00e8tica estan permetent viure m\u00e9s i millor, per\u00f2<strong> tamb\u00e9 ens han portat a desterrar la mort del nostre dia a dia i apartar-la dels nens per tal d&#8217;evitar dolor.<\/strong><\/p>\n<p>No obstant, haur\u00edem de considerar justament el contrari:\u00a0<strong>els nostres fills s&#8217;hauran d&#8217;enfrontar abans o despr\u00e9s a la mort. Per tant, qu\u00e8 millor que ensenyar-los com fer-ho perqu\u00e8 estiguin preparats quan arribi el moment?<\/strong><\/p>\n<p>&nbsp;<\/p>\n","protected":false},"excerpt":{"rendered":"<p>\u00a0\u00a0Els nens s&#8217;hauran d&#8217;enfrontar tard o d&#8217;hora al tema de la mort. Per tant, qu\u00e8 podem fer per a que se sentin m\u00e9s preparats quan arribi el moment? Des de fa d\u00e8cades vivim en una societat que ha deixat de contemplar la mort com a part de la vida: els aven\u00e7os m\u00e8dics, el descens de [&hellip;]<\/p>\n","protected":false},"author":10,"featured_media":6135,"comment_status":"open","ping_status":"closed","sticky":false,"template":"","format":"standard","meta":{"_bbp_topic_count":0,"_bbp_reply_count":0,"_bbp_total_topic_count":0,"_bbp_total_reply_count":0,"_bbp_voice_count":0,"_bbp_anonymous_reply_count":0,"_bbp_topic_count_hidden":0,"_bbp_reply_count_hidden":0,"_bbp_forum_subforum_count":0,"site-sidebar-layout":"default","site-content-layout":"","ast-site-content-layout":"","site-content-style":"default","site-sidebar-style":"default","ast-global-header-display":"","ast-banner-title-visibility":"","ast-main-header-display":"","ast-hfb-above-header-display":"","ast-hfb-below-header-display":"","ast-hfb-mobile-header-display":"","site-post-title":"","ast-breadcrumbs-content":"","ast-featured-img":"","footer-sml-layout":"","theme-transparent-header-meta":"","adv-header-id-meta":"","stick-header-meta":"","header-above-stick-meta":"","header-main-stick-meta":"","header-below-stick-meta":"","astra-migrate-meta-layouts":"default","ast-page-background-enabled":"default","ast-page-background-meta":{"desktop":{"background-color":"var(--ast-global-color-4)","background-image":"","background-repeat":"repeat","background-position":"center center","background-size":"auto","background-attachment":"scroll","background-type":"","background-media":"","overlay-type":"","overlay-color":"","overlay-opacity":"","overlay-gradient":""},"tablet":{"background-color":"","background-image":"","background-repeat":"repeat","background-position":"center center","background-size":"auto","background-attachment":"scroll","background-type":"","background-media":"","overlay-type":"","overlay-color":"","overlay-opacity":"","overlay-gradient":""},"mobile":{"background-color":"","background-image":"","background-repeat":"repeat","background-position":"center center","background-size":"auto","background-attachment":"scroll","background-type":"","background-media":"","overlay-type":"","overlay-color":"","overlay-opacity":"","overlay-gradient":""}},"ast-content-background-meta":{"desktop":{"background-color":"var(--ast-global-color-5)","background-image":"","background-repeat":"repeat","background-position":"center center","background-size":"auto","background-attachment":"scroll","background-type":"","background-media":"","overlay-type":"","overlay-color":"","overlay-opacity":"","overlay-gradient":""},"tablet":{"background-color":"var(--ast-global-color-5)","background-image":"","background-repeat":"repeat","background-position":"center center","background-size":"auto","background-attachment":"scroll","background-type":"","background-media":"","overlay-type":"","overlay-color":"","overlay-opacity":"","overlay-gradient":""},"mobile":{"background-color":"var(--ast-global-color-5)","background-image":"","background-repeat":"repeat","background-position":"center center","background-size":"auto","background-attachment":"scroll","background-type":"","background-media":"","overlay-type":"","overlay-color":"","overlay-opacity":"","overlay-gradient":""}},"footnotes":""},"categories":[40,82,1,4,5,149,44],"tags":[150,220],"class_list":["post-6133","post","type-post","status-publish","format-standard","has-post-thumbnail","hentry","category-activitats-de-centre","category-comunicats-families","category-general","category-portada","category-primaria","category-escolta","category-projectes","tag-escoltam","tag-escoltam-articles"],"post_mailing_queue_ids":[],"_links":{"self":[{"href":"https:\/\/agora.xtec.cat\/ceiplacreutorrefarrera\/wp-json\/wp\/v2\/posts\/6133","targetHints":{"allow":["GET"]}}],"collection":[{"href":"https:\/\/agora.xtec.cat\/ceiplacreutorrefarrera\/wp-json\/wp\/v2\/posts"}],"about":[{"href":"https:\/\/agora.xtec.cat\/ceiplacreutorrefarrera\/wp-json\/wp\/v2\/types\/post"}],"author":[{"embeddable":true,"href":"https:\/\/agora.xtec.cat\/ceiplacreutorrefarrera\/wp-json\/wp\/v2\/users\/10"}],"replies":[{"embeddable":true,"href":"https:\/\/agora.xtec.cat\/ceiplacreutorrefarrera\/wp-json\/wp\/v2\/comments?post=6133"}],"version-history":[{"count":3,"href":"https:\/\/agora.xtec.cat\/ceiplacreutorrefarrera\/wp-json\/wp\/v2\/posts\/6133\/revisions"}],"predecessor-version":[{"id":6138,"href":"https:\/\/agora.xtec.cat\/ceiplacreutorrefarrera\/wp-json\/wp\/v2\/posts\/6133\/revisions\/6138"}],"wp:featuredmedia":[{"embeddable":true,"href":"https:\/\/agora.xtec.cat\/ceiplacreutorrefarrera\/wp-json\/wp\/v2\/media\/6135"}],"wp:attachment":[{"href":"https:\/\/agora.xtec.cat\/ceiplacreutorrefarrera\/wp-json\/wp\/v2\/media?parent=6133"}],"wp:term":[{"taxonomy":"category","embeddable":true,"href":"https:\/\/agora.xtec.cat\/ceiplacreutorrefarrera\/wp-json\/wp\/v2\/categories?post=6133"},{"taxonomy":"post_tag","embeddable":true,"href":"https:\/\/agora.xtec.cat\/ceiplacreutorrefarrera\/wp-json\/wp\/v2\/tags?post=6133"}],"curies":[{"name":"wp","href":"https:\/\/api.w.org\/{rel}","templated":true}]}}