{"id":5840,"date":"2024-09-06T12:49:50","date_gmt":"2024-09-06T10:49:50","guid":{"rendered":"https:\/\/agora.xtec.cat\/ceiplacreutorrefarrera\/?p=5840"},"modified":"2024-09-06T12:51:08","modified_gmt":"2024-09-06T10:51:08","slug":"article-escoltam-1-la-curiosa-historia-del-bambu-japones","status":"publish","type":"post","link":"https:\/\/agora.xtec.cat\/ceiplacreutorrefarrera\/general\/article-escoltam-1-la-curiosa-historia-del-bambu-japones\/","title":{"rendered":"ARTICLE ESCOLTA&#8217;M 1: LA CURIOSA HIST\u00d2RIA DEL BAMB\u00da JAPON\u00c8S"},"content":{"rendered":"<p class=\"western\"><span style=\"color: #444444\"><span style=\"font-family: Arial, serif\">Benvolgudes fam\u00edlies, despr\u00e9s de les vacances d\u2019estiu, comencen un nou curs escolar i continuarem proposant-vos tot un seguit d\u2019articles \u00abEscolta\u2019m\u00bb que esperem que us puguin servir, com petites p\u00edndoles que s\u00f3n, en la crian\u00e7a dels vostres infants. Llegir-los ens poden fer reflexionar i servir de punt de partida en determinats moments. <\/span><\/span><\/p>\n<p class=\"western\"><span style=\"color: #444444\"><span style=\"font-family: Arial, serif\">Comen\u00e7arem amb <\/span><\/span><span style=\"color: #444444\"><span style=\"font-family: Arial, serif\"><b>La hist\u00f2ria del bamb\u00fa japon\u00e8s <\/b>que ens parla de la perseveran\u00e7a<\/span><\/span><span style=\"color: #444444\"><span style=\"font-family: Arial, serif\">. Desitgem que us agradi.<\/span><\/span><\/p>\n<p>Cliqueu sobre la imatge per veure l\u2019article.<\/p>\n<p><a href=\"https:\/\/drive.google.com\/file\/d\/1V2u0N5HuVUFn4Gr3Q5VAnHywJsAsB0-v\/view?usp=sharing\" target=\"_blank\" rel=\"noopener\"><img loading=\"lazy\" decoding=\"async\" class=\"size-full wp-image-5841 aligncenter\" src=\"https:\/\/agora.xtec.cat\/ceiplacreutorrefarrera\/wp-content\/uploads\/usu389\/2024\/09\/images-1.jpg\" alt=\"\" width=\"275\" height=\"183\" \/><\/a><\/p>\n","protected":false},"excerpt":{"rendered":"<p>Benvolgudes fam\u00edlies, despr\u00e9s de les vacances d\u2019estiu, comencen un nou curs escolar i continuarem proposant-vos tot un seguit d\u2019articles \u00abEscolta\u2019m\u00bb que esperem que us puguin servir, com petites p\u00edndoles que s\u00f3n, en la crian\u00e7a dels vostres infants. Llegir-los ens poden fer reflexionar i servir de punt de partida en determinats moments. Comen\u00e7arem amb La hist\u00f2ria [&hellip;]<\/p>\n","protected":false},"author":10,"featured_media":5842,"comment_status":"open","ping_status":"closed","sticky":false,"template":"","format":"standard","meta":{"_bbp_topic_count":0,"_bbp_reply_count":0,"_bbp_total_topic_count":0,"_bbp_total_reply_count":0,"_bbp_voice_count":0,"_bbp_anonymous_reply_count":0,"_bbp_topic_count_hidden":0,"_bbp_reply_count_hidden":0,"_bbp_forum_subforum_count":0,"site-sidebar-layout":"default","site-content-layout":"","ast-site-content-layout":"","site-content-style":"default","site-sidebar-style":"default","ast-global-header-display":"","ast-banner-title-visibility":"","ast-main-header-display":"","ast-hfb-above-header-display":"","ast-hfb-below-header-display":"","ast-hfb-mobile-header-display":"","site-post-title":"","ast-breadcrumbs-content":"","ast-featured-img":"","footer-sml-layout":"","theme-transparent-header-meta":"","adv-header-id-meta":"","stick-header-meta":"","header-above-stick-meta":"","header-main-stick-meta":"","header-below-stick-meta":"","astra-migrate-meta-layouts":"default","ast-page-background-enabled":"default","ast-page-background-meta":{"desktop":{"background-color":"var(--ast-global-color-4)","background-image":"","background-repeat":"repeat","background-position":"center center","background-size":"auto","background-attachment":"scroll","background-type":"","background-media":"","overlay-type":"","overlay-color":"","overlay-opacity":"","overlay-gradient":""},"tablet":{"background-color":"","background-image":"","background-repeat":"repeat","background-position":"center center","background-size":"auto","background-attachment":"scroll","background-type":"","background-media":"","overlay-type":"","overlay-color":"","overlay-opacity":"","overlay-gradient":""},"mobile":{"background-color":"","background-image":"","background-repeat":"repeat","background-position":"center center","background-size":"auto","background-attachment":"scroll","background-type":"","background-media":"","overlay-type":"","overlay-color":"","overlay-opacity":"","overlay-gradient":""}},"ast-content-background-meta":{"desktop":{"background-color":"var(--ast-global-color-5)","background-image":"","background-repeat":"repeat","background-position":"center center","background-size":"auto","background-attachment":"scroll","background-type":"","background-media":"","overlay-type":"","overlay-color":"","overlay-opacity":"","overlay-gradient":""},"tablet":{"background-color":"var(--ast-global-color-5)","background-image":"","background-repeat":"repeat","background-position":"center center","background-size":"auto","background-attachment":"scroll","background-type":"","background-media":"","overlay-type":"","overlay-color":"","overlay-opacity":"","overlay-gradient":""},"mobile":{"background-color":"var(--ast-global-color-5)","background-image":"","background-repeat":"repeat","background-position":"center center","background-size":"auto","background-attachment":"scroll","background-type":"","background-media":"","overlay-type":"","overlay-color":"","overlay-opacity":"","overlay-gradient":""}},"footnotes":""},"categories":[40,82,1,2,4,5,149],"tags":[],"class_list":["post-5840","post","type-post","status-publish","format-standard","has-post-thumbnail","hentry","category-activitats-de-centre","category-comunicats-families","category-general","category-infantil","category-portada","category-primaria","category-escolta"],"post_mailing_queue_ids":[],"_links":{"self":[{"href":"https:\/\/agora.xtec.cat\/ceiplacreutorrefarrera\/wp-json\/wp\/v2\/posts\/5840","targetHints":{"allow":["GET"]}}],"collection":[{"href":"https:\/\/agora.xtec.cat\/ceiplacreutorrefarrera\/wp-json\/wp\/v2\/posts"}],"about":[{"href":"https:\/\/agora.xtec.cat\/ceiplacreutorrefarrera\/wp-json\/wp\/v2\/types\/post"}],"author":[{"embeddable":true,"href":"https:\/\/agora.xtec.cat\/ceiplacreutorrefarrera\/wp-json\/wp\/v2\/users\/10"}],"replies":[{"embeddable":true,"href":"https:\/\/agora.xtec.cat\/ceiplacreutorrefarrera\/wp-json\/wp\/v2\/comments?post=5840"}],"version-history":[{"count":2,"href":"https:\/\/agora.xtec.cat\/ceiplacreutorrefarrera\/wp-json\/wp\/v2\/posts\/5840\/revisions"}],"predecessor-version":[{"id":5853,"href":"https:\/\/agora.xtec.cat\/ceiplacreutorrefarrera\/wp-json\/wp\/v2\/posts\/5840\/revisions\/5853"}],"wp:featuredmedia":[{"embeddable":true,"href":"https:\/\/agora.xtec.cat\/ceiplacreutorrefarrera\/wp-json\/wp\/v2\/media\/5842"}],"wp:attachment":[{"href":"https:\/\/agora.xtec.cat\/ceiplacreutorrefarrera\/wp-json\/wp\/v2\/media?parent=5840"}],"wp:term":[{"taxonomy":"category","embeddable":true,"href":"https:\/\/agora.xtec.cat\/ceiplacreutorrefarrera\/wp-json\/wp\/v2\/categories?post=5840"},{"taxonomy":"post_tag","embeddable":true,"href":"https:\/\/agora.xtec.cat\/ceiplacreutorrefarrera\/wp-json\/wp\/v2\/tags?post=5840"}],"curies":[{"name":"wp","href":"https:\/\/api.w.org\/{rel}","templated":true}]}}