{"id":5806,"date":"2024-06-21T12:19:46","date_gmt":"2024-06-21T10:19:46","guid":{"rendered":"https:\/\/agora.xtec.cat\/ceiplacreutorrefarrera\/?p=5806"},"modified":"2024-06-21T12:19:46","modified_gmt":"2024-06-21T10:19:46","slug":"sise-sacomiada-en-un-acte-molt-emotiu","status":"publish","type":"post","link":"https:\/\/agora.xtec.cat\/ceiplacreutorrefarrera\/general\/sise-sacomiada-en-un-acte-molt-emotiu\/","title":{"rendered":"SIS\u00c8 S&#8217;ACOMIADA EN UN ACTE MOLT EMOTIU"},"content":{"rendered":"<p>&nbsp;<\/p>\n<p lang=\"ca-ES\"><span style=\"font-family: Verdana, sans-serif\">Ahir els i les alumnes de 6\u00e8 van ser els aut\u00e8ntics protagonistes de l\u2019escola en la celebraci\u00f3 del seu Acte de Comiat.<\/span><\/p>\n<p lang=\"ca-ES\"><span style=\"font-family: Verdana, sans-serif\">Els batecs de vida viscuts a l\u2019escola des d\u2019I3 a 6\u00e8 van ressonar amb nost\u00e0lgia i alegria en una representaci\u00f3 molt emotiva protagonitzada pels nois i les noies de sis\u00e8. I \u00e9s que van recordar les viv\u00e8ncies, les experi\u00e8ncies i les emocions viscudes durant el seu pas per l\u2019escola. <\/span><span style=\"font-family: Verdana, sans-serif\">Acompanyats per les seves fam\u00edlies i per bona part del claustre de professors es van acomiadar de l\u2019etapa d\u2019Infantil i Prim\u00e0ria. <\/span><\/p>\n<p lang=\"ca-ES\"><span style=\"font-family: Verdana, sans-serif\">Des d\u2019aqu\u00ed us donem l\u2019enhorabona per haver superat una de les primeres fites importants de la vostra vida. <\/span><\/p>\n<p lang=\"ca-ES\"><span style=\"font-family: Verdana, sans-serif\">Aprofitem per agrair a les fam\u00edlies la confian\u00e7a i el recolzament que ens heu mostrat a l\u2019hora d\u2019ensenyar i educar els vostres fills i les vostres filles.<\/span><\/p>\n<p lang=\"ca-ES\"><span style=\"font-family: Verdana, sans-serif\">Ara marxeu, per\u00f2 sempre ens quedaran els vostres Batecs de vida&#8230; amb instants \u00fanics i amb uns vincles inoblidables.<\/span><\/p>\n<p lang=\"ca-ES\"><span style=\"font-family: Verdana, sans-serif\">Molta sort en el nou cam\u00ed!<\/span><\/p>\n<p lang=\"ca-ES\"><a href=\"https:\/\/drive.google.com\/drive\/u\/0\/folders\/1-sNtIcAD9USbFnN-zP_qyxLizAA6B6w-\">CLIQUEU AQU\u00cd PER VEURE ELS INSTANTS \u00daNICS DE L&#8217;ACTE<\/a><\/p>\n<p lang=\"ca-ES\"><a href=\"https:\/\/drive.google.com\/drive\/u\/0\/folders\/1mxInwkv3dZyKv0jreyJMsFyTJ-eWkmbK\">CLIQUEU AQU\u00cd PER VEURE ELS CANVAS DEL VOSTRE PAS PER L&#8217;ESCOLA<\/a><\/p>\n<p>&nbsp;<\/p>\n","protected":false},"excerpt":{"rendered":"<p>&nbsp; Ahir els i les alumnes de 6\u00e8 van ser els aut\u00e8ntics protagonistes de l\u2019escola en la celebraci\u00f3 del seu Acte de Comiat. Els batecs de vida viscuts a l\u2019escola des d\u2019I3 a 6\u00e8 van ressonar amb nost\u00e0lgia i alegria en una representaci\u00f3 molt emotiva protagonitzada pels nois i les noies de sis\u00e8. I \u00e9s [&hellip;]<\/p>\n","protected":false},"author":30,"featured_media":5815,"comment_status":"open","ping_status":"closed","sticky":false,"template":"","format":"standard","meta":{"_bbp_topic_count":0,"_bbp_reply_count":0,"_bbp_total_topic_count":0,"_bbp_total_reply_count":0,"_bbp_voice_count":0,"_bbp_anonymous_reply_count":0,"_bbp_topic_count_hidden":0,"_bbp_reply_count_hidden":0,"_bbp_forum_subforum_count":0,"site-sidebar-layout":"default","site-content-layout":"","ast-site-content-layout":"","site-content-style":"default","site-sidebar-style":"default","ast-global-header-display":"","ast-banner-title-visibility":"","ast-main-header-display":"","ast-hfb-above-header-display":"","ast-hfb-below-header-display":"","ast-hfb-mobile-header-display":"","site-post-title":"","ast-breadcrumbs-content":"","ast-featured-img":"","footer-sml-layout":"","theme-transparent-header-meta":"","adv-header-id-meta":"","stick-header-meta":"","header-above-stick-meta":"","header-main-stick-meta":"","header-below-stick-meta":"","astra-migrate-meta-layouts":"default","ast-page-background-enabled":"default","ast-page-background-meta":{"desktop":{"background-color":"var(--ast-global-color-4)","background-image":"","background-repeat":"repeat","background-position":"center center","background-size":"auto","background-attachment":"scroll","background-type":"","background-media":"","overlay-type":"","overlay-color":"","overlay-opacity":"","overlay-gradient":""},"tablet":{"background-color":"","background-image":"","background-repeat":"repeat","background-position":"center center","background-size":"auto","background-attachment":"scroll","background-type":"","background-media":"","overlay-type":"","overlay-color":"","overlay-opacity":"","overlay-gradient":""},"mobile":{"background-color":"","background-image":"","background-repeat":"repeat","background-position":"center center","background-size":"auto","background-attachment":"scroll","background-type":"","background-media":"","overlay-type":"","overlay-color":"","overlay-opacity":"","overlay-gradient":""}},"ast-content-background-meta":{"desktop":{"background-color":"var(--ast-global-color-5)","background-image":"","background-repeat":"repeat","background-position":"center center","background-size":"auto","background-attachment":"scroll","background-type":"","background-media":"","overlay-type":"","overlay-color":"","overlay-opacity":"","overlay-gradient":""},"tablet":{"background-color":"var(--ast-global-color-5)","background-image":"","background-repeat":"repeat","background-position":"center center","background-size":"auto","background-attachment":"scroll","background-type":"","background-media":"","overlay-type":"","overlay-color":"","overlay-opacity":"","overlay-gradient":""},"mobile":{"background-color":"var(--ast-global-color-5)","background-image":"","background-repeat":"repeat","background-position":"center center","background-size":"auto","background-attachment":"scroll","background-type":"","background-media":"","overlay-type":"","overlay-color":"","overlay-opacity":"","overlay-gradient":""}},"footnotes":""},"categories":[15,40,1,4,5],"tags":[51,279,281,282,280],"class_list":["post-5806","post","type-post","status-publish","format-standard","has-post-thumbnail","hentry","category-6e","category-activitats-de-centre","category-general","category-portada","category-primaria","tag-6e","tag-acte-de-comiat","tag-activitat","tag-celebracio","tag-comiat-6e"],"post_mailing_queue_ids":[],"_links":{"self":[{"href":"https:\/\/agora.xtec.cat\/ceiplacreutorrefarrera\/wp-json\/wp\/v2\/posts\/5806","targetHints":{"allow":["GET"]}}],"collection":[{"href":"https:\/\/agora.xtec.cat\/ceiplacreutorrefarrera\/wp-json\/wp\/v2\/posts"}],"about":[{"href":"https:\/\/agora.xtec.cat\/ceiplacreutorrefarrera\/wp-json\/wp\/v2\/types\/post"}],"author":[{"embeddable":true,"href":"https:\/\/agora.xtec.cat\/ceiplacreutorrefarrera\/wp-json\/wp\/v2\/users\/30"}],"replies":[{"embeddable":true,"href":"https:\/\/agora.xtec.cat\/ceiplacreutorrefarrera\/wp-json\/wp\/v2\/comments?post=5806"}],"version-history":[{"count":6,"href":"https:\/\/agora.xtec.cat\/ceiplacreutorrefarrera\/wp-json\/wp\/v2\/posts\/5806\/revisions"}],"predecessor-version":[{"id":5812,"href":"https:\/\/agora.xtec.cat\/ceiplacreutorrefarrera\/wp-json\/wp\/v2\/posts\/5806\/revisions\/5812"}],"wp:featuredmedia":[{"embeddable":true,"href":"https:\/\/agora.xtec.cat\/ceiplacreutorrefarrera\/wp-json\/wp\/v2\/media\/5815"}],"wp:attachment":[{"href":"https:\/\/agora.xtec.cat\/ceiplacreutorrefarrera\/wp-json\/wp\/v2\/media?parent=5806"}],"wp:term":[{"taxonomy":"category","embeddable":true,"href":"https:\/\/agora.xtec.cat\/ceiplacreutorrefarrera\/wp-json\/wp\/v2\/categories?post=5806"},{"taxonomy":"post_tag","embeddable":true,"href":"https:\/\/agora.xtec.cat\/ceiplacreutorrefarrera\/wp-json\/wp\/v2\/tags?post=5806"}],"curies":[{"name":"wp","href":"https:\/\/api.w.org\/{rel}","templated":true}]}}