{"id":5793,"date":"2024-06-19T13:23:59","date_gmt":"2024-06-19T11:23:59","guid":{"rendered":"https:\/\/agora.xtec.cat\/ceiplacreutorrefarrera\/?p=5793"},"modified":"2024-06-19T14:53:42","modified_gmt":"2024-06-19T12:53:42","slug":"presentacio-del-projecte-de-medi-a-lalumnat-di5-5e-el-cos-huma-una-maquina-increible","status":"publish","type":"post","link":"https:\/\/agora.xtec.cat\/ceiplacreutorrefarrera\/general\/presentacio-del-projecte-de-medi-a-lalumnat-di5-5e-el-cos-huma-una-maquina-increible\/","title":{"rendered":"PRESENTACI\u00d3 DEL PROJECTE DE MEDI A L&#8217;ALUMNAT D&#8217;I5 (5\u00e8). EL COS HUM\u00c0: UNA M\u00c0QUINA INCRE\u00cfBLE"},"content":{"rendered":"<p><a href=\"https:\/\/drive.google.com\/drive\/folders\/1wgsu8-CikPXBUlpRqebk4LiqVMQHPj5x?usp=sharing\" target=\"_blank\" rel=\"noopener\"><img loading=\"lazy\" decoding=\"async\" class=\"size-full wp-image-3591 alignleft\" src=\"https:\/\/agora.xtec.cat\/ceiplacreutorrefarrera\/wp-content\/uploads\/usu389\/2021\/06\/baixa-1-1.jpg\" alt=\"\" width=\"346\" height=\"145\" srcset=\"https:\/\/agora.xtec.cat\/ceiplacreutorrefarrera\/wp-content\/uploads\/usu389\/2021\/06\/baixa-1-1.jpg 346w, https:\/\/agora.xtec.cat\/ceiplacreutorrefarrera\/wp-content\/uploads\/usu389\/2021\/06\/baixa-1-1-300x126.jpg 300w\" sizes=\"auto, (max-width: 346px) 100vw, 346px\" \/><\/a>A partir d\u2019 una classe d\u2019 educaci\u00f3 f\u00edsica en la que ens vam fer fotos, els i les alumnes de 5\u00e8 vam comen\u00e7ar a formular-nos moltes preguntes sobre com funciona el cos, d\u2019on s\u2019obt\u00e9 l\u2019 energia, quins aparells hi ha implicats, h\u00e0bits saludables\u2026Ens vam repartit per grups, vam fer recerca i finalment ens vam disposar a elaborar maquetes, murals, pensar experiments i presentacions diverses i avui teniu el resultat de tota la feina realitzada durant aquests \u00faltims mesos. Hem fet la presentaci\u00f3 dels treballs i productes als infants d&#8217;I5. Ha estat una tasca intensa i molt profitosa. S\u2019han esfor\u00e7at molt i les tutores estem molt orgulloses de com han treballat aquestes setmanes. Gr\u00e0cies als infants d&#8217;I5 i a les seves mestres per haver vingut a compartir amb nosaltres aquesta estona.<\/p>\n<p>Podeu clicar sobre la imatge i veureu un tastet del resultat i de les nostres produccions.<\/p>\n<p>Fins a la propera!<\/p>\n<p><em>Els i les alumnes de 5\u00e8<\/em><\/p>\n","protected":false},"excerpt":{"rendered":"<p>A partir d\u2019 una classe d\u2019 educaci\u00f3 f\u00edsica en la que ens vam fer fotos, els i les alumnes de 5\u00e8 vam comen\u00e7ar a formular-nos moltes preguntes sobre com funciona el cos, d\u2019on s\u2019obt\u00e9 l\u2019 energia, quins aparells hi ha implicats, h\u00e0bits saludables\u2026Ens vam repartit per grups, vam fer recerca i finalment ens vam disposar [&hellip;]<\/p>\n","protected":false},"author":10,"featured_media":3547,"comment_status":"open","ping_status":"closed","sticky":false,"template":"","format":"standard","meta":{"_bbp_topic_count":0,"_bbp_reply_count":0,"_bbp_total_topic_count":0,"_bbp_total_reply_count":0,"_bbp_voice_count":0,"_bbp_anonymous_reply_count":0,"_bbp_topic_count_hidden":0,"_bbp_reply_count_hidden":0,"_bbp_forum_subforum_count":0,"site-sidebar-layout":"default","site-content-layout":"","ast-site-content-layout":"","site-content-style":"default","site-sidebar-style":"default","ast-global-header-display":"","ast-banner-title-visibility":"","ast-main-header-display":"","ast-hfb-above-header-display":"","ast-hfb-below-header-display":"","ast-hfb-mobile-header-display":"","site-post-title":"","ast-breadcrumbs-content":"","ast-featured-img":"","footer-sml-layout":"","theme-transparent-header-meta":"","adv-header-id-meta":"","stick-header-meta":"","header-above-stick-meta":"","header-main-stick-meta":"","header-below-stick-meta":"","astra-migrate-meta-layouts":"default","ast-page-background-enabled":"default","ast-page-background-meta":{"desktop":{"background-color":"var(--ast-global-color-4)","background-image":"","background-repeat":"repeat","background-position":"center center","background-size":"auto","background-attachment":"scroll","background-type":"","background-media":"","overlay-type":"","overlay-color":"","overlay-opacity":"","overlay-gradient":""},"tablet":{"background-color":"","background-image":"","background-repeat":"repeat","background-position":"center center","background-size":"auto","background-attachment":"scroll","background-type":"","background-media":"","overlay-type":"","overlay-color":"","overlay-opacity":"","overlay-gradient":""},"mobile":{"background-color":"","background-image":"","background-repeat":"repeat","background-position":"center center","background-size":"auto","background-attachment":"scroll","background-type":"","background-media":"","overlay-type":"","overlay-color":"","overlay-opacity":"","overlay-gradient":""}},"ast-content-background-meta":{"desktop":{"background-color":"var(--ast-global-color-5)","background-image":"","background-repeat":"repeat","background-position":"center center","background-size":"auto","background-attachment":"scroll","background-type":"","background-media":"","overlay-type":"","overlay-color":"","overlay-opacity":"","overlay-gradient":""},"tablet":{"background-color":"var(--ast-global-color-5)","background-image":"","background-repeat":"repeat","background-position":"center center","background-size":"auto","background-attachment":"scroll","background-type":"","background-media":"","overlay-type":"","overlay-color":"","overlay-opacity":"","overlay-gradient":""},"mobile":{"background-color":"var(--ast-global-color-5)","background-image":"","background-repeat":"repeat","background-position":"center center","background-size":"auto","background-attachment":"scroll","background-type":"","background-media":"","overlay-type":"","overlay-color":"","overlay-opacity":"","overlay-gradient":""}},"footnotes":""},"categories":[14,40,1,9,2,4,5,249,247],"tags":[58,52,197],"class_list":["post-5793","post","type-post","status-publish","format-standard","has-post-thumbnail","hentry","category-5e","category-activitats-de-centre","category-general","category-i5","category-infantil","category-portada","category-primaria","category-steam","category-steamcat","tag-5e","tag-experiments","tag-projecte"],"post_mailing_queue_ids":[],"_links":{"self":[{"href":"https:\/\/agora.xtec.cat\/ceiplacreutorrefarrera\/wp-json\/wp\/v2\/posts\/5793","targetHints":{"allow":["GET"]}}],"collection":[{"href":"https:\/\/agora.xtec.cat\/ceiplacreutorrefarrera\/wp-json\/wp\/v2\/posts"}],"about":[{"href":"https:\/\/agora.xtec.cat\/ceiplacreutorrefarrera\/wp-json\/wp\/v2\/types\/post"}],"author":[{"embeddable":true,"href":"https:\/\/agora.xtec.cat\/ceiplacreutorrefarrera\/wp-json\/wp\/v2\/users\/10"}],"replies":[{"embeddable":true,"href":"https:\/\/agora.xtec.cat\/ceiplacreutorrefarrera\/wp-json\/wp\/v2\/comments?post=5793"}],"version-history":[{"count":5,"href":"https:\/\/agora.xtec.cat\/ceiplacreutorrefarrera\/wp-json\/wp\/v2\/posts\/5793\/revisions"}],"predecessor-version":[{"id":5805,"href":"https:\/\/agora.xtec.cat\/ceiplacreutorrefarrera\/wp-json\/wp\/v2\/posts\/5793\/revisions\/5805"}],"wp:featuredmedia":[{"embeddable":true,"href":"https:\/\/agora.xtec.cat\/ceiplacreutorrefarrera\/wp-json\/wp\/v2\/media\/3547"}],"wp:attachment":[{"href":"https:\/\/agora.xtec.cat\/ceiplacreutorrefarrera\/wp-json\/wp\/v2\/media?parent=5793"}],"wp:term":[{"taxonomy":"category","embeddable":true,"href":"https:\/\/agora.xtec.cat\/ceiplacreutorrefarrera\/wp-json\/wp\/v2\/categories?post=5793"},{"taxonomy":"post_tag","embeddable":true,"href":"https:\/\/agora.xtec.cat\/ceiplacreutorrefarrera\/wp-json\/wp\/v2\/tags?post=5793"}],"curies":[{"name":"wp","href":"https:\/\/api.w.org\/{rel}","templated":true}]}}