{"id":5787,"date":"2024-06-08T20:22:50","date_gmt":"2024-06-08T18:22:50","guid":{"rendered":"https:\/\/agora.xtec.cat\/ceiplacreutorrefarrera\/?p=5787"},"modified":"2024-06-08T20:22:50","modified_gmt":"2024-06-08T18:22:50","slug":"6e-taller-sense-fum","status":"publish","type":"post","link":"https:\/\/agora.xtec.cat\/ceiplacreutorrefarrera\/general\/6e-taller-sense-fum\/","title":{"rendered":"(6\u00e8) TALLER SENSE FUM"},"content":{"rendered":"<p lang=\"ca-ES\">Divendres els alumnes de sis\u00e8 van assistir al <i><b>Taller de fum<\/b><\/i> organitzat pel CAP Rural Nord. Van venir a impartir-lo a l&#8217;escola la Sara, la pediatra, i la Marta, la infermera, del Consultori de Torrefarrera; i tamb\u00e9 la psic\u00f2loga del CAP.<\/p>\n<p lang=\"ca-ES\">L\u2019objectiu del taller era informar sobre els efectes nocius del tabac. A partir d\u2019activitats pr\u00e0ctiques i engrescadores, els alumnes van aprendre aspectes del tabac que no els van deixar indiferents: el tabac \u00e9s una droga que mata una persona cada sis segons; que causa malalties respirat\u00f2ries, cardiovasculars, psoriasi, mal al\u00e8, dents fosques, entre d\u2019altres.<\/p>\n<p lang=\"ca-ES\">Per\u00f2 el missatge m\u00e9s impactant va ser descobrir de quines subst\u00e0ncies estava fet el tabac: pintura, vinagre, dissolvent, gas met\u00e0, amon\u00edac, quitr\u00e0&#8230; I la majoria cancer\u00edgenes.<\/p>\n<p lang=\"ca-ES\">L\u2019alumnat va quedar ben conscienciat dels perills que comporta el tabac i aix\u00ed ho va reflectir en els missatges finals que van escriure, com aquests que podeu llegir:<\/p>\n<p lang=\"ca-ES\">fumar=desgr\u00e0cia<\/p>\n<p lang=\"ca-ES\">fumar= tret al cap<\/p>\n<p lang=\"ca-ES\">Fumar et far\u00e0 infeli\u00e7<\/p>\n<p lang=\"ca-ES\">Fumar \u00e9s una droga, no hi juguis<\/p>\n<p lang=\"ca-ES\">Fumar et fa emmalaltir i t\u2019arru\u00efna<\/p>\n<p lang=\"ca-ES\">I molts m\u00e9s!!!<\/p>\n<p lang=\"ca-ES\">Van acabar el Taller amb grans missatges per tenir en compte.<\/p>\n<p lang=\"ca-ES\"><a href=\"https:\/\/drive.google.com\/drive\/u\/0\/folders\/1-GC0CyyFgra6hkxApxb8Wxo100B5voe0\">CLIQUEU AQU\u00cd PER VEURE\u2019N IMATGES<\/a><\/p>\n","protected":false},"excerpt":{"rendered":"<p>Divendres els alumnes de sis\u00e8 van assistir al Taller de fum organitzat pel CAP Rural Nord. Van venir a impartir-lo a l&#8217;escola la Sara, la pediatra, i la Marta, la infermera, del Consultori de Torrefarrera; i tamb\u00e9 la psic\u00f2loga del CAP. L\u2019objectiu del taller era informar sobre els efectes nocius del tabac. A partir d\u2019activitats [&hellip;]<\/p>\n","protected":false},"author":30,"featured_media":5788,"comment_status":"open","ping_status":"closed","sticky":false,"template":"","format":"standard","meta":{"_bbp_topic_count":0,"_bbp_reply_count":0,"_bbp_total_topic_count":0,"_bbp_total_reply_count":0,"_bbp_voice_count":0,"_bbp_anonymous_reply_count":0,"_bbp_topic_count_hidden":0,"_bbp_reply_count_hidden":0,"_bbp_forum_subforum_count":0,"site-sidebar-layout":"default","site-content-layout":"","ast-site-content-layout":"","site-content-style":"default","site-sidebar-style":"default","ast-global-header-display":"","ast-banner-title-visibility":"","ast-main-header-display":"","ast-hfb-above-header-display":"","ast-hfb-below-header-display":"","ast-hfb-mobile-header-display":"","site-post-title":"","ast-breadcrumbs-content":"","ast-featured-img":"","footer-sml-layout":"","theme-transparent-header-meta":"","adv-header-id-meta":"","stick-header-meta":"","header-above-stick-meta":"","header-main-stick-meta":"","header-below-stick-meta":"","astra-migrate-meta-layouts":"default","ast-page-background-enabled":"default","ast-page-background-meta":{"desktop":{"background-color":"var(--ast-global-color-4)","background-image":"","background-repeat":"repeat","background-position":"center center","background-size":"auto","background-attachment":"scroll","background-type":"","background-media":"","overlay-type":"","overlay-color":"","overlay-opacity":"","overlay-gradient":""},"tablet":{"background-color":"","background-image":"","background-repeat":"repeat","background-position":"center center","background-size":"auto","background-attachment":"scroll","background-type":"","background-media":"","overlay-type":"","overlay-color":"","overlay-opacity":"","overlay-gradient":""},"mobile":{"background-color":"","background-image":"","background-repeat":"repeat","background-position":"center center","background-size":"auto","background-attachment":"scroll","background-type":"","background-media":"","overlay-type":"","overlay-color":"","overlay-opacity":"","overlay-gradient":""}},"ast-content-background-meta":{"desktop":{"background-color":"var(--ast-global-color-5)","background-image":"","background-repeat":"repeat","background-position":"center center","background-size":"auto","background-attachment":"scroll","background-type":"","background-media":"","overlay-type":"","overlay-color":"","overlay-opacity":"","overlay-gradient":""},"tablet":{"background-color":"var(--ast-global-color-5)","background-image":"","background-repeat":"repeat","background-position":"center center","background-size":"auto","background-attachment":"scroll","background-type":"","background-media":"","overlay-type":"","overlay-color":"","overlay-opacity":"","overlay-gradient":""},"mobile":{"background-color":"var(--ast-global-color-5)","background-image":"","background-repeat":"repeat","background-position":"center center","background-size":"auto","background-attachment":"scroll","background-type":"","background-media":"","overlay-type":"","overlay-color":"","overlay-opacity":"","overlay-gradient":""}},"footnotes":""},"categories":[15,40,1,4,5],"tags":[51,177,152,78,57],"class_list":["post-5787","post","type-post","status-publish","format-standard","has-post-thumbnail","hentry","category-6e","category-activitats-de-centre","category-general","category-portada","category-primaria","tag-6e","tag-activitats","tag-salut","tag-taller","tag-xerrades"],"post_mailing_queue_ids":[],"_links":{"self":[{"href":"https:\/\/agora.xtec.cat\/ceiplacreutorrefarrera\/wp-json\/wp\/v2\/posts\/5787","targetHints":{"allow":["GET"]}}],"collection":[{"href":"https:\/\/agora.xtec.cat\/ceiplacreutorrefarrera\/wp-json\/wp\/v2\/posts"}],"about":[{"href":"https:\/\/agora.xtec.cat\/ceiplacreutorrefarrera\/wp-json\/wp\/v2\/types\/post"}],"author":[{"embeddable":true,"href":"https:\/\/agora.xtec.cat\/ceiplacreutorrefarrera\/wp-json\/wp\/v2\/users\/30"}],"replies":[{"embeddable":true,"href":"https:\/\/agora.xtec.cat\/ceiplacreutorrefarrera\/wp-json\/wp\/v2\/comments?post=5787"}],"version-history":[{"count":2,"href":"https:\/\/agora.xtec.cat\/ceiplacreutorrefarrera\/wp-json\/wp\/v2\/posts\/5787\/revisions"}],"predecessor-version":[{"id":5790,"href":"https:\/\/agora.xtec.cat\/ceiplacreutorrefarrera\/wp-json\/wp\/v2\/posts\/5787\/revisions\/5790"}],"wp:featuredmedia":[{"embeddable":true,"href":"https:\/\/agora.xtec.cat\/ceiplacreutorrefarrera\/wp-json\/wp\/v2\/media\/5788"}],"wp:attachment":[{"href":"https:\/\/agora.xtec.cat\/ceiplacreutorrefarrera\/wp-json\/wp\/v2\/media?parent=5787"}],"wp:term":[{"taxonomy":"category","embeddable":true,"href":"https:\/\/agora.xtec.cat\/ceiplacreutorrefarrera\/wp-json\/wp\/v2\/categories?post=5787"},{"taxonomy":"post_tag","embeddable":true,"href":"https:\/\/agora.xtec.cat\/ceiplacreutorrefarrera\/wp-json\/wp\/v2\/tags?post=5787"}],"curies":[{"name":"wp","href":"https:\/\/api.w.org\/{rel}","templated":true}]}}