{"id":5779,"date":"2024-06-06T14:27:25","date_gmt":"2024-06-06T12:27:25","guid":{"rendered":"https:\/\/agora.xtec.cat\/ceiplacreutorrefarrera\/?p=5779"},"modified":"2024-06-06T14:53:13","modified_gmt":"2024-06-06T12:53:13","slug":"cantania-2024-el-naufragi","status":"publish","type":"post","link":"https:\/\/agora.xtec.cat\/ceiplacreutorrefarrera\/general\/cantania-2024-el-naufragi\/","title":{"rendered":"CANT\u00c0NIA 2024 &#8211; &#8220;El naufragi&#8221;"},"content":{"rendered":"<p>El passat 22 de maig vam concloure el projecte Cant\u00e0nia amb el concert a l&#8217;Auditori de Barcelona.<br \/>\nAl mat\u00ed tots ben vestits per al concert amb el material necessari per a la cantata vam sortir de l&#8217;escola i ens vam dirigir a la ciutadella de Barcelona.<br \/>\nVam visitar aquest parc tan bonic i amb un ric patrimoni. Hi vam jugar i dinar i ben d&#8217;hora ens vam dirigir cap a l&#8217;Auditori on ens esperava l&#8217;organitzaci\u00f3 de Cant\u00e0nia.<br \/>\nDespr\u00e9s de realitzar l&#8217;assaig general, on vam con\u00e8ixer la directora de la cantata, els m\u00fasics (entre els quals hi havia el compositor de la cantata Marc Tim\u00f3n!) i la resta de cantaires (uns 800 nens i nenes en total), vam realitzar el concert per als familiars a les 16:30h.<br \/>\nUn concert i una cantata espectaculars on els nens i nenes de 4t van demostrar la gran feina feta al llarg del curs.<br \/>\nUn projecte que hem gaudit tant mestres com familiars i sobretot els alumnes que han apr\u00e8s i gaudit com a veritables m\u00fasics i que de ben segur guardaran l&#8217;experi\u00e8ncia en un raconet del seu cor.<br \/>\nVisca Cant\u00e0nia!<\/p>\n<p>En el seg\u00fcent enlla\u00e7 podreu trobar algunes imatges representatives de la jornada:<\/p>\n<p>https:\/\/drive.google.com\/drive\/folders\/1czDdO3AAX0mCuurtr0lGwa91Xjyg2T8t?usp=sharing<\/p>\n<p>&nbsp;<\/p>\n","protected":false},"excerpt":{"rendered":"<p>El passat 22 de maig vam concloure el projecte Cant\u00e0nia amb el concert a l&#8217;Auditori de Barcelona. Al mat\u00ed tots ben vestits per al concert amb el material necessari per a la cantata vam sortir de l&#8217;escola i ens vam dirigir a la ciutadella de Barcelona. Vam visitar aquest parc tan bonic i amb un [&hellip;]<\/p>\n","protected":false},"author":23,"featured_media":5780,"comment_status":"open","ping_status":"closed","sticky":false,"template":"","format":"standard","meta":{"_bbp_topic_count":0,"_bbp_reply_count":0,"_bbp_total_topic_count":0,"_bbp_total_reply_count":0,"_bbp_voice_count":0,"_bbp_anonymous_reply_count":0,"_bbp_topic_count_hidden":0,"_bbp_reply_count_hidden":0,"_bbp_forum_subforum_count":0,"site-sidebar-layout":"default","site-content-layout":"","ast-site-content-layout":"","site-content-style":"default","site-sidebar-style":"default","ast-global-header-display":"","ast-banner-title-visibility":"","ast-main-header-display":"","ast-hfb-above-header-display":"","ast-hfb-below-header-display":"","ast-hfb-mobile-header-display":"","site-post-title":"","ast-breadcrumbs-content":"","ast-featured-img":"","footer-sml-layout":"","theme-transparent-header-meta":"","adv-header-id-meta":"","stick-header-meta":"","header-above-stick-meta":"","header-main-stick-meta":"","header-below-stick-meta":"","astra-migrate-meta-layouts":"default","ast-page-background-enabled":"default","ast-page-background-meta":{"desktop":{"background-color":"var(--ast-global-color-4)","background-image":"","background-repeat":"repeat","background-position":"center center","background-size":"auto","background-attachment":"scroll","background-type":"","background-media":"","overlay-type":"","overlay-color":"","overlay-opacity":"","overlay-gradient":""},"tablet":{"background-color":"","background-image":"","background-repeat":"repeat","background-position":"center center","background-size":"auto","background-attachment":"scroll","background-type":"","background-media":"","overlay-type":"","overlay-color":"","overlay-opacity":"","overlay-gradient":""},"mobile":{"background-color":"","background-image":"","background-repeat":"repeat","background-position":"center center","background-size":"auto","background-attachment":"scroll","background-type":"","background-media":"","overlay-type":"","overlay-color":"","overlay-opacity":"","overlay-gradient":""}},"ast-content-background-meta":{"desktop":{"background-color":"var(--ast-global-color-5)","background-image":"","background-repeat":"repeat","background-position":"center center","background-size":"auto","background-attachment":"scroll","background-type":"","background-media":"","overlay-type":"","overlay-color":"","overlay-opacity":"","overlay-gradient":""},"tablet":{"background-color":"var(--ast-global-color-5)","background-image":"","background-repeat":"repeat","background-position":"center center","background-size":"auto","background-attachment":"scroll","background-type":"","background-media":"","overlay-type":"","overlay-color":"","overlay-opacity":"","overlay-gradient":""},"mobile":{"background-color":"var(--ast-global-color-5)","background-image":"","background-repeat":"repeat","background-position":"center center","background-size":"auto","background-attachment":"scroll","background-type":"","background-media":"","overlay-type":"","overlay-color":"","overlay-opacity":"","overlay-gradient":""}},"footnotes":""},"categories":[13,40,1,43,4,5,44],"tags":[],"class_list":["post-5779","post","type-post","status-publish","format-standard","has-post-thumbnail","hentry","category-4t","category-activitats-de-centre","category-general","category-musica","category-portada","category-primaria","category-projectes"],"post_mailing_queue_ids":[],"_links":{"self":[{"href":"https:\/\/agora.xtec.cat\/ceiplacreutorrefarrera\/wp-json\/wp\/v2\/posts\/5779","targetHints":{"allow":["GET"]}}],"collection":[{"href":"https:\/\/agora.xtec.cat\/ceiplacreutorrefarrera\/wp-json\/wp\/v2\/posts"}],"about":[{"href":"https:\/\/agora.xtec.cat\/ceiplacreutorrefarrera\/wp-json\/wp\/v2\/types\/post"}],"author":[{"embeddable":true,"href":"https:\/\/agora.xtec.cat\/ceiplacreutorrefarrera\/wp-json\/wp\/v2\/users\/23"}],"replies":[{"embeddable":true,"href":"https:\/\/agora.xtec.cat\/ceiplacreutorrefarrera\/wp-json\/wp\/v2\/comments?post=5779"}],"version-history":[{"count":2,"href":"https:\/\/agora.xtec.cat\/ceiplacreutorrefarrera\/wp-json\/wp\/v2\/posts\/5779\/revisions"}],"predecessor-version":[{"id":5782,"href":"https:\/\/agora.xtec.cat\/ceiplacreutorrefarrera\/wp-json\/wp\/v2\/posts\/5779\/revisions\/5782"}],"wp:featuredmedia":[{"embeddable":true,"href":"https:\/\/agora.xtec.cat\/ceiplacreutorrefarrera\/wp-json\/wp\/v2\/media\/5780"}],"wp:attachment":[{"href":"https:\/\/agora.xtec.cat\/ceiplacreutorrefarrera\/wp-json\/wp\/v2\/media?parent=5779"}],"wp:term":[{"taxonomy":"category","embeddable":true,"href":"https:\/\/agora.xtec.cat\/ceiplacreutorrefarrera\/wp-json\/wp\/v2\/categories?post=5779"},{"taxonomy":"post_tag","embeddable":true,"href":"https:\/\/agora.xtec.cat\/ceiplacreutorrefarrera\/wp-json\/wp\/v2\/tags?post=5779"}],"curies":[{"name":"wp","href":"https:\/\/api.w.org\/{rel}","templated":true}]}}