{"id":5764,"date":"2024-06-04T16:26:58","date_gmt":"2024-06-04T14:26:58","guid":{"rendered":"https:\/\/agora.xtec.cat\/ceiplacreutorrefarrera\/?p=5764"},"modified":"2024-06-04T16:26:58","modified_gmt":"2024-06-04T14:26:58","slug":"sise-a-cal-jove","status":"publish","type":"post","link":"https:\/\/agora.xtec.cat\/ceiplacreutorrefarrera\/general\/sise-a-cal-jove\/","title":{"rendered":"SIS\u00c8 A CAL JOVE"},"content":{"rendered":"<p>&nbsp;<\/p>\n<p lang=\"ca-ES\">Aquest dilluns vam anar a con\u00e8ixer millor Cal Jove, un servei p\u00fablic i punt de refer\u00e8ncia per als joves de Torrefarrera.<\/p>\n<p lang=\"ca-ES\">L\u2019Elena, t\u00e8cnica de l\u2019entitat, i el Robert, dinamitzador, ens van explicar que ofereixen diferents espais funcionals on podrem anar a aprendre, utilitzar ordinadors, relaxar-nos, jugar\u2026 a partir de primer d\u2019ESO. I aquestes vacances ja podrem participar al casal jove d\u2019estiu on hi haur\u00e0 activitats interessants i l\u00fadiques per passar una bona estona amb companys i companyes.<\/p>\n<p lang=\"ca-ES\">A la segona part de la trobada, vam fer din\u00e0miques i jocs per reflexionar sobre les inquietuds i les emocions que sentim per canviar de l\u2019escola a l\u2019institut. Ens va agradar especialment quan ens van transmetre la import\u00e0ncia de \u00abser tu mateix\u00bb i la seguretat d\u2019expressar les pr\u00f2pies opinions.<\/p>\n<p lang=\"ca-ES\">Vam passar una estona ben entretinguda!<\/p>\n<p lang=\"ca-ES\"><a href=\"https:\/\/drive.google.com\/drive\/u\/0\/folders\/1-2NxTmWL2dzbRxkqVmHApoAaJc9YxSiw\">CLIQUEU AQU\u00cd PER VEURE&#8217;N LES IMATGES<\/a><\/p>\n","protected":false},"excerpt":{"rendered":"<p>&nbsp; Aquest dilluns vam anar a con\u00e8ixer millor Cal Jove, un servei p\u00fablic i punt de refer\u00e8ncia per als joves de Torrefarrera. L\u2019Elena, t\u00e8cnica de l\u2019entitat, i el Robert, dinamitzador, ens van explicar que ofereixen diferents espais funcionals on podrem anar a aprendre, utilitzar ordinadors, relaxar-nos, jugar\u2026 a partir de primer d\u2019ESO. I aquestes vacances [&hellip;]<\/p>\n","protected":false},"author":30,"featured_media":2343,"comment_status":"open","ping_status":"closed","sticky":false,"template":"","format":"standard","meta":{"_bbp_topic_count":0,"_bbp_reply_count":0,"_bbp_total_topic_count":0,"_bbp_total_reply_count":0,"_bbp_voice_count":0,"_bbp_anonymous_reply_count":0,"_bbp_topic_count_hidden":0,"_bbp_reply_count_hidden":0,"_bbp_forum_subforum_count":0,"site-sidebar-layout":"default","site-content-layout":"","ast-site-content-layout":"","site-content-style":"default","site-sidebar-style":"default","ast-global-header-display":"","ast-banner-title-visibility":"","ast-main-header-display":"","ast-hfb-above-header-display":"","ast-hfb-below-header-display":"","ast-hfb-mobile-header-display":"","site-post-title":"","ast-breadcrumbs-content":"","ast-featured-img":"","footer-sml-layout":"","theme-transparent-header-meta":"","adv-header-id-meta":"","stick-header-meta":"","header-above-stick-meta":"","header-main-stick-meta":"","header-below-stick-meta":"","astra-migrate-meta-layouts":"default","ast-page-background-enabled":"default","ast-page-background-meta":{"desktop":{"background-color":"var(--ast-global-color-4)","background-image":"","background-repeat":"repeat","background-position":"center center","background-size":"auto","background-attachment":"scroll","background-type":"","background-media":"","overlay-type":"","overlay-color":"","overlay-opacity":"","overlay-gradient":""},"tablet":{"background-color":"","background-image":"","background-repeat":"repeat","background-position":"center center","background-size":"auto","background-attachment":"scroll","background-type":"","background-media":"","overlay-type":"","overlay-color":"","overlay-opacity":"","overlay-gradient":""},"mobile":{"background-color":"","background-image":"","background-repeat":"repeat","background-position":"center center","background-size":"auto","background-attachment":"scroll","background-type":"","background-media":"","overlay-type":"","overlay-color":"","overlay-opacity":"","overlay-gradient":""}},"ast-content-background-meta":{"desktop":{"background-color":"var(--ast-global-color-5)","background-image":"","background-repeat":"repeat","background-position":"center center","background-size":"auto","background-attachment":"scroll","background-type":"","background-media":"","overlay-type":"","overlay-color":"","overlay-opacity":"","overlay-gradient":""},"tablet":{"background-color":"var(--ast-global-color-5)","background-image":"","background-repeat":"repeat","background-position":"center center","background-size":"auto","background-attachment":"scroll","background-type":"","background-media":"","overlay-type":"","overlay-color":"","overlay-opacity":"","overlay-gradient":""},"mobile":{"background-color":"var(--ast-global-color-5)","background-image":"","background-repeat":"repeat","background-position":"center center","background-size":"auto","background-attachment":"scroll","background-type":"","background-media":"","overlay-type":"","overlay-color":"","overlay-opacity":"","overlay-gradient":""}},"footnotes":""},"categories":[15,40,1,4,5],"tags":[51,177,273,274],"class_list":["post-5764","post","type-post","status-publish","format-standard","has-post-thumbnail","hentry","category-6e","category-activitats-de-centre","category-general","category-portada","category-primaria","tag-6e","tag-activitats","tag-cal-jove","tag-casal-estiu"],"post_mailing_queue_ids":[],"_links":{"self":[{"href":"https:\/\/agora.xtec.cat\/ceiplacreutorrefarrera\/wp-json\/wp\/v2\/posts\/5764","targetHints":{"allow":["GET"]}}],"collection":[{"href":"https:\/\/agora.xtec.cat\/ceiplacreutorrefarrera\/wp-json\/wp\/v2\/posts"}],"about":[{"href":"https:\/\/agora.xtec.cat\/ceiplacreutorrefarrera\/wp-json\/wp\/v2\/types\/post"}],"author":[{"embeddable":true,"href":"https:\/\/agora.xtec.cat\/ceiplacreutorrefarrera\/wp-json\/wp\/v2\/users\/30"}],"replies":[{"embeddable":true,"href":"https:\/\/agora.xtec.cat\/ceiplacreutorrefarrera\/wp-json\/wp\/v2\/comments?post=5764"}],"version-history":[{"count":1,"href":"https:\/\/agora.xtec.cat\/ceiplacreutorrefarrera\/wp-json\/wp\/v2\/posts\/5764\/revisions"}],"predecessor-version":[{"id":5765,"href":"https:\/\/agora.xtec.cat\/ceiplacreutorrefarrera\/wp-json\/wp\/v2\/posts\/5764\/revisions\/5765"}],"wp:featuredmedia":[{"embeddable":true,"href":"https:\/\/agora.xtec.cat\/ceiplacreutorrefarrera\/wp-json\/wp\/v2\/media\/2343"}],"wp:attachment":[{"href":"https:\/\/agora.xtec.cat\/ceiplacreutorrefarrera\/wp-json\/wp\/v2\/media?parent=5764"}],"wp:term":[{"taxonomy":"category","embeddable":true,"href":"https:\/\/agora.xtec.cat\/ceiplacreutorrefarrera\/wp-json\/wp\/v2\/categories?post=5764"},{"taxonomy":"post_tag","embeddable":true,"href":"https:\/\/agora.xtec.cat\/ceiplacreutorrefarrera\/wp-json\/wp\/v2\/tags?post=5764"}],"curies":[{"name":"wp","href":"https:\/\/api.w.org\/{rel}","templated":true}]}}