{"id":5752,"date":"2024-06-02T20:36:10","date_gmt":"2024-06-02T18:36:10","guid":{"rendered":"https:\/\/agora.xtec.cat\/ceiplacreutorrefarrera\/?p=5752"},"modified":"2024-06-02T20:36:10","modified_gmt":"2024-06-02T18:36:10","slug":"lalumnat-de-2n-participa-al-concert-de-la-clika","status":"publish","type":"post","link":"https:\/\/agora.xtec.cat\/ceiplacreutorrefarrera\/general\/lalumnat-de-2n-participa-al-concert-de-la-clika\/","title":{"rendered":"L&#8217;ALUMNAT DE 2n PARTICIPA AL CONCERT DE LA CLIKA"},"content":{"rendered":"<div>Aquest passat dijous 30 de maig vam concloure el projecte la Clika amb el concert al teatre la passi\u00f3 de Cervera.<\/div>\n<div>\n<div><\/div>\n<div>La Clika \u00e9s un projecte en el qual ens hem apuntat per primer cop aquest curs. \u00c9s una cantata que consta d&#8217;onze can\u00e7ons que expliquen com s\u00f3n una colla d&#8217;amics (la Clika), en cada can\u00e7\u00f3 s&#8217;explica la hist\u00f2ria d&#8217;algun personatge d&#8217;aquest grup d&#8217;amics i tamb\u00e9 hi trobem uns valors (el respecte a un mateix, a la natura, l&#8217;amistat, la igualtat entre g\u00e8neres&#8230;).<\/div>\n<div>Aquesta cantata l&#8217;hem estat treballant a m\u00fasica des de principi de curs, ha estat el centre des del qual s&#8217;ha vertebrat la mat\u00e8ria.<\/div>\n<\/div>\n<div><\/div>\n<div>El dia del concert vam sortir a mig mat\u00ed de l&#8217;escola i quan vam arribar a Cervera\u00a0 vam visitar el nucli antic amb les famoses muralles, porxos i el carrer\u00f3 de les bruixes. Vam dinar i jugar en un parc i ben puntuals ens vam dirigir al teatre la passi\u00f3 on ens esperaven l&#8217;organitzaci\u00f3 de la Clika.<\/div>\n<div>Despr\u00e9s d&#8217;un assaig on vam con\u00e8ixer el director de la Clika, la banda de m\u00fasics i la resta de cantaires (\u00e9rem uns 400 nens i nenes!) a les 18\u202fh vam realitzar el concert per als familiars.<\/div>\n<div>Ho podr\u00edem definir com un concert espectacular, i una gran experi\u00e8ncia per a tots (familiars i mestres) i especialment\u00a0per als nens i nenes de segon que han gaudit i apr\u00e8s molt\u00edssim amb el projecte.<\/div>\n<div><\/div>\n<div>Visca la Clika!<\/div>\n<div><\/div>\n<p>Si voleu veure algunes imatges i v\u00eddeos de la jornada podeu clicar damunt de la imatge de la Clika.<\/p>\n<div><\/div>\n<div><a href=\"https:\/\/drive.google.com\/drive\/folders\/1nf57dgkGkTINngczdgEc_EY_azvUVKds?usp=sharing\"><br \/>\n<img loading=\"lazy\" decoding=\"async\" class=\"size-medium wp-image-5753 aligncenter\" src=\"https:\/\/agora.xtec.cat\/ceiplacreutorrefarrera\/wp-content\/uploads\/usu389\/2024\/06\/Clika-300x216.jpg\" alt=\"\" width=\"300\" height=\"216\" srcset=\"https:\/\/agora.xtec.cat\/ceiplacreutorrefarrera\/wp-content\/uploads\/usu389\/2024\/06\/Clika-300x216.jpg 300w, https:\/\/agora.xtec.cat\/ceiplacreutorrefarrera\/wp-content\/uploads\/usu389\/2024\/06\/Clika.jpg 659w\" sizes=\"auto, (max-width: 300px) 100vw, 300px\" \/><\/a><\/div>\n<div class=\"yj6qo\"><\/div>\n<div class=\"adL\"><\/div>\n","protected":false},"excerpt":{"rendered":"<p>Aquest passat dijous 30 de maig vam concloure el projecte la Clika amb el concert al teatre la passi\u00f3 de Cervera. La Clika \u00e9s un projecte en el qual ens hem apuntat per primer cop aquest curs. \u00c9s una cantata que consta d&#8217;onze can\u00e7ons que expliquen com s\u00f3n una colla d&#8217;amics (la Clika), en cada [&hellip;]<\/p>\n","protected":false},"author":20,"featured_media":5753,"comment_status":"open","ping_status":"closed","sticky":false,"template":"","format":"standard","meta":{"_bbp_topic_count":0,"_bbp_reply_count":0,"_bbp_total_topic_count":0,"_bbp_total_reply_count":0,"_bbp_voice_count":0,"_bbp_anonymous_reply_count":0,"_bbp_topic_count_hidden":0,"_bbp_reply_count_hidden":0,"_bbp_forum_subforum_count":0,"site-sidebar-layout":"default","site-content-layout":"","ast-site-content-layout":"","site-content-style":"default","site-sidebar-style":"default","ast-global-header-display":"","ast-banner-title-visibility":"","ast-main-header-display":"","ast-hfb-above-header-display":"","ast-hfb-below-header-display":"","ast-hfb-mobile-header-display":"","site-post-title":"","ast-breadcrumbs-content":"","ast-featured-img":"","footer-sml-layout":"","theme-transparent-header-meta":"","adv-header-id-meta":"","stick-header-meta":"","header-above-stick-meta":"","header-main-stick-meta":"","header-below-stick-meta":"","astra-migrate-meta-layouts":"default","ast-page-background-enabled":"default","ast-page-background-meta":{"desktop":{"background-color":"var(--ast-global-color-4)","background-image":"","background-repeat":"repeat","background-position":"center center","background-size":"auto","background-attachment":"scroll","background-type":"","background-media":"","overlay-type":"","overlay-color":"","overlay-opacity":"","overlay-gradient":""},"tablet":{"background-color":"","background-image":"","background-repeat":"repeat","background-position":"center center","background-size":"auto","background-attachment":"scroll","background-type":"","background-media":"","overlay-type":"","overlay-color":"","overlay-opacity":"","overlay-gradient":""},"mobile":{"background-color":"","background-image":"","background-repeat":"repeat","background-position":"center center","background-size":"auto","background-attachment":"scroll","background-type":"","background-media":"","overlay-type":"","overlay-color":"","overlay-opacity":"","overlay-gradient":""}},"ast-content-background-meta":{"desktop":{"background-color":"var(--ast-global-color-5)","background-image":"","background-repeat":"repeat","background-position":"center center","background-size":"auto","background-attachment":"scroll","background-type":"","background-media":"","overlay-type":"","overlay-color":"","overlay-opacity":"","overlay-gradient":""},"tablet":{"background-color":"var(--ast-global-color-5)","background-image":"","background-repeat":"repeat","background-position":"center center","background-size":"auto","background-attachment":"scroll","background-type":"","background-media":"","overlay-type":"","overlay-color":"","overlay-opacity":"","overlay-gradient":""},"mobile":{"background-color":"var(--ast-global-color-5)","background-image":"","background-repeat":"repeat","background-position":"center center","background-size":"auto","background-attachment":"scroll","background-type":"","background-media":"","overlay-type":"","overlay-color":"","overlay-opacity":"","overlay-gradient":""}},"footnotes":""},"categories":[11,40,1,43,4,5],"tags":[68,271,272],"class_list":["post-5752","post","type-post","status-publish","format-standard","has-post-thumbnail","hentry","category-2n","category-activitats-de-centre","category-general","category-musica","category-portada","category-primaria","tag-2n","tag-clika","tag-concert"],"post_mailing_queue_ids":[],"_links":{"self":[{"href":"https:\/\/agora.xtec.cat\/ceiplacreutorrefarrera\/wp-json\/wp\/v2\/posts\/5752","targetHints":{"allow":["GET"]}}],"collection":[{"href":"https:\/\/agora.xtec.cat\/ceiplacreutorrefarrera\/wp-json\/wp\/v2\/posts"}],"about":[{"href":"https:\/\/agora.xtec.cat\/ceiplacreutorrefarrera\/wp-json\/wp\/v2\/types\/post"}],"author":[{"embeddable":true,"href":"https:\/\/agora.xtec.cat\/ceiplacreutorrefarrera\/wp-json\/wp\/v2\/users\/20"}],"replies":[{"embeddable":true,"href":"https:\/\/agora.xtec.cat\/ceiplacreutorrefarrera\/wp-json\/wp\/v2\/comments?post=5752"}],"version-history":[{"count":1,"href":"https:\/\/agora.xtec.cat\/ceiplacreutorrefarrera\/wp-json\/wp\/v2\/posts\/5752\/revisions"}],"predecessor-version":[{"id":5754,"href":"https:\/\/agora.xtec.cat\/ceiplacreutorrefarrera\/wp-json\/wp\/v2\/posts\/5752\/revisions\/5754"}],"wp:featuredmedia":[{"embeddable":true,"href":"https:\/\/agora.xtec.cat\/ceiplacreutorrefarrera\/wp-json\/wp\/v2\/media\/5753"}],"wp:attachment":[{"href":"https:\/\/agora.xtec.cat\/ceiplacreutorrefarrera\/wp-json\/wp\/v2\/media?parent=5752"}],"wp:term":[{"taxonomy":"category","embeddable":true,"href":"https:\/\/agora.xtec.cat\/ceiplacreutorrefarrera\/wp-json\/wp\/v2\/categories?post=5752"},{"taxonomy":"post_tag","embeddable":true,"href":"https:\/\/agora.xtec.cat\/ceiplacreutorrefarrera\/wp-json\/wp\/v2\/tags?post=5752"}],"curies":[{"name":"wp","href":"https:\/\/api.w.org\/{rel}","templated":true}]}}