{"id":5578,"date":"2024-03-22T08:20:44","date_gmt":"2024-03-22T07:20:44","guid":{"rendered":"https:\/\/agora.xtec.cat\/ceiplacreutorrefarrera\/?p=5578"},"modified":"2024-03-22T08:31:35","modified_gmt":"2024-03-22T07:31:35","slug":"sentim-la-poesia-6e","status":"publish","type":"post","link":"https:\/\/agora.xtec.cat\/ceiplacreutorrefarrera\/general\/sentim-la-poesia-6e\/","title":{"rendered":"SENTIM LA POESIA! (6\u00e8)"},"content":{"rendered":"<p>&nbsp;<\/p>\n<p lang=\"ca-ES\"><span style=\"color: #444444\"><span style=\"font-family: Open Sans, Arial, Helvetica, sans-serif\"><span style=\"font-size: medium\">A prop\u00f2sit del Dia Internacional de la Poesia (21 de mar\u00e7), l\u2019alumnat de 6\u00e8 hem participat en un <i>Taller de poesia<\/i> a la Biblioteca de Torrefarrera. Hem treballat els aspectes m\u00e9s rellevants d\u2019aquest g\u00e8nere, i hem aprofundit amb els Haikus tot participant en activitats m\u00e9s l\u00fadiques i entretingudes. <\/span><\/span><\/span><span style=\"color: #444444\"><span style=\"font-family: Open Sans, Arial, Helvetica, sans-serif\"><span style=\"font-size: medium\">Ha estat una grata sorpresa la decoraci\u00f3 que ens han preparat ja que s&#8217;ha creat un ambient po\u00e8tic molt inspirador per treballar la poesia.<\/span><\/span><\/span><\/p>\n<p lang=\"ca-ES\">I despr\u00e9s de Setmana santa, ser\u00e0 el torn de la creativitat, on intentarem elaborar les nostres composicions&#8230; En fi, un plaer haver sentit la poesia en el seu Dia Internacional!<\/p>\n<p lang=\"ca-ES\"><a href=\"https:\/\/drive.google.com\/drive\/u\/0\/folders\/11i00wq9J5LzHaYoZEJbRZ4Sw9RH0iK5m\">CLIQUEU AQU\u00cd PER VEURE&#8217;N LES FOTOGRAFIES!!!<\/a><\/p>\n","protected":false},"excerpt":{"rendered":"<p>&nbsp; A prop\u00f2sit del Dia Internacional de la Poesia (21 de mar\u00e7), l\u2019alumnat de 6\u00e8 hem participat en un Taller de poesia a la Biblioteca de Torrefarrera. Hem treballat els aspectes m\u00e9s rellevants d\u2019aquest g\u00e8nere, i hem aprofundit amb els Haikus tot participant en activitats m\u00e9s l\u00fadiques i entretingudes. Ha estat una grata sorpresa la [&hellip;]<\/p>\n","protected":false},"author":30,"featured_media":5598,"comment_status":"open","ping_status":"closed","sticky":false,"template":"","format":"standard","meta":{"_bbp_topic_count":0,"_bbp_reply_count":0,"_bbp_total_topic_count":0,"_bbp_total_reply_count":0,"_bbp_voice_count":0,"_bbp_anonymous_reply_count":0,"_bbp_topic_count_hidden":0,"_bbp_reply_count_hidden":0,"_bbp_forum_subforum_count":0,"site-sidebar-layout":"default","site-content-layout":"","ast-site-content-layout":"","site-content-style":"default","site-sidebar-style":"default","ast-global-header-display":"","ast-banner-title-visibility":"","ast-main-header-display":"","ast-hfb-above-header-display":"","ast-hfb-below-header-display":"","ast-hfb-mobile-header-display":"","site-post-title":"","ast-breadcrumbs-content":"","ast-featured-img":"","footer-sml-layout":"","theme-transparent-header-meta":"","adv-header-id-meta":"","stick-header-meta":"","header-above-stick-meta":"","header-main-stick-meta":"","header-below-stick-meta":"","astra-migrate-meta-layouts":"default","ast-page-background-enabled":"default","ast-page-background-meta":{"desktop":{"background-color":"var(--ast-global-color-4)","background-image":"","background-repeat":"repeat","background-position":"center center","background-size":"auto","background-attachment":"scroll","background-type":"","background-media":"","overlay-type":"","overlay-color":"","overlay-opacity":"","overlay-gradient":""},"tablet":{"background-color":"","background-image":"","background-repeat":"repeat","background-position":"center center","background-size":"auto","background-attachment":"scroll","background-type":"","background-media":"","overlay-type":"","overlay-color":"","overlay-opacity":"","overlay-gradient":""},"mobile":{"background-color":"","background-image":"","background-repeat":"repeat","background-position":"center center","background-size":"auto","background-attachment":"scroll","background-type":"","background-media":"","overlay-type":"","overlay-color":"","overlay-opacity":"","overlay-gradient":""}},"ast-content-background-meta":{"desktop":{"background-color":"var(--ast-global-color-5)","background-image":"","background-repeat":"repeat","background-position":"center center","background-size":"auto","background-attachment":"scroll","background-type":"","background-media":"","overlay-type":"","overlay-color":"","overlay-opacity":"","overlay-gradient":""},"tablet":{"background-color":"var(--ast-global-color-5)","background-image":"","background-repeat":"repeat","background-position":"center center","background-size":"auto","background-attachment":"scroll","background-type":"","background-media":"","overlay-type":"","overlay-color":"","overlay-opacity":"","overlay-gradient":""},"mobile":{"background-color":"var(--ast-global-color-5)","background-image":"","background-repeat":"repeat","background-position":"center center","background-size":"auto","background-attachment":"scroll","background-type":"","background-media":"","overlay-type":"","overlay-color":"","overlay-opacity":"","overlay-gradient":""}},"footnotes":""},"categories":[15,1,4,5],"tags":[51,177,164,256],"class_list":["post-5578","post","type-post","status-publish","format-standard","has-post-thumbnail","hentry","category-6e","category-general","category-portada","category-primaria","tag-6e","tag-activitats","tag-biblioteca","tag-poesia"],"post_mailing_queue_ids":[],"_links":{"self":[{"href":"https:\/\/agora.xtec.cat\/ceiplacreutorrefarrera\/wp-json\/wp\/v2\/posts\/5578","targetHints":{"allow":["GET"]}}],"collection":[{"href":"https:\/\/agora.xtec.cat\/ceiplacreutorrefarrera\/wp-json\/wp\/v2\/posts"}],"about":[{"href":"https:\/\/agora.xtec.cat\/ceiplacreutorrefarrera\/wp-json\/wp\/v2\/types\/post"}],"author":[{"embeddable":true,"href":"https:\/\/agora.xtec.cat\/ceiplacreutorrefarrera\/wp-json\/wp\/v2\/users\/30"}],"replies":[{"embeddable":true,"href":"https:\/\/agora.xtec.cat\/ceiplacreutorrefarrera\/wp-json\/wp\/v2\/comments?post=5578"}],"version-history":[{"count":3,"href":"https:\/\/agora.xtec.cat\/ceiplacreutorrefarrera\/wp-json\/wp\/v2\/posts\/5578\/revisions"}],"predecessor-version":[{"id":5596,"href":"https:\/\/agora.xtec.cat\/ceiplacreutorrefarrera\/wp-json\/wp\/v2\/posts\/5578\/revisions\/5596"}],"wp:featuredmedia":[{"embeddable":true,"href":"https:\/\/agora.xtec.cat\/ceiplacreutorrefarrera\/wp-json\/wp\/v2\/media\/5598"}],"wp:attachment":[{"href":"https:\/\/agora.xtec.cat\/ceiplacreutorrefarrera\/wp-json\/wp\/v2\/media?parent=5578"}],"wp:term":[{"taxonomy":"category","embeddable":true,"href":"https:\/\/agora.xtec.cat\/ceiplacreutorrefarrera\/wp-json\/wp\/v2\/categories?post=5578"},{"taxonomy":"post_tag","embeddable":true,"href":"https:\/\/agora.xtec.cat\/ceiplacreutorrefarrera\/wp-json\/wp\/v2\/tags?post=5578"}],"curies":[{"name":"wp","href":"https:\/\/api.w.org\/{rel}","templated":true}]}}