{"id":5559,"date":"2024-03-13T12:31:54","date_gmt":"2024-03-13T11:31:54","guid":{"rendered":"https:\/\/agora.xtec.cat\/ceiplacreutorrefarrera\/?p=5559"},"modified":"2024-03-13T13:41:08","modified_gmt":"2024-03-13T12:41:08","slug":"sortida-de-5e-a-lauditori-municipal-enric-granados-lorquestra-simfonica","status":"publish","type":"post","link":"https:\/\/agora.xtec.cat\/ceiplacreutorrefarrera\/general\/sortida-de-5e-a-lauditori-municipal-enric-granados-lorquestra-simfonica\/","title":{"rendered":"SORTIDA DE 5\u00e8 a L&#8217;AUDITORI MUNICIPAL ENRIC GRANADOS: L\u2019ORQUESTRA SIMF\u00d2NICA"},"content":{"rendered":"<p><span style=\"font-weight: 400\"> <a href=\"https:\/\/drive.google.com\/drive\/folders\/1VzkijuZP3QB1TUG_jGLR8QTUhESXtioE?usp=sharing\" target=\"_blank\" rel=\"noopener\"><img loading=\"lazy\" decoding=\"async\" class=\"size-full wp-image-5563 alignleft\" src=\"https:\/\/agora.xtec.cat\/ceiplacreutorrefarrera\/wp-content\/uploads\/usu389\/2024\/03\/baixa-2.jpg\" alt=\"\" width=\"260\" height=\"194\" srcset=\"https:\/\/agora.xtec.cat\/ceiplacreutorrefarrera\/wp-content\/uploads\/usu389\/2024\/03\/baixa-2.jpg 260w, https:\/\/agora.xtec.cat\/ceiplacreutorrefarrera\/wp-content\/uploads\/usu389\/2024\/03\/baixa-2-200x150.jpg 200w\" sizes=\"auto, (max-width: 260px) 100vw, 260px\" \/><\/a>Ahir dimarts dia 12 de mar\u00e7 l\u2019alumnat de 5\u00e8 vam anar a l\u2019Auditori Enric Granados de Lleida.<\/span><\/p>\n<p><span style=\"font-weight: 400\">Ens van ensenyar els diferents\u00a0 instruments i fam\u00edlies que hi ha en una orquestra simf\u00f2nica i on se situen. Tamb\u00e9 vam aprendre que tots els instruments no tenen el mateix so, i es van presentar els m\u00fasics. Finalment ens van tocar diferents can\u00e7ons de pel\u00b7l\u00edcules famoses.\u00a0<\/span><\/p>\n<p><span style=\"font-weight: 400\">Si voleu veure alguna foto, cliqueu a la imatge.<\/span><\/p>\n<p><span style=\"font-weight: 400\">\u00a0<\/span><span style=\"font-weight: 400\">Els i les alumnes de cinqu\u00e8 <\/span><\/p>\n<p>&nbsp;<\/p>\n","protected":false},"excerpt":{"rendered":"<p>Ahir dimarts dia 12 de mar\u00e7 l\u2019alumnat de 5\u00e8 vam anar a l\u2019Auditori Enric Granados de Lleida. Ens van ensenyar els diferents\u00a0 instruments i fam\u00edlies que hi ha en una orquestra simf\u00f2nica i on se situen. Tamb\u00e9 vam aprendre que tots els instruments no tenen el mateix so, i es van presentar els m\u00fasics. Finalment [&hellip;]<\/p>\n","protected":false},"author":10,"featured_media":5562,"comment_status":"open","ping_status":"closed","sticky":false,"template":"","format":"standard","meta":{"_bbp_topic_count":0,"_bbp_reply_count":0,"_bbp_total_topic_count":0,"_bbp_total_reply_count":0,"_bbp_voice_count":0,"_bbp_anonymous_reply_count":0,"_bbp_topic_count_hidden":0,"_bbp_reply_count_hidden":0,"_bbp_forum_subforum_count":0,"site-sidebar-layout":"default","site-content-layout":"","ast-site-content-layout":"","site-content-style":"default","site-sidebar-style":"default","ast-global-header-display":"","ast-banner-title-visibility":"","ast-main-header-display":"","ast-hfb-above-header-display":"","ast-hfb-below-header-display":"","ast-hfb-mobile-header-display":"","site-post-title":"","ast-breadcrumbs-content":"","ast-featured-img":"","footer-sml-layout":"","theme-transparent-header-meta":"","adv-header-id-meta":"","stick-header-meta":"","header-above-stick-meta":"","header-main-stick-meta":"","header-below-stick-meta":"","astra-migrate-meta-layouts":"default","ast-page-background-enabled":"default","ast-page-background-meta":{"desktop":{"background-color":"var(--ast-global-color-4)","background-image":"","background-repeat":"repeat","background-position":"center center","background-size":"auto","background-attachment":"scroll","background-type":"","background-media":"","overlay-type":"","overlay-color":"","overlay-opacity":"","overlay-gradient":""},"tablet":{"background-color":"","background-image":"","background-repeat":"repeat","background-position":"center center","background-size":"auto","background-attachment":"scroll","background-type":"","background-media":"","overlay-type":"","overlay-color":"","overlay-opacity":"","overlay-gradient":""},"mobile":{"background-color":"","background-image":"","background-repeat":"repeat","background-position":"center center","background-size":"auto","background-attachment":"scroll","background-type":"","background-media":"","overlay-type":"","overlay-color":"","overlay-opacity":"","overlay-gradient":""}},"ast-content-background-meta":{"desktop":{"background-color":"var(--ast-global-color-5)","background-image":"","background-repeat":"repeat","background-position":"center center","background-size":"auto","background-attachment":"scroll","background-type":"","background-media":"","overlay-type":"","overlay-color":"","overlay-opacity":"","overlay-gradient":""},"tablet":{"background-color":"var(--ast-global-color-5)","background-image":"","background-repeat":"repeat","background-position":"center center","background-size":"auto","background-attachment":"scroll","background-type":"","background-media":"","overlay-type":"","overlay-color":"","overlay-opacity":"","overlay-gradient":""},"mobile":{"background-color":"var(--ast-global-color-5)","background-image":"","background-repeat":"repeat","background-position":"center center","background-size":"auto","background-attachment":"scroll","background-type":"","background-media":"","overlay-type":"","overlay-color":"","overlay-opacity":"","overlay-gradient":""}},"footnotes":""},"categories":[14,40,1,4,5],"tags":[58,89],"class_list":["post-5559","post","type-post","status-publish","format-standard","has-post-thumbnail","hentry","category-5e","category-activitats-de-centre","category-general","category-portada","category-primaria","tag-5e","tag-musica"],"post_mailing_queue_ids":[],"_links":{"self":[{"href":"https:\/\/agora.xtec.cat\/ceiplacreutorrefarrera\/wp-json\/wp\/v2\/posts\/5559","targetHints":{"allow":["GET"]}}],"collection":[{"href":"https:\/\/agora.xtec.cat\/ceiplacreutorrefarrera\/wp-json\/wp\/v2\/posts"}],"about":[{"href":"https:\/\/agora.xtec.cat\/ceiplacreutorrefarrera\/wp-json\/wp\/v2\/types\/post"}],"author":[{"embeddable":true,"href":"https:\/\/agora.xtec.cat\/ceiplacreutorrefarrera\/wp-json\/wp\/v2\/users\/10"}],"replies":[{"embeddable":true,"href":"https:\/\/agora.xtec.cat\/ceiplacreutorrefarrera\/wp-json\/wp\/v2\/comments?post=5559"}],"version-history":[{"count":2,"href":"https:\/\/agora.xtec.cat\/ceiplacreutorrefarrera\/wp-json\/wp\/v2\/posts\/5559\/revisions"}],"predecessor-version":[{"id":5573,"href":"https:\/\/agora.xtec.cat\/ceiplacreutorrefarrera\/wp-json\/wp\/v2\/posts\/5559\/revisions\/5573"}],"wp:featuredmedia":[{"embeddable":true,"href":"https:\/\/agora.xtec.cat\/ceiplacreutorrefarrera\/wp-json\/wp\/v2\/media\/5562"}],"wp:attachment":[{"href":"https:\/\/agora.xtec.cat\/ceiplacreutorrefarrera\/wp-json\/wp\/v2\/media?parent=5559"}],"wp:term":[{"taxonomy":"category","embeddable":true,"href":"https:\/\/agora.xtec.cat\/ceiplacreutorrefarrera\/wp-json\/wp\/v2\/categories?post=5559"},{"taxonomy":"post_tag","embeddable":true,"href":"https:\/\/agora.xtec.cat\/ceiplacreutorrefarrera\/wp-json\/wp\/v2\/tags?post=5559"}],"curies":[{"name":"wp","href":"https:\/\/api.w.org\/{rel}","templated":true}]}}