{"id":5549,"date":"2024-03-11T19:12:42","date_gmt":"2024-03-11T18:12:42","guid":{"rendered":"https:\/\/agora.xtec.cat\/ceiplacreutorrefarrera\/?p=5549"},"modified":"2024-03-11T21:05:21","modified_gmt":"2024-03-11T20:05:21","slug":"visitem-lins-joan-sola-6e","status":"publish","type":"post","link":"https:\/\/agora.xtec.cat\/ceiplacreutorrefarrera\/general\/visitem-lins-joan-sola-6e\/","title":{"rendered":"VISITEM L&#8217;INS JOAN SOL\u00c0 (6\u00e8)"},"content":{"rendered":"<p><span lang=\"ca-ES\">Els <\/span><span lang=\"ca-ES\">i les <\/span><span lang=\"ca-ES\">alumnes de sis\u00e8 hem fet una sortida <\/span><span lang=\"ca-ES\">ben emocionant i diferent<\/span><span lang=\"ca-ES\">: hem anat a con\u00e8ixer l\u2019institut de Torrefarrera on, de ben segur, la majoria de nosaltres ens endinsarem al m\u00f3n de l&#8217;ESO a partir del curs vinent. A l\u2019arribar, la directora ens ha donat la benvinguda <\/span><span lang=\"ca-ES\">i,<\/span><span lang=\"ca-ES\"> tot seguit, l\u2019alumnat de 1r d\u2019ESO <\/span><span lang=\"ca-ES\">i<\/span><span lang=\"ca-ES\"> professorat del centre ens han acompanyat a fer un recorregut per les instal\u00b7lacions. Ens ha encantat l\u2019espai ja que \u00e9s gran, modern <\/span><span lang=\"ca-ES\">i<\/span><span lang=\"ca-ES\"> amb bones vistes. <\/span><span lang=\"ca-ES\">Ens ha fet molta il\u00b7lusi\u00f3 la trobada i con\u00e8ixer de primera m\u00e0 el centre. Des d&#8217;aqu\u00ed, aprofitem per agrair l\u2019atenci\u00f3 i les bones explicacions que ens han fet els companys i les companyes de 1r d\u2019ESO.<\/span><\/p>\n<p>&nbsp;<\/p>\n<p><a href=\"https:\/\/drive.google.com\/drive\/u\/1\/folders\/1bHhde8-Gp0wv7XbpeRZpCUqJhNyA8WPc\">CLIQUEU AQU\u00cd PER VEURE&#8217;N LES FOTOS<\/a><\/p>\n","protected":false},"excerpt":{"rendered":"<p>Els i les alumnes de sis\u00e8 hem fet una sortida ben emocionant i diferent: hem anat a con\u00e8ixer l\u2019institut de Torrefarrera on, de ben segur, la majoria de nosaltres ens endinsarem al m\u00f3n de l&#8217;ESO a partir del curs vinent. A l\u2019arribar, la directora ens ha donat la benvinguda i, tot seguit, l\u2019alumnat de 1r [&hellip;]<\/p>\n","protected":false},"author":30,"featured_media":5551,"comment_status":"open","ping_status":"closed","sticky":false,"template":"","format":"standard","meta":{"_bbp_topic_count":0,"_bbp_reply_count":0,"_bbp_total_topic_count":0,"_bbp_total_reply_count":0,"_bbp_voice_count":0,"_bbp_anonymous_reply_count":0,"_bbp_topic_count_hidden":0,"_bbp_reply_count_hidden":0,"_bbp_forum_subforum_count":0,"site-sidebar-layout":"default","site-content-layout":"","ast-site-content-layout":"","site-content-style":"default","site-sidebar-style":"default","ast-global-header-display":"","ast-banner-title-visibility":"","ast-main-header-display":"","ast-hfb-above-header-display":"","ast-hfb-below-header-display":"","ast-hfb-mobile-header-display":"","site-post-title":"","ast-breadcrumbs-content":"","ast-featured-img":"","footer-sml-layout":"","theme-transparent-header-meta":"","adv-header-id-meta":"","stick-header-meta":"","header-above-stick-meta":"","header-main-stick-meta":"","header-below-stick-meta":"","astra-migrate-meta-layouts":"default","ast-page-background-enabled":"default","ast-page-background-meta":{"desktop":{"background-color":"var(--ast-global-color-4)","background-image":"","background-repeat":"repeat","background-position":"center center","background-size":"auto","background-attachment":"scroll","background-type":"","background-media":"","overlay-type":"","overlay-color":"","overlay-opacity":"","overlay-gradient":""},"tablet":{"background-color":"","background-image":"","background-repeat":"repeat","background-position":"center center","background-size":"auto","background-attachment":"scroll","background-type":"","background-media":"","overlay-type":"","overlay-color":"","overlay-opacity":"","overlay-gradient":""},"mobile":{"background-color":"","background-image":"","background-repeat":"repeat","background-position":"center center","background-size":"auto","background-attachment":"scroll","background-type":"","background-media":"","overlay-type":"","overlay-color":"","overlay-opacity":"","overlay-gradient":""}},"ast-content-background-meta":{"desktop":{"background-color":"var(--ast-global-color-5)","background-image":"","background-repeat":"repeat","background-position":"center center","background-size":"auto","background-attachment":"scroll","background-type":"","background-media":"","overlay-type":"","overlay-color":"","overlay-opacity":"","overlay-gradient":""},"tablet":{"background-color":"var(--ast-global-color-5)","background-image":"","background-repeat":"repeat","background-position":"center center","background-size":"auto","background-attachment":"scroll","background-type":"","background-media":"","overlay-type":"","overlay-color":"","overlay-opacity":"","overlay-gradient":""},"mobile":{"background-color":"var(--ast-global-color-5)","background-image":"","background-repeat":"repeat","background-position":"center center","background-size":"auto","background-attachment":"scroll","background-type":"","background-media":"","overlay-type":"","overlay-color":"","overlay-opacity":"","overlay-gradient":""}},"footnotes":""},"categories":[15,1,4,5],"tags":[51,175,165,255,196],"class_list":["post-5549","post","type-post","status-publish","format-standard","has-post-thumbnail","hentry","category-6e","category-general","category-portada","category-primaria","tag-6e","tag-eso","tag-institut","tag-portes-obertes","tag-sortida"],"post_mailing_queue_ids":[],"_links":{"self":[{"href":"https:\/\/agora.xtec.cat\/ceiplacreutorrefarrera\/wp-json\/wp\/v2\/posts\/5549","targetHints":{"allow":["GET"]}}],"collection":[{"href":"https:\/\/agora.xtec.cat\/ceiplacreutorrefarrera\/wp-json\/wp\/v2\/posts"}],"about":[{"href":"https:\/\/agora.xtec.cat\/ceiplacreutorrefarrera\/wp-json\/wp\/v2\/types\/post"}],"author":[{"embeddable":true,"href":"https:\/\/agora.xtec.cat\/ceiplacreutorrefarrera\/wp-json\/wp\/v2\/users\/30"}],"replies":[{"embeddable":true,"href":"https:\/\/agora.xtec.cat\/ceiplacreutorrefarrera\/wp-json\/wp\/v2\/comments?post=5549"}],"version-history":[{"count":4,"href":"https:\/\/agora.xtec.cat\/ceiplacreutorrefarrera\/wp-json\/wp\/v2\/posts\/5549\/revisions"}],"predecessor-version":[{"id":5554,"href":"https:\/\/agora.xtec.cat\/ceiplacreutorrefarrera\/wp-json\/wp\/v2\/posts\/5549\/revisions\/5554"}],"wp:featuredmedia":[{"embeddable":true,"href":"https:\/\/agora.xtec.cat\/ceiplacreutorrefarrera\/wp-json\/wp\/v2\/media\/5551"}],"wp:attachment":[{"href":"https:\/\/agora.xtec.cat\/ceiplacreutorrefarrera\/wp-json\/wp\/v2\/media?parent=5549"}],"wp:term":[{"taxonomy":"category","embeddable":true,"href":"https:\/\/agora.xtec.cat\/ceiplacreutorrefarrera\/wp-json\/wp\/v2\/categories?post=5549"},{"taxonomy":"post_tag","embeddable":true,"href":"https:\/\/agora.xtec.cat\/ceiplacreutorrefarrera\/wp-json\/wp\/v2\/tags?post=5549"}],"curies":[{"name":"wp","href":"https:\/\/api.w.org\/{rel}","templated":true}]}}