{"id":5529,"date":"2024-03-06T09:47:19","date_gmt":"2024-03-06T08:47:19","guid":{"rendered":"https:\/\/agora.xtec.cat\/ceiplacreutorrefarrera\/?p=5529"},"modified":"2024-03-06T09:47:19","modified_gmt":"2024-03-06T08:47:19","slug":"les-piles-a-lapilo-de-lescola","status":"publish","type":"post","link":"https:\/\/agora.xtec.cat\/ceiplacreutorrefarrera\/portada\/les-piles-a-lapilo-de-lescola\/","title":{"rendered":"LES PILES, A L&#8217;APILO DE L&#8217;ESCOLA!"},"content":{"rendered":"<p>LES PILES, A L&#8217;APILO DE L&#8217;ESCOLA.<\/p>\n<p>Com ja sabeu, l&#8217;escola, d&#8217;acord amb l&#8217;AFA ens vam inscriure al concurs\u00a0&#8220;Les Piles, a l&#8217;Apilo de l&#8217;escola. APILO XII&#8221; que promou el Departament d&#8217;Acci\u00f3 Clim\u00e0tica, Alimentaci\u00f3 i Acci\u00f3 Rural, a trav\u00e9s de l&#8217;Ag\u00e8ncia de Residus de Catalunya.<br \/>\nEl concurs consisteix a recollir piles i acumuladors port\u00e0tils. Es consideren piles i acumuladors port\u00e0tils qualsevol pila, pila bot\u00f3, acumulador o bateria que estigui precintat, que pugui portar-se a la m\u00e0 i no sigui industrial ni d&#8217;automoci\u00f3, com ara les piles bot\u00f3 i est\u00e0ndard i els acumuladors utilitzats en tel\u00e8fons m\u00f2bils, c\u00e0meres de v\u00eddeo i eines port\u00e0tils.<br \/>\nEl concurs es va iniciar el passat 17 de febrer i s&#8217;acaba el proper 5 d&#8217;abril. Fins aquesta data, doncs podeu anar portant piles i acumuladors gastats i dipositar-los en els contenidors que tenim ubicats a l&#8217;entrada principal.<\/p>\n<p>A data d&#8217;avui, 6 de mar\u00e7, ja hem omplert tot un contenidor i n&#8217;hem encetat un de nou !<\/p>\n<p>Us animem a que ens ajudeu en aquesta iniciativa ja que el centre guanyador rebr\u00e0 una dotaci\u00f3 econ\u00f2mica de 1.500 euros per invertir en material escolar, esportiu, o per activitats educatives per a l&#8217;alumnat.<\/p>\n<p>Moltes gr\u00e0cies!<\/p>\n<p><a href=\"https:\/\/drive.google.com\/drive\/folders\/1X-mscsJ9HAFpNsVcSTKFfKzOrqpSOJMp?usp=sharing\">Aqu\u00ed teniu fotos del contenidor.<\/a><\/p>\n<p>&nbsp;<\/p>\n<p>&nbsp;<\/p>\n","protected":false},"excerpt":{"rendered":"<p>LES PILES, A L&#8217;APILO DE L&#8217;ESCOLA. Com ja sabeu, l&#8217;escola, d&#8217;acord amb l&#8217;AFA ens vam inscriure al concurs\u00a0&#8220;Les Piles, a l&#8217;Apilo de l&#8217;escola. APILO XII&#8221; que promou el Departament d&#8217;Acci\u00f3 Clim\u00e0tica, Alimentaci\u00f3 i Acci\u00f3 Rural, a trav\u00e9s de l&#8217;Ag\u00e8ncia de Residus de Catalunya. El concurs consisteix a recollir piles i acumuladors port\u00e0tils. Es consideren piles [&hellip;]<\/p>\n","protected":false},"author":1,"featured_media":5531,"comment_status":"open","ping_status":"closed","sticky":false,"template":"","format":"standard","meta":{"_bbp_topic_count":0,"_bbp_reply_count":0,"_bbp_total_topic_count":0,"_bbp_total_reply_count":0,"_bbp_voice_count":0,"_bbp_anonymous_reply_count":0,"_bbp_topic_count_hidden":0,"_bbp_reply_count_hidden":0,"_bbp_forum_subforum_count":0,"site-sidebar-layout":"default","site-content-layout":"","ast-site-content-layout":"","site-content-style":"default","site-sidebar-style":"default","ast-global-header-display":"","ast-banner-title-visibility":"","ast-main-header-display":"","ast-hfb-above-header-display":"","ast-hfb-below-header-display":"","ast-hfb-mobile-header-display":"","site-post-title":"","ast-breadcrumbs-content":"","ast-featured-img":"","footer-sml-layout":"","theme-transparent-header-meta":"","adv-header-id-meta":"","stick-header-meta":"","header-above-stick-meta":"","header-main-stick-meta":"","header-below-stick-meta":"","astra-migrate-meta-layouts":"default","ast-page-background-enabled":"default","ast-page-background-meta":{"desktop":{"background-color":"var(--ast-global-color-4)","background-image":"","background-repeat":"repeat","background-position":"center center","background-size":"auto","background-attachment":"scroll","background-type":"","background-media":"","overlay-type":"","overlay-color":"","overlay-opacity":"","overlay-gradient":""},"tablet":{"background-color":"","background-image":"","background-repeat":"repeat","background-position":"center center","background-size":"auto","background-attachment":"scroll","background-type":"","background-media":"","overlay-type":"","overlay-color":"","overlay-opacity":"","overlay-gradient":""},"mobile":{"background-color":"","background-image":"","background-repeat":"repeat","background-position":"center center","background-size":"auto","background-attachment":"scroll","background-type":"","background-media":"","overlay-type":"","overlay-color":"","overlay-opacity":"","overlay-gradient":""}},"ast-content-background-meta":{"desktop":{"background-color":"var(--ast-global-color-5)","background-image":"","background-repeat":"repeat","background-position":"center center","background-size":"auto","background-attachment":"scroll","background-type":"","background-media":"","overlay-type":"","overlay-color":"","overlay-opacity":"","overlay-gradient":""},"tablet":{"background-color":"var(--ast-global-color-5)","background-image":"","background-repeat":"repeat","background-position":"center center","background-size":"auto","background-attachment":"scroll","background-type":"","background-media":"","overlay-type":"","overlay-color":"","overlay-opacity":"","overlay-gradient":""},"mobile":{"background-color":"var(--ast-global-color-5)","background-image":"","background-repeat":"repeat","background-position":"center center","background-size":"auto","background-attachment":"scroll","background-type":"","background-media":"","overlay-type":"","overlay-color":"","overlay-opacity":"","overlay-gradient":""}},"footnotes":""},"categories":[4],"tags":[],"class_list":["post-5529","post","type-post","status-publish","format-standard","has-post-thumbnail","hentry","category-portada"],"post_mailing_queue_ids":[],"_links":{"self":[{"href":"https:\/\/agora.xtec.cat\/ceiplacreutorrefarrera\/wp-json\/wp\/v2\/posts\/5529","targetHints":{"allow":["GET"]}}],"collection":[{"href":"https:\/\/agora.xtec.cat\/ceiplacreutorrefarrera\/wp-json\/wp\/v2\/posts"}],"about":[{"href":"https:\/\/agora.xtec.cat\/ceiplacreutorrefarrera\/wp-json\/wp\/v2\/types\/post"}],"author":[{"embeddable":true,"href":"https:\/\/agora.xtec.cat\/ceiplacreutorrefarrera\/wp-json\/wp\/v2\/users\/1"}],"replies":[{"embeddable":true,"href":"https:\/\/agora.xtec.cat\/ceiplacreutorrefarrera\/wp-json\/wp\/v2\/comments?post=5529"}],"version-history":[{"count":1,"href":"https:\/\/agora.xtec.cat\/ceiplacreutorrefarrera\/wp-json\/wp\/v2\/posts\/5529\/revisions"}],"predecessor-version":[{"id":5532,"href":"https:\/\/agora.xtec.cat\/ceiplacreutorrefarrera\/wp-json\/wp\/v2\/posts\/5529\/revisions\/5532"}],"wp:featuredmedia":[{"embeddable":true,"href":"https:\/\/agora.xtec.cat\/ceiplacreutorrefarrera\/wp-json\/wp\/v2\/media\/5531"}],"wp:attachment":[{"href":"https:\/\/agora.xtec.cat\/ceiplacreutorrefarrera\/wp-json\/wp\/v2\/media?parent=5529"}],"wp:term":[{"taxonomy":"category","embeddable":true,"href":"https:\/\/agora.xtec.cat\/ceiplacreutorrefarrera\/wp-json\/wp\/v2\/categories?post=5529"},{"taxonomy":"post_tag","embeddable":true,"href":"https:\/\/agora.xtec.cat\/ceiplacreutorrefarrera\/wp-json\/wp\/v2\/tags?post=5529"}],"curies":[{"name":"wp","href":"https:\/\/api.w.org\/{rel}","templated":true}]}}