{"id":5513,"date":"2024-02-28T13:08:59","date_gmt":"2024-02-28T12:08:59","guid":{"rendered":"https:\/\/agora.xtec.cat\/ceiplacreutorrefarrera\/?p=5513"},"modified":"2024-03-01T16:23:24","modified_gmt":"2024-03-01T15:23:24","slug":"ci-assisteix-a-lanimac","status":"publish","type":"post","link":"https:\/\/agora.xtec.cat\/ceiplacreutorrefarrera\/general\/ci-assisteix-a-lanimac\/","title":{"rendered":"CI ASSISTEIX A L&#8217;ANIMAC"},"content":{"rendered":"<p>El dimarts 6 de febrer tot el cicle inicial ens vam despla\u00e7ar fins al centre cultural La Llotja de Lleida per poder assistir al visionat de tres curtmetratges dins del cicle de projeccions de l&#8217;ANIMAC.<\/p>\n<p>Aquest any ja \u00e9s la 28a edici\u00f3 de la Mostra Internacional de Cinema d\u2019Animaci\u00f3 de Catalunya, i sota el lema \u201cDiversity\u201d, s&#8217;ha posat el focus en la diversitat. Quan parlem de diversitat no ens referim solament a la representaci\u00f3 cultural, sin\u00f3 tamb\u00e9 a la pluralitat d\u2019identitats de g\u00e8nere, orientacions sexuals i habilitats f\u00edsiques i cognitives.<\/p>\n<p>L&#8217;experi\u00e8ncia va ser molt positiva i les hist\u00f2ries que ens van explicar els tres curtmetratges molt entretingudes i emocionants.<\/p>\n<p>Cliqueu en la seg\u00fcent imatge per veure les fotos.<\/p>\n<p><a href=\"https:\/\/drive.google.com\/drive\/folders\/104VEuiVuX4Ls6CQu5fAHes7vLh7d667N?usp=sharing\"><img loading=\"lazy\" decoding=\"async\" class=\" wp-image-5514 aligncenter\" src=\"https:\/\/agora.xtec.cat\/ceiplacreutorrefarrera\/wp-content\/uploads\/usu389\/2024\/02\/20240214_12-300x139.jpg\" alt=\"\" width=\"373\" height=\"173\" srcset=\"https:\/\/agora.xtec.cat\/ceiplacreutorrefarrera\/wp-content\/uploads\/usu389\/2024\/02\/20240214_12-300x139.jpg 300w, https:\/\/agora.xtec.cat\/ceiplacreutorrefarrera\/wp-content\/uploads\/usu389\/2024\/02\/20240214_12-1024x473.jpg 1024w, https:\/\/agora.xtec.cat\/ceiplacreutorrefarrera\/wp-content\/uploads\/usu389\/2024\/02\/20240214_12-768x355.jpg 768w, https:\/\/agora.xtec.cat\/ceiplacreutorrefarrera\/wp-content\/uploads\/usu389\/2024\/02\/20240214_12-1536x710.jpg 1536w, https:\/\/agora.xtec.cat\/ceiplacreutorrefarrera\/wp-content\/uploads\/usu389\/2024\/02\/20240214_12.jpg 2000w\" sizes=\"auto, (max-width: 373px) 100vw, 373px\" \/> y<\/a><\/p>\n","protected":false},"excerpt":{"rendered":"<p>El dimarts 6 de febrer tot el cicle inicial ens vam despla\u00e7ar fins al centre cultural La Llotja de Lleida per poder assistir al visionat de tres curtmetratges dins del cicle de projeccions de l&#8217;ANIMAC. Aquest any ja \u00e9s la 28a edici\u00f3 de la Mostra Internacional de Cinema d\u2019Animaci\u00f3 de Catalunya, i sota el lema [&hellip;]<\/p>\n","protected":false},"author":20,"featured_media":5514,"comment_status":"open","ping_status":"closed","sticky":false,"template":"","format":"standard","meta":{"_bbp_topic_count":0,"_bbp_reply_count":0,"_bbp_total_topic_count":0,"_bbp_total_reply_count":0,"_bbp_voice_count":0,"_bbp_anonymous_reply_count":0,"_bbp_topic_count_hidden":0,"_bbp_reply_count_hidden":0,"_bbp_forum_subforum_count":0,"site-sidebar-layout":"default","site-content-layout":"","ast-site-content-layout":"","site-content-style":"default","site-sidebar-style":"default","ast-global-header-display":"","ast-banner-title-visibility":"","ast-main-header-display":"","ast-hfb-above-header-display":"","ast-hfb-below-header-display":"","ast-hfb-mobile-header-display":"","site-post-title":"","ast-breadcrumbs-content":"","ast-featured-img":"","footer-sml-layout":"","theme-transparent-header-meta":"","adv-header-id-meta":"","stick-header-meta":"","header-above-stick-meta":"","header-main-stick-meta":"","header-below-stick-meta":"","astra-migrate-meta-layouts":"default","ast-page-background-enabled":"default","ast-page-background-meta":{"desktop":{"background-color":"var(--ast-global-color-4)","background-image":"","background-repeat":"repeat","background-position":"center center","background-size":"auto","background-attachment":"scroll","background-type":"","background-media":"","overlay-type":"","overlay-color":"","overlay-opacity":"","overlay-gradient":""},"tablet":{"background-color":"","background-image":"","background-repeat":"repeat","background-position":"center center","background-size":"auto","background-attachment":"scroll","background-type":"","background-media":"","overlay-type":"","overlay-color":"","overlay-opacity":"","overlay-gradient":""},"mobile":{"background-color":"","background-image":"","background-repeat":"repeat","background-position":"center center","background-size":"auto","background-attachment":"scroll","background-type":"","background-media":"","overlay-type":"","overlay-color":"","overlay-opacity":"","overlay-gradient":""}},"ast-content-background-meta":{"desktop":{"background-color":"var(--ast-global-color-5)","background-image":"","background-repeat":"repeat","background-position":"center center","background-size":"auto","background-attachment":"scroll","background-type":"","background-media":"","overlay-type":"","overlay-color":"","overlay-opacity":"","overlay-gradient":""},"tablet":{"background-color":"var(--ast-global-color-5)","background-image":"","background-repeat":"repeat","background-position":"center center","background-size":"auto","background-attachment":"scroll","background-type":"","background-media":"","overlay-type":"","overlay-color":"","overlay-opacity":"","overlay-gradient":""},"mobile":{"background-color":"var(--ast-global-color-5)","background-image":"","background-repeat":"repeat","background-position":"center center","background-size":"auto","background-attachment":"scroll","background-type":"","background-media":"","overlay-type":"","overlay-color":"","overlay-opacity":"","overlay-gradient":""}},"footnotes":""},"categories":[10,11,1,4,5],"tags":[],"class_list":["post-5513","post","type-post","status-publish","format-standard","has-post-thumbnail","hentry","category-1r","category-2n","category-general","category-portada","category-primaria"],"post_mailing_queue_ids":[],"_links":{"self":[{"href":"https:\/\/agora.xtec.cat\/ceiplacreutorrefarrera\/wp-json\/wp\/v2\/posts\/5513","targetHints":{"allow":["GET"]}}],"collection":[{"href":"https:\/\/agora.xtec.cat\/ceiplacreutorrefarrera\/wp-json\/wp\/v2\/posts"}],"about":[{"href":"https:\/\/agora.xtec.cat\/ceiplacreutorrefarrera\/wp-json\/wp\/v2\/types\/post"}],"author":[{"embeddable":true,"href":"https:\/\/agora.xtec.cat\/ceiplacreutorrefarrera\/wp-json\/wp\/v2\/users\/20"}],"replies":[{"embeddable":true,"href":"https:\/\/agora.xtec.cat\/ceiplacreutorrefarrera\/wp-json\/wp\/v2\/comments?post=5513"}],"version-history":[{"count":3,"href":"https:\/\/agora.xtec.cat\/ceiplacreutorrefarrera\/wp-json\/wp\/v2\/posts\/5513\/revisions"}],"predecessor-version":[{"id":5517,"href":"https:\/\/agora.xtec.cat\/ceiplacreutorrefarrera\/wp-json\/wp\/v2\/posts\/5513\/revisions\/5517"}],"wp:featuredmedia":[{"embeddable":true,"href":"https:\/\/agora.xtec.cat\/ceiplacreutorrefarrera\/wp-json\/wp\/v2\/media\/5514"}],"wp:attachment":[{"href":"https:\/\/agora.xtec.cat\/ceiplacreutorrefarrera\/wp-json\/wp\/v2\/media?parent=5513"}],"wp:term":[{"taxonomy":"category","embeddable":true,"href":"https:\/\/agora.xtec.cat\/ceiplacreutorrefarrera\/wp-json\/wp\/v2\/categories?post=5513"},{"taxonomy":"post_tag","embeddable":true,"href":"https:\/\/agora.xtec.cat\/ceiplacreutorrefarrera\/wp-json\/wp\/v2\/tags?post=5513"}],"curies":[{"name":"wp","href":"https:\/\/api.w.org\/{rel}","templated":true}]}}