{"id":5450,"date":"2024-02-11T10:58:47","date_gmt":"2024-02-11T09:58:47","guid":{"rendered":"https:\/\/agora.xtec.cat\/ceiplacreutorrefarrera\/?p=5450"},"modified":"2024-02-11T11:05:22","modified_gmt":"2024-02-11T10:05:22","slug":"carnaval-a-lescola-la-creu","status":"publish","type":"post","link":"https:\/\/agora.xtec.cat\/ceiplacreutorrefarrera\/portada\/carnaval-a-lescola-la-creu\/","title":{"rendered":"CARNAVAL A L&#8217;ESCOLA LA CREU"},"content":{"rendered":"<p>CARNAVAL 2024<\/p>\n<p>La paraula \u201cCarnestoltes\u201d ve del llat\u00ed \u201cCarns toldrem\u201d, que significa \u201cprivaci\u00f3 de carn\u201d. Es refereix al temps de Quaresma, en el qual, segons la tradici\u00f3, no es pot menjar carn. En canvi, la paraula \u201cCarnaval\u201d t\u00e9 dos or\u00edgens. Per un costat, ve de \u201cCarnis avalis\u201d, que vol dir \u201ccarns privades\u201d, i que tamb\u00e9 fa refer\u00e8ncia a la Quaresma. Per l\u2019altre, ve de \u201cCarrus navalis\u201d, un gran vaixell amb rodes que els romans movien amb 10 o 12 cavalls i els feien desfilar per les ciutats. El carro i el vaixell representaven el cos hum\u00e0; els cavalls, la for\u00e7a; i les regnes, la intel\u00b7lig\u00e8ncia i la voluntat. Amb aix\u00f2 volien dir que durant aquests dies l\u2019home era lliure.<\/p>\n<p>El Carnaval, aix\u00ed com la Quaresma o la Setmana Santa, s\u00f3n festes m\u00f2bils: cada any se celebren en diferents dates. Segueixen el calendari lunar, que es basa en la posici\u00f3 de la Lluna respecte a la Terra, i que no coincideix amb el calendari que solem usar. Per aix\u00f2, cada any, els que organitzem les festes de Carnaval hem de consultar la data als experts.<\/p>\n<p>La festa del Carnaval \u00e9s la festa del m\u00f3n al rev\u00e9s. S\u2019escull un rei que, durant uns dies, deixa fer les coses que la resta de l\u2019any estan prohibides o mal vistes. Tot el m\u00f3n es disfressa, juga, balla, canta i fa bromes. El Carnaval \u00e9s un gran joc en el qual, durant unes hores, pots deixar de ser tu mateix i convertir-te en l\u2019heroi que sempre has volgut ser.<\/p>\n<p>A la nostra escola, aquest 9 de febrer l&#8217;hem celebrat disfressant-nos lliurement i fent una rua pel pati de baix, per cursos. I com cada any, a m\u00e9s, l&#8217;AFA ens ha convidat a berenar coca. Moltes gr\u00e0cies per la vostra col\u00b7laboraci\u00f3!<\/p>\n<p>Us afegim aqu\u00ed els v\u00eddeos i les fotos de la festa.<\/p>\n<p><a href=\"https:\/\/agora.xtec.cat\/ceiplacreutorrefarrera\/wp-content\/uploads\/usu389\/2024\/02\/Carnaval-2024.pdf\">En aquest enlla\u00e7 hi trobar\u00e0s el recull de v\u00eddeos i fotos del nostre Carnaval 2024<\/a><\/p>\n<p><a href=\"https:\/\/agora.xtec.cat\/ceiplacreutorrefarrera\/wp-content\/uploads\/usu389\/2024\/02\/Carnaval-2024.pdf\"><img loading=\"lazy\" decoding=\"async\" class=\"aligncenter wp-image-5454 size-full\" src=\"https:\/\/agora.xtec.cat\/ceiplacreutorrefarrera\/wp-content\/uploads\/usu389\/2024\/02\/Carnaval2024-imatge.jpg\" alt=\"\" width=\"220\" height=\"300\" \/><\/a><\/p>\n","protected":false},"excerpt":{"rendered":"<p>CARNAVAL 2024 La paraula \u201cCarnestoltes\u201d ve del llat\u00ed \u201cCarns toldrem\u201d, que significa \u201cprivaci\u00f3 de carn\u201d. Es refereix al temps de Quaresma, en el qual, segons la tradici\u00f3, no es pot menjar carn. En canvi, la paraula \u201cCarnaval\u201d t\u00e9 dos or\u00edgens. Per un costat, ve de \u201cCarnis avalis\u201d, que vol dir \u201ccarns privades\u201d, i que tamb\u00e9 [&hellip;]<\/p>\n","protected":false},"author":4,"featured_media":5454,"comment_status":"open","ping_status":"closed","sticky":false,"template":"","format":"standard","meta":{"_bbp_topic_count":0,"_bbp_reply_count":0,"_bbp_total_topic_count":0,"_bbp_total_reply_count":0,"_bbp_voice_count":0,"_bbp_anonymous_reply_count":0,"_bbp_topic_count_hidden":0,"_bbp_reply_count_hidden":0,"_bbp_forum_subforum_count":0,"site-sidebar-layout":"default","site-content-layout":"","ast-site-content-layout":"","site-content-style":"default","site-sidebar-style":"default","ast-global-header-display":"","ast-banner-title-visibility":"","ast-main-header-display":"","ast-hfb-above-header-display":"","ast-hfb-below-header-display":"","ast-hfb-mobile-header-display":"","site-post-title":"","ast-breadcrumbs-content":"","ast-featured-img":"","footer-sml-layout":"","theme-transparent-header-meta":"","adv-header-id-meta":"","stick-header-meta":"","header-above-stick-meta":"","header-main-stick-meta":"","header-below-stick-meta":"","astra-migrate-meta-layouts":"default","ast-page-background-enabled":"default","ast-page-background-meta":{"desktop":{"background-color":"var(--ast-global-color-4)","background-image":"","background-repeat":"repeat","background-position":"center center","background-size":"auto","background-attachment":"scroll","background-type":"","background-media":"","overlay-type":"","overlay-color":"","overlay-opacity":"","overlay-gradient":""},"tablet":{"background-color":"","background-image":"","background-repeat":"repeat","background-position":"center center","background-size":"auto","background-attachment":"scroll","background-type":"","background-media":"","overlay-type":"","overlay-color":"","overlay-opacity":"","overlay-gradient":""},"mobile":{"background-color":"","background-image":"","background-repeat":"repeat","background-position":"center center","background-size":"auto","background-attachment":"scroll","background-type":"","background-media":"","overlay-type":"","overlay-color":"","overlay-opacity":"","overlay-gradient":""}},"ast-content-background-meta":{"desktop":{"background-color":"var(--ast-global-color-5)","background-image":"","background-repeat":"repeat","background-position":"center center","background-size":"auto","background-attachment":"scroll","background-type":"","background-media":"","overlay-type":"","overlay-color":"","overlay-opacity":"","overlay-gradient":""},"tablet":{"background-color":"var(--ast-global-color-5)","background-image":"","background-repeat":"repeat","background-position":"center center","background-size":"auto","background-attachment":"scroll","background-type":"","background-media":"","overlay-type":"","overlay-color":"","overlay-opacity":"","overlay-gradient":""},"mobile":{"background-color":"var(--ast-global-color-5)","background-image":"","background-repeat":"repeat","background-position":"center center","background-size":"auto","background-attachment":"scroll","background-type":"","background-media":"","overlay-type":"","overlay-color":"","overlay-opacity":"","overlay-gradient":""}},"footnotes":""},"categories":[40,41,4],"tags":[177,110,70],"class_list":["post-5450","post","type-post","status-publish","format-standard","has-post-thumbnail","hentry","category-activitats-de-centre","category-festes-i-celebracions","category-portada","tag-activitats","tag-carnaval","tag-festes"],"post_mailing_queue_ids":[],"_links":{"self":[{"href":"https:\/\/agora.xtec.cat\/ceiplacreutorrefarrera\/wp-json\/wp\/v2\/posts\/5450","targetHints":{"allow":["GET"]}}],"collection":[{"href":"https:\/\/agora.xtec.cat\/ceiplacreutorrefarrera\/wp-json\/wp\/v2\/posts"}],"about":[{"href":"https:\/\/agora.xtec.cat\/ceiplacreutorrefarrera\/wp-json\/wp\/v2\/types\/post"}],"author":[{"embeddable":true,"href":"https:\/\/agora.xtec.cat\/ceiplacreutorrefarrera\/wp-json\/wp\/v2\/users\/4"}],"replies":[{"embeddable":true,"href":"https:\/\/agora.xtec.cat\/ceiplacreutorrefarrera\/wp-json\/wp\/v2\/comments?post=5450"}],"version-history":[{"count":3,"href":"https:\/\/agora.xtec.cat\/ceiplacreutorrefarrera\/wp-json\/wp\/v2\/posts\/5450\/revisions"}],"predecessor-version":[{"id":5456,"href":"https:\/\/agora.xtec.cat\/ceiplacreutorrefarrera\/wp-json\/wp\/v2\/posts\/5450\/revisions\/5456"}],"wp:featuredmedia":[{"embeddable":true,"href":"https:\/\/agora.xtec.cat\/ceiplacreutorrefarrera\/wp-json\/wp\/v2\/media\/5454"}],"wp:attachment":[{"href":"https:\/\/agora.xtec.cat\/ceiplacreutorrefarrera\/wp-json\/wp\/v2\/media?parent=5450"}],"wp:term":[{"taxonomy":"category","embeddable":true,"href":"https:\/\/agora.xtec.cat\/ceiplacreutorrefarrera\/wp-json\/wp\/v2\/categories?post=5450"},{"taxonomy":"post_tag","embeddable":true,"href":"https:\/\/agora.xtec.cat\/ceiplacreutorrefarrera\/wp-json\/wp\/v2\/tags?post=5450"}],"curies":[{"name":"wp","href":"https:\/\/api.w.org\/{rel}","templated":true}]}}