{"id":5405,"date":"2024-01-30T13:34:40","date_gmt":"2024-01-30T12:34:40","guid":{"rendered":"https:\/\/agora.xtec.cat\/ceiplacreutorrefarrera\/?p=5405"},"modified":"2024-01-30T16:32:14","modified_gmt":"2024-01-30T15:32:14","slug":"denip-2024","status":"publish","type":"post","link":"https:\/\/agora.xtec.cat\/ceiplacreutorrefarrera\/portada\/denip-2024\/","title":{"rendered":"DENIP 2024"},"content":{"rendered":"<p><span style=\"font-weight: 400;\">Com cada any el dia 30 de gener celebrem a l&#8217;escola el DENIP (Dia Escolar de la No-viol\u00e8ncia i la Pau). <\/span><\/p>\n<p><span style=\"font-weight: 400;\">Aquest curs hem organitzat un seguit d&#8217;activitats, individuals i conjuntes, que ens serveixen per a reflexionar en termes de valor humans i socials.\u00a0<\/span><\/p>\n<p><span style=\"font-weight: 400;\">En un acte conjunt al pati de l&#8217;escola, un representant de cada classe ha llegit, p\u00fablicament, una frase relacionada amb la Pau d&#8217;alguns personatges c\u00e8lebres.<\/span><\/p>\n<p>Si voleu saber les frases que hem llegit&#8230;<\/p>\n<pre><b>1r A- No hi ha cam\u00ed per a la pau, la pau \u00e9s el cam\u00ed<\/b><span style=\"font-weight: 400;\">. <\/span><i><span style=\"font-weight: 400;\">Mahatma Gandhi<\/span><\/i>\r\n\r\n<b>1r B- La paz comienza con una sonrisa. <\/b><i><span style=\"font-weight: 400;\">Madre Teresa de Calcuta<\/span><\/i>\r\n\r\n<b>2n A- Aquest m\u00f3n no canviar\u00e0 tret que estiguem disposats a canviar nosaltres mateixos.<\/b> <i><span style=\"font-weight: 400;\">Rigoberta Mench\u00fa<\/span><\/i>\r\n\r\n<b>2n B- Si veus alg\u00fa sense un somriure, dona-li un dels teus.\u00a0 <\/b><i><span style=\"font-weight: 400;\">Dolly Parton<\/span><\/i>\r\n\r\n<b>3r A- Siguis amable sempre que sigui possible. I aix\u00f2 sempre \u00e9s possible.<\/b> <i><span style=\"font-weight: 400;\">Dalai Lama<\/span><\/i>\r\n\r\n<b>3r B- Mai prenguis decisions basades en la por; pren decisions basades en l\u2019esperan\u00e7a i la possibilitat. <\/b><span style=\"font-weight: 400;\">Michelle Obama<\/span>\r\n\r\n<b>4t A- <\/b><b>Enderrocar i destruir \u00e9s molt f\u00e0cil. Els herois s\u00f3n aquells que construeixen i que treballen per la pau. <\/b><i><span style=\"font-weight: 400;\">\u00a0Nelson Mandela<\/span><\/i>\r\n\r\n<b>4t B- <\/b><b>La mejor vida no es la que m\u00e1s dura, sino m\u00e1s bien aquella que est\u00e1 llena de buenas acciones. <\/b><i><span style=\"font-weight: 400;\">Marie Curie<\/span><\/i>\r\n\r\n<b>5\u00e8 A- La pau no \u00e9s nom\u00e9s l\u2019abs\u00e8ncia de la guerra; mentre hi hagi pobresa, racisme, discriminaci\u00f3 i exclusi\u00f3, dif\u00edcilment podrem assolir un m\u00f3n de pau.<\/b> <i><span style=\"font-weight: 400;\">Rigoberta Mench\u00fa<\/span><\/i>\r\n\r\n<b>5\u00e8 B- No n\u2019hi ha prou de parlar de pau. Un hi ha de creure. I no n\u2019hi ha prou amb creure-hi. Cal treballar per aconseguir-la. \u00a0 <\/b><i><span style=\"font-weight: 400;\">Eleanor Roosevelt\u00a0<\/span><\/i>\r\n\r\n<b>6\u00e8 A-Working for peace in the future is to work for peace in the present moment. <\/b><i><span style=\"font-weight: 400;\">Thich Nhat Hanh<\/span><\/i>\r\n\r\n<b>6\u00e8 B- I destroy my enemies when I make them my friends.<\/b> <i><span style=\"font-weight: 400;\">Abraham Lincoln<\/span><\/i>\r\n\r\n<\/pre>\n<p>Tot seguit, tota la comunitat hem cantat la can\u00e7\u00f3, pr\u00e8viament treballada a l&#8217;aula de m\u00fasica, &#8220;Tens un amic&#8221;, de Gossos.<\/p>\n<p>L&#8217;alumnat ha aixecat una m\u00e0 blanca sobre cartolina blava simbolitzant el sentiment de pau.<\/p>\n<p><a href=\"https:\/\/drive.google.com\/drive\/folders\/1Sf493XF3e7pSSpQiotgFYQBKoN8zJqn2?usp=sharing\">Si voleu veure imatges de l&#8217;acte que hem realitzat cliqueu aqu\u00ed.<\/a><\/p>\n<p><a href=\"https:\/\/drive.google.com\/drive\/folders\/1c_wM1TNyRsrFF_szIJQREJcldRe7wQJL?usp=sharing\">Si voleu veure imatges de com ha quedat la decoraci\u00f3 del HALL, cliqueu aqu\u00ed.<\/a><\/p>\n","protected":false},"excerpt":{"rendered":"<p>Com cada any el dia 30 de gener celebrem a l&#8217;escola el DENIP (Dia Escolar de la No-viol\u00e8ncia i la Pau). Aquest curs hem organitzat un seguit d&#8217;activitats, individuals i conjuntes, que ens serveixen per a reflexionar en termes de valor humans i socials.\u00a0 En un acte conjunt al pati de l&#8217;escola, un representant de [&hellip;]<\/p>\n","protected":false},"author":1,"featured_media":5406,"comment_status":"open","ping_status":"closed","sticky":false,"template":"","format":"standard","meta":{"_bbp_topic_count":0,"_bbp_reply_count":0,"_bbp_total_topic_count":0,"_bbp_total_reply_count":0,"_bbp_voice_count":0,"_bbp_anonymous_reply_count":0,"_bbp_topic_count_hidden":0,"_bbp_reply_count_hidden":0,"_bbp_forum_subforum_count":0,"site-sidebar-layout":"default","site-content-layout":"","ast-site-content-layout":"","site-content-style":"default","site-sidebar-style":"default","ast-global-header-display":"","ast-banner-title-visibility":"","ast-main-header-display":"","ast-hfb-above-header-display":"","ast-hfb-below-header-display":"","ast-hfb-mobile-header-display":"","site-post-title":"","ast-breadcrumbs-content":"","ast-featured-img":"","footer-sml-layout":"","theme-transparent-header-meta":"","adv-header-id-meta":"","stick-header-meta":"","header-above-stick-meta":"","header-main-stick-meta":"","header-below-stick-meta":"","astra-migrate-meta-layouts":"default","ast-page-background-enabled":"default","ast-page-background-meta":{"desktop":{"background-color":"var(--ast-global-color-4)","background-image":"","background-repeat":"repeat","background-position":"center center","background-size":"auto","background-attachment":"scroll","background-type":"","background-media":"","overlay-type":"","overlay-color":"","overlay-opacity":"","overlay-gradient":""},"tablet":{"background-color":"","background-image":"","background-repeat":"repeat","background-position":"center center","background-size":"auto","background-attachment":"scroll","background-type":"","background-media":"","overlay-type":"","overlay-color":"","overlay-opacity":"","overlay-gradient":""},"mobile":{"background-color":"","background-image":"","background-repeat":"repeat","background-position":"center center","background-size":"auto","background-attachment":"scroll","background-type":"","background-media":"","overlay-type":"","overlay-color":"","overlay-opacity":"","overlay-gradient":""}},"ast-content-background-meta":{"desktop":{"background-color":"var(--ast-global-color-5)","background-image":"","background-repeat":"repeat","background-position":"center center","background-size":"auto","background-attachment":"scroll","background-type":"","background-media":"","overlay-type":"","overlay-color":"","overlay-opacity":"","overlay-gradient":""},"tablet":{"background-color":"var(--ast-global-color-5)","background-image":"","background-repeat":"repeat","background-position":"center center","background-size":"auto","background-attachment":"scroll","background-type":"","background-media":"","overlay-type":"","overlay-color":"","overlay-opacity":"","overlay-gradient":""},"mobile":{"background-color":"var(--ast-global-color-5)","background-image":"","background-repeat":"repeat","background-position":"center center","background-size":"auto","background-attachment":"scroll","background-type":"","background-media":"","overlay-type":"","overlay-color":"","overlay-opacity":"","overlay-gradient":""}},"footnotes":""},"categories":[40,4],"tags":[],"class_list":["post-5405","post","type-post","status-publish","format-standard","has-post-thumbnail","hentry","category-activitats-de-centre","category-portada"],"post_mailing_queue_ids":[],"_links":{"self":[{"href":"https:\/\/agora.xtec.cat\/ceiplacreutorrefarrera\/wp-json\/wp\/v2\/posts\/5405","targetHints":{"allow":["GET"]}}],"collection":[{"href":"https:\/\/agora.xtec.cat\/ceiplacreutorrefarrera\/wp-json\/wp\/v2\/posts"}],"about":[{"href":"https:\/\/agora.xtec.cat\/ceiplacreutorrefarrera\/wp-json\/wp\/v2\/types\/post"}],"author":[{"embeddable":true,"href":"https:\/\/agora.xtec.cat\/ceiplacreutorrefarrera\/wp-json\/wp\/v2\/users\/1"}],"replies":[{"embeddable":true,"href":"https:\/\/agora.xtec.cat\/ceiplacreutorrefarrera\/wp-json\/wp\/v2\/comments?post=5405"}],"version-history":[{"count":2,"href":"https:\/\/agora.xtec.cat\/ceiplacreutorrefarrera\/wp-json\/wp\/v2\/posts\/5405\/revisions"}],"predecessor-version":[{"id":5408,"href":"https:\/\/agora.xtec.cat\/ceiplacreutorrefarrera\/wp-json\/wp\/v2\/posts\/5405\/revisions\/5408"}],"wp:featuredmedia":[{"embeddable":true,"href":"https:\/\/agora.xtec.cat\/ceiplacreutorrefarrera\/wp-json\/wp\/v2\/media\/5406"}],"wp:attachment":[{"href":"https:\/\/agora.xtec.cat\/ceiplacreutorrefarrera\/wp-json\/wp\/v2\/media?parent=5405"}],"wp:term":[{"taxonomy":"category","embeddable":true,"href":"https:\/\/agora.xtec.cat\/ceiplacreutorrefarrera\/wp-json\/wp\/v2\/categories?post=5405"},{"taxonomy":"post_tag","embeddable":true,"href":"https:\/\/agora.xtec.cat\/ceiplacreutorrefarrera\/wp-json\/wp\/v2\/tags?post=5405"}],"curies":[{"name":"wp","href":"https:\/\/api.w.org\/{rel}","templated":true}]}}