{"id":5068,"date":"2023-06-16T14:03:09","date_gmt":"2023-06-16T12:03:09","guid":{"rendered":"https:\/\/agora.xtec.cat\/ceiplacreutorrefarrera\/?p=5068"},"modified":"2023-06-17T18:31:25","modified_gmt":"2023-06-17T16:31:25","slug":"5e-ja-podeu-escoltar-les-nostres-entrevistes-a-la-radio","status":"publish","type":"post","link":"https:\/\/agora.xtec.cat\/ceiplacreutorrefarrera\/general\/5e-ja-podeu-escoltar-les-nostres-entrevistes-a-la-radio\/","title":{"rendered":"5\u00e8 &#8211; JA PODEU ESCOLTAR LES NOSTRES ENTREVISTES A LA R\u00c0DIO"},"content":{"rendered":"<p>I ja les tenim aqu\u00ed&#8230; Tal i com us vam comentar en la darrera not\u00edcia de 5\u00e8, ens han publicat les entrevistes en format podcast a la r\u00e0dio EMUN FM de Torrefarrera.<\/p>\n<p>Aprofitant la tem\u00e0tica de la Setmana cultural a l\u2019escola, hem entrevistat dones relacionades amb el m\u00f3n de la ci\u00e8ncia que viuen o treballen a Torrefarrera. Aix\u00ed, tenim el plaer d\u2019escoltar la farmac\u00e8utica del poble, Mireia Bifet; la nostra pediatra, la Sara; la ginec\u00f2loga torrefarrerina, Alba Prim; infermeres com l\u2019Eva Gaztambide; la Maria, una enginyera mec\u00e0nica d\u2019origen vene\u00e7ol\u00e0, a qui agra\u00efm el seu esfor\u00e7 per aprendre i parlar-nos en catal\u00e0&#8230;<\/p>\n<p>Per\u00f2, a m\u00e9s a m\u00e9s, ens agradaria destacar l\u2019entrevista a la S\u00edlvia Sansa, directora de la Biblioteca de Torrefarrera; en C\u00e9sar Sallent, que ha ideat un bon invent relacionat amb els incendis forestals; un bon cuiner torrefarrer\u00ed, en Miquel Mangues&#8230;<\/p>\n<p>Des d&#8217;aqu\u00ed el nostre agra\u00efment a les persones entrevistades, moltes gr\u00e0cies!<\/p>\n<p>Esperem que passeu una estona ben agradable escoltant aquestes entrevistes, no us les perdeu!<\/p>\n<p><a href=\"https:\/\/www.emunfmradio.cat\/programs\/onesixarxa\">CLIQUEU AQU\u00cd PER ESCOLTAR-LES<\/a><\/p>\n","protected":false},"excerpt":{"rendered":"<p>I ja les tenim aqu\u00ed&#8230; Tal i com us vam comentar en la darrera not\u00edcia de 5\u00e8, ens han publicat les entrevistes en format podcast a la r\u00e0dio EMUN FM de Torrefarrera. Aprofitant la tem\u00e0tica de la Setmana cultural a l\u2019escola, hem entrevistat dones relacionades amb el m\u00f3n de la ci\u00e8ncia que viuen o treballen [&hellip;]<\/p>\n","protected":false},"author":30,"featured_media":5052,"comment_status":"open","ping_status":"closed","sticky":false,"template":"","format":"standard","meta":{"_bbp_topic_count":0,"_bbp_reply_count":0,"_bbp_total_topic_count":0,"_bbp_total_reply_count":0,"_bbp_voice_count":0,"_bbp_anonymous_reply_count":0,"_bbp_topic_count_hidden":0,"_bbp_reply_count_hidden":0,"_bbp_forum_subforum_count":0,"site-sidebar-layout":"default","site-content-layout":"","ast-site-content-layout":"","site-content-style":"default","site-sidebar-style":"default","ast-global-header-display":"","ast-banner-title-visibility":"","ast-main-header-display":"","ast-hfb-above-header-display":"","ast-hfb-below-header-display":"","ast-hfb-mobile-header-display":"","site-post-title":"","ast-breadcrumbs-content":"","ast-featured-img":"","footer-sml-layout":"","theme-transparent-header-meta":"","adv-header-id-meta":"","stick-header-meta":"","header-above-stick-meta":"","header-main-stick-meta":"","header-below-stick-meta":"","astra-migrate-meta-layouts":"default","ast-page-background-enabled":"default","ast-page-background-meta":{"desktop":{"background-color":"var(--ast-global-color-4)","background-image":"","background-repeat":"repeat","background-position":"center center","background-size":"auto","background-attachment":"scroll","background-type":"","background-media":"","overlay-type":"","overlay-color":"","overlay-opacity":"","overlay-gradient":""},"tablet":{"background-color":"","background-image":"","background-repeat":"repeat","background-position":"center center","background-size":"auto","background-attachment":"scroll","background-type":"","background-media":"","overlay-type":"","overlay-color":"","overlay-opacity":"","overlay-gradient":""},"mobile":{"background-color":"","background-image":"","background-repeat":"repeat","background-position":"center center","background-size":"auto","background-attachment":"scroll","background-type":"","background-media":"","overlay-type":"","overlay-color":"","overlay-opacity":"","overlay-gradient":""}},"ast-content-background-meta":{"desktop":{"background-color":"var(--ast-global-color-5)","background-image":"","background-repeat":"repeat","background-position":"center center","background-size":"auto","background-attachment":"scroll","background-type":"","background-media":"","overlay-type":"","overlay-color":"","overlay-opacity":"","overlay-gradient":""},"tablet":{"background-color":"var(--ast-global-color-5)","background-image":"","background-repeat":"repeat","background-position":"center center","background-size":"auto","background-attachment":"scroll","background-type":"","background-media":"","overlay-type":"","overlay-color":"","overlay-opacity":"","overlay-gradient":""},"mobile":{"background-color":"var(--ast-global-color-5)","background-image":"","background-repeat":"repeat","background-position":"center center","background-size":"auto","background-attachment":"scroll","background-type":"","background-media":"","overlay-type":"","overlay-color":"","overlay-opacity":"","overlay-gradient":""}},"footnotes":""},"categories":[14,1,4,5],"tags":[58,177,180,236,235,234,237],"class_list":["post-5068","post","type-post","status-publish","format-standard","has-post-thumbnail","hentry","category-5e","category-general","category-portada","category-primaria","tag-5e","tag-activitats","tag-articles","tag-dones-i-ciencia","tag-entrevistes","tag-radio","tag-torrefarrerins-i-torrefarrerines"],"post_mailing_queue_ids":[],"_links":{"self":[{"href":"https:\/\/agora.xtec.cat\/ceiplacreutorrefarrera\/wp-json\/wp\/v2\/posts\/5068","targetHints":{"allow":["GET"]}}],"collection":[{"href":"https:\/\/agora.xtec.cat\/ceiplacreutorrefarrera\/wp-json\/wp\/v2\/posts"}],"about":[{"href":"https:\/\/agora.xtec.cat\/ceiplacreutorrefarrera\/wp-json\/wp\/v2\/types\/post"}],"author":[{"embeddable":true,"href":"https:\/\/agora.xtec.cat\/ceiplacreutorrefarrera\/wp-json\/wp\/v2\/users\/30"}],"replies":[{"embeddable":true,"href":"https:\/\/agora.xtec.cat\/ceiplacreutorrefarrera\/wp-json\/wp\/v2\/comments?post=5068"}],"version-history":[{"count":3,"href":"https:\/\/agora.xtec.cat\/ceiplacreutorrefarrera\/wp-json\/wp\/v2\/posts\/5068\/revisions"}],"predecessor-version":[{"id":5079,"href":"https:\/\/agora.xtec.cat\/ceiplacreutorrefarrera\/wp-json\/wp\/v2\/posts\/5068\/revisions\/5079"}],"wp:featuredmedia":[{"embeddable":true,"href":"https:\/\/agora.xtec.cat\/ceiplacreutorrefarrera\/wp-json\/wp\/v2\/media\/5052"}],"wp:attachment":[{"href":"https:\/\/agora.xtec.cat\/ceiplacreutorrefarrera\/wp-json\/wp\/v2\/media?parent=5068"}],"wp:term":[{"taxonomy":"category","embeddable":true,"href":"https:\/\/agora.xtec.cat\/ceiplacreutorrefarrera\/wp-json\/wp\/v2\/categories?post=5068"},{"taxonomy":"post_tag","embeddable":true,"href":"https:\/\/agora.xtec.cat\/ceiplacreutorrefarrera\/wp-json\/wp\/v2\/tags?post=5068"}],"curies":[{"name":"wp","href":"https:\/\/api.w.org\/{rel}","templated":true}]}}