{"id":5049,"date":"2023-06-11T22:24:18","date_gmt":"2023-06-11T20:24:18","guid":{"rendered":"https:\/\/agora.xtec.cat\/ceiplacreutorrefarrera\/?p=5049"},"modified":"2023-06-17T18:31:00","modified_gmt":"2023-06-17T16:31:00","slug":"5e-taller-com-fer-una-bona-entrevista","status":"publish","type":"post","link":"https:\/\/agora.xtec.cat\/ceiplacreutorrefarrera\/general\/5e-taller-com-fer-una-bona-entrevista\/","title":{"rendered":"5\u00e8 &#8211; Taller &#8220;Com fer una bona entrevista&#8221;"},"content":{"rendered":"<p lang=\"ca-ES\">Divendres passat, l\u2019alumnat de 5\u00e8 vam tenir l\u2019oportunitat de participar en el Taller \u201cCom fer una bona entrevista\u201d a c\u00e0rrec de la Pili Garcia, periodista d\u2019EMUN FM r\u00e0dio. Aprofitant que a classe estem treballant el text conversacional l\u2019 \u00abentrevista\u00bb, vam voler donar-li un aire m\u00e9s period\u00edstic i encarar aquest aprenentatge cap a l\u2019entrevista radiof\u00f2nica.<\/p>\n<p lang=\"ca-ES\">Aix\u00ed vam recollir una s\u00e8rie de consells per tal de fer una entrevista com uns aut\u00e8ntics professionals. I \u00e9s que a partir d\u2019aquestes recomanacions ens toca posar fil a l\u2019agulla i portar a la pr\u00e0ctica el que hem apr\u00e8s. Farem una entrevista i ens la publicaran a la r\u00e0dio en format<i> podcast<\/i>.<\/p>\n<p lang=\"ca-ES\">B\u00e9, ens va agradar fer aquest primer tastet sobre el periodisme. Aviat us explicarem com ha anat el nostre petit \u00abdebut\u00bb com a periodistes i us mostrarem unes quantes entrevistes.<\/p>\n<p lang=\"ca-ES\"><a href=\"https:\/\/drive.google.com\/drive\/folders\/1cfnO7blw7Bh59zRwnmFO-Ga-BaUDgqv6\">CLIQUEU AQU\u00cd PER VEURE&#8217;N LES FOTOS<\/a><\/p>\n","protected":false},"excerpt":{"rendered":"<p>Divendres passat, l\u2019alumnat de 5\u00e8 vam tenir l\u2019oportunitat de participar en el Taller \u201cCom fer una bona entrevista\u201d a c\u00e0rrec de la Pili Garcia, periodista d\u2019EMUN FM r\u00e0dio. Aprofitant que a classe estem treballant el text conversacional l\u2019 \u00abentrevista\u00bb, vam voler donar-li un aire m\u00e9s period\u00edstic i encarar aquest aprenentatge cap a l\u2019entrevista radiof\u00f2nica. Aix\u00ed [&hellip;]<\/p>\n","protected":false},"author":30,"featured_media":5052,"comment_status":"open","ping_status":"closed","sticky":false,"template":"","format":"standard","meta":{"_bbp_topic_count":0,"_bbp_reply_count":0,"_bbp_total_topic_count":0,"_bbp_total_reply_count":0,"_bbp_voice_count":0,"_bbp_anonymous_reply_count":0,"_bbp_topic_count_hidden":0,"_bbp_reply_count_hidden":0,"_bbp_forum_subforum_count":0,"site-sidebar-layout":"default","site-content-layout":"","ast-site-content-layout":"","site-content-style":"default","site-sidebar-style":"default","ast-global-header-display":"","ast-banner-title-visibility":"","ast-main-header-display":"","ast-hfb-above-header-display":"","ast-hfb-below-header-display":"","ast-hfb-mobile-header-display":"","site-post-title":"","ast-breadcrumbs-content":"","ast-featured-img":"","footer-sml-layout":"","theme-transparent-header-meta":"","adv-header-id-meta":"","stick-header-meta":"","header-above-stick-meta":"","header-main-stick-meta":"","header-below-stick-meta":"","astra-migrate-meta-layouts":"default","ast-page-background-enabled":"default","ast-page-background-meta":{"desktop":{"background-color":"var(--ast-global-color-4)","background-image":"","background-repeat":"repeat","background-position":"center center","background-size":"auto","background-attachment":"scroll","background-type":"","background-media":"","overlay-type":"","overlay-color":"","overlay-opacity":"","overlay-gradient":""},"tablet":{"background-color":"","background-image":"","background-repeat":"repeat","background-position":"center center","background-size":"auto","background-attachment":"scroll","background-type":"","background-media":"","overlay-type":"","overlay-color":"","overlay-opacity":"","overlay-gradient":""},"mobile":{"background-color":"","background-image":"","background-repeat":"repeat","background-position":"center center","background-size":"auto","background-attachment":"scroll","background-type":"","background-media":"","overlay-type":"","overlay-color":"","overlay-opacity":"","overlay-gradient":""}},"ast-content-background-meta":{"desktop":{"background-color":"var(--ast-global-color-5)","background-image":"","background-repeat":"repeat","background-position":"center center","background-size":"auto","background-attachment":"scroll","background-type":"","background-media":"","overlay-type":"","overlay-color":"","overlay-opacity":"","overlay-gradient":""},"tablet":{"background-color":"var(--ast-global-color-5)","background-image":"","background-repeat":"repeat","background-position":"center center","background-size":"auto","background-attachment":"scroll","background-type":"","background-media":"","overlay-type":"","overlay-color":"","overlay-opacity":"","overlay-gradient":""},"mobile":{"background-color":"var(--ast-global-color-5)","background-image":"","background-repeat":"repeat","background-position":"center center","background-size":"auto","background-attachment":"scroll","background-type":"","background-media":"","overlay-type":"","overlay-color":"","overlay-opacity":"","overlay-gradient":""}},"footnotes":""},"categories":[14,40,1,4,5],"tags":[58,177,232,231,57],"class_list":["post-5049","post","type-post","status-publish","format-standard","has-post-thumbnail","hentry","category-5e","category-activitats-de-centre","category-general","category-portada","category-primaria","tag-5e","tag-activitats","tag-expressio-escrita","tag-llengua-catalana","tag-xerrades"],"post_mailing_queue_ids":[],"_links":{"self":[{"href":"https:\/\/agora.xtec.cat\/ceiplacreutorrefarrera\/wp-json\/wp\/v2\/posts\/5049","targetHints":{"allow":["GET"]}}],"collection":[{"href":"https:\/\/agora.xtec.cat\/ceiplacreutorrefarrera\/wp-json\/wp\/v2\/posts"}],"about":[{"href":"https:\/\/agora.xtec.cat\/ceiplacreutorrefarrera\/wp-json\/wp\/v2\/types\/post"}],"author":[{"embeddable":true,"href":"https:\/\/agora.xtec.cat\/ceiplacreutorrefarrera\/wp-json\/wp\/v2\/users\/30"}],"replies":[{"embeddable":true,"href":"https:\/\/agora.xtec.cat\/ceiplacreutorrefarrera\/wp-json\/wp\/v2\/comments?post=5049"}],"version-history":[{"count":3,"href":"https:\/\/agora.xtec.cat\/ceiplacreutorrefarrera\/wp-json\/wp\/v2\/posts\/5049\/revisions"}],"predecessor-version":[{"id":5078,"href":"https:\/\/agora.xtec.cat\/ceiplacreutorrefarrera\/wp-json\/wp\/v2\/posts\/5049\/revisions\/5078"}],"wp:featuredmedia":[{"embeddable":true,"href":"https:\/\/agora.xtec.cat\/ceiplacreutorrefarrera\/wp-json\/wp\/v2\/media\/5052"}],"wp:attachment":[{"href":"https:\/\/agora.xtec.cat\/ceiplacreutorrefarrera\/wp-json\/wp\/v2\/media?parent=5049"}],"wp:term":[{"taxonomy":"category","embeddable":true,"href":"https:\/\/agora.xtec.cat\/ceiplacreutorrefarrera\/wp-json\/wp\/v2\/categories?post=5049"},{"taxonomy":"post_tag","embeddable":true,"href":"https:\/\/agora.xtec.cat\/ceiplacreutorrefarrera\/wp-json\/wp\/v2\/tags?post=5049"}],"curies":[{"name":"wp","href":"https:\/\/api.w.org\/{rel}","templated":true}]}}