{"id":5040,"date":"2023-06-16T20:34:56","date_gmt":"2023-06-16T18:34:56","guid":{"rendered":"https:\/\/agora.xtec.cat\/ceiplacreutorrefarrera\/?p=5040"},"modified":"2023-06-16T20:34:56","modified_gmt":"2023-06-16T18:34:56","slug":"comiat-de-sise-promocio-2023","status":"publish","type":"post","link":"https:\/\/agora.xtec.cat\/ceiplacreutorrefarrera\/general\/comiat-de-sise-promocio-2023\/","title":{"rendered":"COMIAT DE SIS\u00c8 PROMOCI\u00d3 2023"},"content":{"rendered":"<p class=\"western\" lang=\"ca-ES\"><span lang=\"es-ES\"> <a href=\"https:\/\/drive.google.com\/drive\/folders\/1KV7uD6Y7C_atC2cYTTWNhlewlJXn23Te?usp=share_link\" target=\"_blank\" rel=\"noopener\"><img loading=\"lazy\" decoding=\"async\" class=\"wp-image-5045 alignleft\" src=\"https:\/\/agora.xtec.cat\/ceiplacreutorrefarrera\/wp-content\/uploads\/usu389\/2023\/06\/IMG-20230606-WA0000-1024x768.jpg\" alt=\"\" width=\"415\" height=\"311\" srcset=\"https:\/\/agora.xtec.cat\/ceiplacreutorrefarrera\/wp-content\/uploads\/usu389\/2023\/06\/IMG-20230606-WA0000-1024x768.jpg 1024w, https:\/\/agora.xtec.cat\/ceiplacreutorrefarrera\/wp-content\/uploads\/usu389\/2023\/06\/IMG-20230606-WA0000-300x225.jpg 300w, https:\/\/agora.xtec.cat\/ceiplacreutorrefarrera\/wp-content\/uploads\/usu389\/2023\/06\/IMG-20230606-WA0000-768x576.jpg 768w, https:\/\/agora.xtec.cat\/ceiplacreutorrefarrera\/wp-content\/uploads\/usu389\/2023\/06\/IMG-20230606-WA0000-1536x1152.jpg 1536w, https:\/\/agora.xtec.cat\/ceiplacreutorrefarrera\/wp-content\/uploads\/usu389\/2023\/06\/IMG-20230606-WA0000-200x150.jpg 200w, https:\/\/agora.xtec.cat\/ceiplacreutorrefarrera\/wp-content\/uploads\/usu389\/2023\/06\/IMG-20230606-WA0000.jpg 1600w\" sizes=\"auto, (max-width: 415px) 100vw, 415px\" \/><\/a>Aquest\u00a0<\/span><span lang=\"es-ES\">calor\u00f3s <\/span><span lang=\"es-ES\">divendres 16 de juny a la tarda hem celebrat l\u2019acte de comiat dels i les alumnes de 6\u00e8 (promoci\u00f3 2023), que despr\u00e9s de 9 anys a l\u2019escola, o havent arribat una mica m\u00e9s tard, comen\u00e7aran, el setembre vinent, una altra etapa de la seva vida, l\u2019ESO.<\/span><\/p>\n<p class=\"western\" lang=\"ca-ES\"><span lang=\"es-ES\">Els nois i noies de si<\/span><span lang=\"es-ES\">s<\/span><span lang=\"es-ES\">\u00e8, acompanyats per bona part del claustre de professors i pels seus familiars, han di<\/span><span lang=\"es-ES\">t<\/span><span lang=\"es-ES\">\u00a0ad\u00e9u a l\u2019etapa d\u2019infantil i prim\u00e0ria\u00a0<\/span><span lang=\"es-ES\">en un acte emotiu i tamb\u00e9 divertit celebrat al gimn\u00e0s del centre<\/span><span lang=\"es-ES\">. Hi ha hagut moltes sorpreses i fins i tot una can\u00e7\u00f3. <\/span><span lang=\"es-ES\">Acabat l\u2019acte hem sortit al porxo a fer un petit refrigeri i celebrar-ho plegats.<\/span><\/p>\n<p class=\"western\" lang=\"ca-ES\"><span lang=\"es-ES\">Estem molt agra\u00efts de totes les mostres d\u2019afecte que ens heu transm\u00e8s en aquest comiat tan especial. Nosaltres sempre us\u00a0<\/span><span lang=\"es-ES\">du<\/span><span lang=\"es-ES\">rem al cor.\u00a0<\/span><span lang=\"es-ES\"><strong>Desitjar-vos molta sort i que<\/strong> <strong>gaudiu de bons moments i molts somriures en el futur<\/strong>. <\/span><span lang=\"es-ES\">M<\/span><span lang=\"es-ES\">oltes<\/span><span lang=\"es-ES\">\u00a0gr\u00e0cies!!!<\/span><\/p>\n<p class=\"western\" lang=\"ca-ES\"><span lang=\"es-ES\">Teniu la gravaci\u00f3 i diverses fotografies de l\u2019acte per aquells que no heu pogut assistir o voleu recordar un moment\u00a0<\/span><span lang=\"es-ES\">bonic de la vostra hist\u00f2ria i de la hist\u00f2ria dels vostres fills i filles. Cliqueu sobre les imatges per visualitzar i descarregar-vos, si voleu, aquest record.<a href=\"https:\/\/agora.xtec.cat\/ceiplacreutorrefarrera\/wp-content\/uploads\/usu389\/2023\/06\/comiat.heic\"><img loading=\"lazy\" decoding=\"async\" class=\"alignnone size-large wp-image-5043\" src=\"https:\/\/agora.xtec.cat\/ceiplacreutorrefarrera\/wp-content\/uploads\/usu389\/2023\/06\/comiat.heic\" alt=\"\" width=\"1\" height=\"1\" \/><\/a><\/span><\/p>\n<p>I aqu\u00ed sota teniu el v\u00eddeo sorpresa.<\/p>\n<p lang=\"ca-ES\"><a href=\"https:\/\/drive.google.com\/file\/d\/1JiYWga5G_Tnv8d4zAVXToeAHwwLhYN_3\/view?usp=share_link\" target=\"_blank\" rel=\"noopener\"><img loading=\"lazy\" decoding=\"async\" class=\"wp-image-5071 alignleft\" src=\"https:\/\/agora.xtec.cat\/ceiplacreutorrefarrera\/wp-content\/uploads\/usu389\/2023\/06\/comiat-1024x768.jpeg\" alt=\"\" width=\"418\" height=\"314\" srcset=\"https:\/\/agora.xtec.cat\/ceiplacreutorrefarrera\/wp-content\/uploads\/usu389\/2023\/06\/comiat-1024x768.jpeg 1024w, https:\/\/agora.xtec.cat\/ceiplacreutorrefarrera\/wp-content\/uploads\/usu389\/2023\/06\/comiat-300x225.jpeg 300w, https:\/\/agora.xtec.cat\/ceiplacreutorrefarrera\/wp-content\/uploads\/usu389\/2023\/06\/comiat-768x576.jpeg 768w, https:\/\/agora.xtec.cat\/ceiplacreutorrefarrera\/wp-content\/uploads\/usu389\/2023\/06\/comiat-1536x1152.jpeg 1536w, https:\/\/agora.xtec.cat\/ceiplacreutorrefarrera\/wp-content\/uploads\/usu389\/2023\/06\/comiat-200x150.jpeg 200w, https:\/\/agora.xtec.cat\/ceiplacreutorrefarrera\/wp-content\/uploads\/usu389\/2023\/06\/comiat.jpeg 2048w\" sizes=\"auto, (max-width: 418px) 100vw, 418px\" \/><\/a><\/p>\n","protected":false},"excerpt":{"rendered":"<p>Aquest\u00a0calor\u00f3s divendres 16 de juny a la tarda hem celebrat l\u2019acte de comiat dels i les alumnes de 6\u00e8 (promoci\u00f3 2023), que despr\u00e9s de 9 anys a l\u2019escola, o havent arribat una mica m\u00e9s tard, comen\u00e7aran, el setembre vinent, una altra etapa de la seva vida, l\u2019ESO. Els nois i noies de sis\u00e8, acompanyats per [&hellip;]<\/p>\n","protected":false},"author":10,"featured_media":5042,"comment_status":"open","ping_status":"closed","sticky":false,"template":"","format":"standard","meta":{"_bbp_topic_count":0,"_bbp_reply_count":0,"_bbp_total_topic_count":0,"_bbp_total_reply_count":0,"_bbp_voice_count":0,"_bbp_anonymous_reply_count":0,"_bbp_topic_count_hidden":0,"_bbp_reply_count_hidden":0,"_bbp_forum_subforum_count":0,"site-sidebar-layout":"default","site-content-layout":"","ast-site-content-layout":"","site-content-style":"default","site-sidebar-style":"default","ast-global-header-display":"","ast-banner-title-visibility":"","ast-main-header-display":"","ast-hfb-above-header-display":"","ast-hfb-below-header-display":"","ast-hfb-mobile-header-display":"","site-post-title":"","ast-breadcrumbs-content":"","ast-featured-img":"","footer-sml-layout":"","theme-transparent-header-meta":"","adv-header-id-meta":"","stick-header-meta":"","header-above-stick-meta":"","header-main-stick-meta":"","header-below-stick-meta":"","astra-migrate-meta-layouts":"default","ast-page-background-enabled":"default","ast-page-background-meta":{"desktop":{"background-color":"var(--ast-global-color-4)","background-image":"","background-repeat":"repeat","background-position":"center center","background-size":"auto","background-attachment":"scroll","background-type":"","background-media":"","overlay-type":"","overlay-color":"","overlay-opacity":"","overlay-gradient":""},"tablet":{"background-color":"","background-image":"","background-repeat":"repeat","background-position":"center center","background-size":"auto","background-attachment":"scroll","background-type":"","background-media":"","overlay-type":"","overlay-color":"","overlay-opacity":"","overlay-gradient":""},"mobile":{"background-color":"","background-image":"","background-repeat":"repeat","background-position":"center center","background-size":"auto","background-attachment":"scroll","background-type":"","background-media":"","overlay-type":"","overlay-color":"","overlay-opacity":"","overlay-gradient":""}},"ast-content-background-meta":{"desktop":{"background-color":"var(--ast-global-color-5)","background-image":"","background-repeat":"repeat","background-position":"center center","background-size":"auto","background-attachment":"scroll","background-type":"","background-media":"","overlay-type":"","overlay-color":"","overlay-opacity":"","overlay-gradient":""},"tablet":{"background-color":"var(--ast-global-color-5)","background-image":"","background-repeat":"repeat","background-position":"center center","background-size":"auto","background-attachment":"scroll","background-type":"","background-media":"","overlay-type":"","overlay-color":"","overlay-opacity":"","overlay-gradient":""},"mobile":{"background-color":"var(--ast-global-color-5)","background-image":"","background-repeat":"repeat","background-position":"center center","background-size":"auto","background-attachment":"scroll","background-type":"","background-media":"","overlay-type":"","overlay-color":"","overlay-opacity":"","overlay-gradient":""}},"footnotes":""},"categories":[15,40,1,4,5],"tags":[51,138],"class_list":["post-5040","post","type-post","status-publish","format-standard","has-post-thumbnail","hentry","category-6e","category-activitats-de-centre","category-general","category-portada","category-primaria","tag-6e","tag-comiat"],"post_mailing_queue_ids":[],"_links":{"self":[{"href":"https:\/\/agora.xtec.cat\/ceiplacreutorrefarrera\/wp-json\/wp\/v2\/posts\/5040","targetHints":{"allow":["GET"]}}],"collection":[{"href":"https:\/\/agora.xtec.cat\/ceiplacreutorrefarrera\/wp-json\/wp\/v2\/posts"}],"about":[{"href":"https:\/\/agora.xtec.cat\/ceiplacreutorrefarrera\/wp-json\/wp\/v2\/types\/post"}],"author":[{"embeddable":true,"href":"https:\/\/agora.xtec.cat\/ceiplacreutorrefarrera\/wp-json\/wp\/v2\/users\/10"}],"replies":[{"embeddable":true,"href":"https:\/\/agora.xtec.cat\/ceiplacreutorrefarrera\/wp-json\/wp\/v2\/comments?post=5040"}],"version-history":[{"count":3,"href":"https:\/\/agora.xtec.cat\/ceiplacreutorrefarrera\/wp-json\/wp\/v2\/posts\/5040\/revisions"}],"predecessor-version":[{"id":5075,"href":"https:\/\/agora.xtec.cat\/ceiplacreutorrefarrera\/wp-json\/wp\/v2\/posts\/5040\/revisions\/5075"}],"wp:featuredmedia":[{"embeddable":true,"href":"https:\/\/agora.xtec.cat\/ceiplacreutorrefarrera\/wp-json\/wp\/v2\/media\/5042"}],"wp:attachment":[{"href":"https:\/\/agora.xtec.cat\/ceiplacreutorrefarrera\/wp-json\/wp\/v2\/media?parent=5040"}],"wp:term":[{"taxonomy":"category","embeddable":true,"href":"https:\/\/agora.xtec.cat\/ceiplacreutorrefarrera\/wp-json\/wp\/v2\/categories?post=5040"},{"taxonomy":"post_tag","embeddable":true,"href":"https:\/\/agora.xtec.cat\/ceiplacreutorrefarrera\/wp-json\/wp\/v2\/tags?post=5040"}],"curies":[{"name":"wp","href":"https:\/\/api.w.org\/{rel}","templated":true}]}}