{"id":5000,"date":"2023-05-21T20:38:20","date_gmt":"2023-05-21T18:38:20","guid":{"rendered":"https:\/\/agora.xtec.cat\/ceiplacreutorrefarrera\/?p=5000"},"modified":"2023-05-21T20:38:20","modified_gmt":"2023-05-21T18:38:20","slug":"4t-cantania-2023-laberint-dhorta","status":"publish","type":"post","link":"https:\/\/agora.xtec.cat\/ceiplacreutorrefarrera\/general\/4t-cantania-2023-laberint-dhorta\/","title":{"rendered":"4t &#8211; CANT\u00c0NIA 2023 + Laberint d&#8217;Horta"},"content":{"rendered":"<p>El dimarts 16 de maig els alumnes de 4t vam anar a Barcelona. Havia arribat el gran dia, el moment esperat per presentar a les nostres fam\u00edlies la cantata que hav\u00edem estat preparant a les classes de m\u00fasica des del mes de gener: \u201cLes portes del m\u00f3n\u201d.<\/p>\n<p>A l\u2019arribar a Barcelona, vam esmorzar, passejar i jugar als jardins del Laberint d\u2019Horta. Va resultar una experi\u00e8ncia divertida buscar la sortida del laberint.<\/p>\n<p>Despr\u00e9s ja ens vam dirigir cap a l\u2019Auditori de Barcelona, on vam dinar pels voltants. Vam entrar dins. M\u00e9s de 800 nenes i nens de diferents escoles de Catalunya form\u00e0vem el cor; ens van distribuir pels diferents espais per fer un petit assaig tots plegats. Es percebia il\u00b7lusi\u00f3, emoci\u00f3 i nervis, molts nervis. S\u2019apropava el gran moment. La directora, la senyora Elisenda Carrasco, ens va fer alguns recordatoris per coordinar totes les veus i moviments de les coreografies. Estava tot a punt. Vam sortir i al cap d\u2019una mica, ja vam entrar a l\u2019escenari. A pesar que estava ple de gom a gom, de seguida vam poder localitzar els ulls de les nostres fam\u00edlies que estaven assegudes esperant gaudir del concert.<\/p>\n<p>Va comen\u00e7ar i vam poder compartir aquesta experi\u00e8ncia tan enriquidora, que se\u2019ns va fer curt\u00edssima. Va ser molt bonic i vam acabar molt satisfets per la feina feta. A la sortida felicitacions, abra\u00e7ades i petons de part de pares, mares, germans i padrins que havien vingut a veure\u2019ns.<\/p>\n<p>Despr\u00e9s de berenar, vam tornar cap a Torrefarrera. Havia estat un dia genial.<\/p>\n<p><a href=\"https:\/\/drive.google.com\/drive\/folders\/19msqO50Loev0m9RmiMZ4g6tq_wYjOLLd?usp=sharing\" target=\"_blank\" rel=\"noopener\"><img loading=\"lazy\" decoding=\"async\" class=\"alignnone wp-image-5004 size-medium\" src=\"https:\/\/agora.xtec.cat\/ceiplacreutorrefarrera\/wp-content\/uploads\/usu389\/2023\/05\/20230516_174426-300x225.jpg\" alt=\"\" width=\"300\" height=\"225\" srcset=\"https:\/\/agora.xtec.cat\/ceiplacreutorrefarrera\/wp-content\/uploads\/usu389\/2023\/05\/20230516_174426-300x225.jpg 300w, https:\/\/agora.xtec.cat\/ceiplacreutorrefarrera\/wp-content\/uploads\/usu389\/2023\/05\/20230516_174426-1024x768.jpg 1024w, https:\/\/agora.xtec.cat\/ceiplacreutorrefarrera\/wp-content\/uploads\/usu389\/2023\/05\/20230516_174426-768x576.jpg 768w, https:\/\/agora.xtec.cat\/ceiplacreutorrefarrera\/wp-content\/uploads\/usu389\/2023\/05\/20230516_174426-200x150.jpg 200w, https:\/\/agora.xtec.cat\/ceiplacreutorrefarrera\/wp-content\/uploads\/usu389\/2023\/05\/20230516_174426.jpg 1440w\" sizes=\"auto, (max-width: 300px) 100vw, 300px\" \/><\/a><\/p>\n","protected":false},"excerpt":{"rendered":"<p>El dimarts 16 de maig els alumnes de 4t vam anar a Barcelona. Havia arribat el gran dia, el moment esperat per presentar a les nostres fam\u00edlies la cantata que hav\u00edem estat preparant a les classes de m\u00fasica des del mes de gener: \u201cLes portes del m\u00f3n\u201d. A l\u2019arribar a Barcelona, vam esmorzar, passejar i [&hellip;]<\/p>\n","protected":false},"author":9,"featured_media":5002,"comment_status":"open","ping_status":"closed","sticky":false,"template":"","format":"standard","meta":{"_bbp_topic_count":0,"_bbp_reply_count":0,"_bbp_total_topic_count":0,"_bbp_total_reply_count":0,"_bbp_voice_count":0,"_bbp_anonymous_reply_count":0,"_bbp_topic_count_hidden":0,"_bbp_reply_count_hidden":0,"_bbp_forum_subforum_count":0,"site-sidebar-layout":"default","site-content-layout":"","ast-site-content-layout":"","site-content-style":"default","site-sidebar-style":"default","ast-global-header-display":"","ast-banner-title-visibility":"","ast-main-header-display":"","ast-hfb-above-header-display":"","ast-hfb-below-header-display":"","ast-hfb-mobile-header-display":"","site-post-title":"","ast-breadcrumbs-content":"","ast-featured-img":"","footer-sml-layout":"","theme-transparent-header-meta":"","adv-header-id-meta":"","stick-header-meta":"","header-above-stick-meta":"","header-main-stick-meta":"","header-below-stick-meta":"","astra-migrate-meta-layouts":"default","ast-page-background-enabled":"default","ast-page-background-meta":{"desktop":{"background-color":"var(--ast-global-color-4)","background-image":"","background-repeat":"repeat","background-position":"center center","background-size":"auto","background-attachment":"scroll","background-type":"","background-media":"","overlay-type":"","overlay-color":"","overlay-opacity":"","overlay-gradient":""},"tablet":{"background-color":"","background-image":"","background-repeat":"repeat","background-position":"center center","background-size":"auto","background-attachment":"scroll","background-type":"","background-media":"","overlay-type":"","overlay-color":"","overlay-opacity":"","overlay-gradient":""},"mobile":{"background-color":"","background-image":"","background-repeat":"repeat","background-position":"center center","background-size":"auto","background-attachment":"scroll","background-type":"","background-media":"","overlay-type":"","overlay-color":"","overlay-opacity":"","overlay-gradient":""}},"ast-content-background-meta":{"desktop":{"background-color":"var(--ast-global-color-5)","background-image":"","background-repeat":"repeat","background-position":"center center","background-size":"auto","background-attachment":"scroll","background-type":"","background-media":"","overlay-type":"","overlay-color":"","overlay-opacity":"","overlay-gradient":""},"tablet":{"background-color":"var(--ast-global-color-5)","background-image":"","background-repeat":"repeat","background-position":"center center","background-size":"auto","background-attachment":"scroll","background-type":"","background-media":"","overlay-type":"","overlay-color":"","overlay-opacity":"","overlay-gradient":""},"mobile":{"background-color":"var(--ast-global-color-5)","background-image":"","background-repeat":"repeat","background-position":"center center","background-size":"auto","background-attachment":"scroll","background-type":"","background-media":"","overlay-type":"","overlay-color":"","overlay-opacity":"","overlay-gradient":""}},"footnotes":""},"categories":[13,40,1,43,4,5],"tags":[],"class_list":["post-5000","post","type-post","status-publish","format-standard","has-post-thumbnail","hentry","category-4t","category-activitats-de-centre","category-general","category-musica","category-portada","category-primaria"],"post_mailing_queue_ids":[],"_links":{"self":[{"href":"https:\/\/agora.xtec.cat\/ceiplacreutorrefarrera\/wp-json\/wp\/v2\/posts\/5000","targetHints":{"allow":["GET"]}}],"collection":[{"href":"https:\/\/agora.xtec.cat\/ceiplacreutorrefarrera\/wp-json\/wp\/v2\/posts"}],"about":[{"href":"https:\/\/agora.xtec.cat\/ceiplacreutorrefarrera\/wp-json\/wp\/v2\/types\/post"}],"author":[{"embeddable":true,"href":"https:\/\/agora.xtec.cat\/ceiplacreutorrefarrera\/wp-json\/wp\/v2\/users\/9"}],"replies":[{"embeddable":true,"href":"https:\/\/agora.xtec.cat\/ceiplacreutorrefarrera\/wp-json\/wp\/v2\/comments?post=5000"}],"version-history":[{"count":3,"href":"https:\/\/agora.xtec.cat\/ceiplacreutorrefarrera\/wp-json\/wp\/v2\/posts\/5000\/revisions"}],"predecessor-version":[{"id":5005,"href":"https:\/\/agora.xtec.cat\/ceiplacreutorrefarrera\/wp-json\/wp\/v2\/posts\/5000\/revisions\/5005"}],"wp:featuredmedia":[{"embeddable":true,"href":"https:\/\/agora.xtec.cat\/ceiplacreutorrefarrera\/wp-json\/wp\/v2\/media\/5002"}],"wp:attachment":[{"href":"https:\/\/agora.xtec.cat\/ceiplacreutorrefarrera\/wp-json\/wp\/v2\/media?parent=5000"}],"wp:term":[{"taxonomy":"category","embeddable":true,"href":"https:\/\/agora.xtec.cat\/ceiplacreutorrefarrera\/wp-json\/wp\/v2\/categories?post=5000"},{"taxonomy":"post_tag","embeddable":true,"href":"https:\/\/agora.xtec.cat\/ceiplacreutorrefarrera\/wp-json\/wp\/v2\/tags?post=5000"}],"curies":[{"name":"wp","href":"https:\/\/api.w.org\/{rel}","templated":true}]}}