{"id":4970,"date":"2023-05-05T17:12:55","date_gmt":"2023-05-05T15:12:55","guid":{"rendered":"https:\/\/agora.xtec.cat\/ceiplacreutorrefarrera\/?p=4970"},"modified":"2023-05-05T17:12:55","modified_gmt":"2023-05-05T15:12:55","slug":"els-nens-i-les-nenes-de-6e-visitem-el-parc-astronomic-del-montsec","status":"publish","type":"post","link":"https:\/\/agora.xtec.cat\/ceiplacreutorrefarrera\/general\/els-nens-i-les-nenes-de-6e-visitem-el-parc-astronomic-del-montsec\/","title":{"rendered":"ELS NENS I LES NENES DE 6\u00e8 VISITEM EL PARC ASTRON\u00d2MIC DEL MONTSEC"},"content":{"rendered":"<p class=\"p1\"><span class=\"s1\"><a href=\"https:\/\/drive.google.com\/drive\/folders\/1vTX5F1imcc0odeiDVfmT7y3_RoKE0S4m?usp=sharing\" target=\"_blank\" rel=\"noopener noreferrer\"><img loading=\"lazy\" decoding=\"async\" class=\"wp-image-3501 alignleft\" src=\"https:\/\/agora.xtec.cat\/ceiplacreutorrefarrera\/wp-content\/uploads\/usu389\/2021\/05\/IMG_20210531_114004-1024x768.jpeg\" alt=\"\" width=\"348\" height=\"261\" srcset=\"https:\/\/agora.xtec.cat\/ceiplacreutorrefarrera\/wp-content\/uploads\/usu389\/2021\/05\/IMG_20210531_114004-1024x768.jpeg 1024w, https:\/\/agora.xtec.cat\/ceiplacreutorrefarrera\/wp-content\/uploads\/usu389\/2021\/05\/IMG_20210531_114004-300x225.jpeg 300w, https:\/\/agora.xtec.cat\/ceiplacreutorrefarrera\/wp-content\/uploads\/usu389\/2021\/05\/IMG_20210531_114004-768x576.jpeg 768w, https:\/\/agora.xtec.cat\/ceiplacreutorrefarrera\/wp-content\/uploads\/usu389\/2021\/05\/IMG_20210531_114004-200x150.jpeg 200w\" sizes=\"auto, (max-width: 348px) 100vw, 348px\" \/><\/a>Aquest divendres 5 de maig, els alumnes de 6\u00e8 hem anat a \u00c0ger, al Centre d\u2019Observaci\u00f3 de l\u2019Univers (COU)\/ Parc Astron\u00f2mic del Montsec (PAM), on hem participar d\u2019unes activitats educatives que complementen el tema que, properament, treballarem a la classe de medi social sobre la Terra, el nostre planeta, el sistema solar i l\u2019 Univers.<\/span><\/p>\n<p class=\"p1\"><span class=\"s1\">Gr\u00e0cies als equipaments d\u2019observaci\u00f3 solar i als telescopis tan potents que tenen, hem pogut veure quina mena de \u201ctaques\u201d t\u00e9 el sol i el seu motiu, les seves protuber\u00e0ncies i hem apr\u00e8s moltes coses interessants, fins i tot la causa de les aurores boreals o els diferents tipus de llum que hi ha. Hem constru\u00eft un planisferi per a poder interpretar el cel nocturn i observar les constel\u00b7lacions, i finalment, a l\u2019Ull del Montsec, \u00e9s a dir, a la c\u00fapula gegant, que \u00e9s un planetari digital, ens han projectat la pel\u00b7l\u00edcula \u201cLucia\u201d i hem pout fer un viatge des dels or\u00edgens de l\u2019univers fins al nostre planeta. Ah! I <\/span><span class=\"s1\">ens han aconsellat una aplicaci\u00f3 per a poder veure les constel\u00b7lacions en temps i lloc reals,\u00a0<b>stellarium.\u00a0<\/b>A veure si us animeu a provar-la, fam\u00edlies.<\/span><\/p>\n<p class=\"p1\"><span class=\"s1\">I cap a les dues, a dinar i a gaudir del que quedava d\u00b4excursi\u00f3.<\/span><\/p>\n<p class=\"p1\"><span class=\"s1\"><i>Podeu veure totes les fotos clicant sobre la imatge de la Terra.<\/i><\/span><\/p>\n","protected":false},"excerpt":{"rendered":"<p>Aquest divendres 5 de maig, els alumnes de 6\u00e8 hem anat a \u00c0ger, al Centre d\u2019Observaci\u00f3 de l\u2019Univers (COU)\/ Parc Astron\u00f2mic del Montsec (PAM), on hem participar d\u2019unes activitats educatives que complementen el tema que, properament, treballarem a la classe de medi social sobre la Terra, el nostre planeta, el sistema solar i l\u2019 Univers. [&hellip;]<\/p>\n","protected":false},"author":10,"featured_media":3556,"comment_status":"open","ping_status":"closed","sticky":false,"template":"","format":"standard","meta":{"_bbp_topic_count":0,"_bbp_reply_count":0,"_bbp_total_topic_count":0,"_bbp_total_reply_count":0,"_bbp_voice_count":0,"_bbp_anonymous_reply_count":0,"_bbp_topic_count_hidden":0,"_bbp_reply_count_hidden":0,"_bbp_forum_subforum_count":0,"site-sidebar-layout":"default","site-content-layout":"","ast-site-content-layout":"","site-content-style":"default","site-sidebar-style":"default","ast-global-header-display":"","ast-banner-title-visibility":"","ast-main-header-display":"","ast-hfb-above-header-display":"","ast-hfb-below-header-display":"","ast-hfb-mobile-header-display":"","site-post-title":"","ast-breadcrumbs-content":"","ast-featured-img":"","footer-sml-layout":"","theme-transparent-header-meta":"","adv-header-id-meta":"","stick-header-meta":"","header-above-stick-meta":"","header-main-stick-meta":"","header-below-stick-meta":"","astra-migrate-meta-layouts":"default","ast-page-background-enabled":"default","ast-page-background-meta":{"desktop":{"background-color":"var(--ast-global-color-4)","background-image":"","background-repeat":"repeat","background-position":"center center","background-size":"auto","background-attachment":"scroll","background-type":"","background-media":"","overlay-type":"","overlay-color":"","overlay-opacity":"","overlay-gradient":""},"tablet":{"background-color":"","background-image":"","background-repeat":"repeat","background-position":"center center","background-size":"auto","background-attachment":"scroll","background-type":"","background-media":"","overlay-type":"","overlay-color":"","overlay-opacity":"","overlay-gradient":""},"mobile":{"background-color":"","background-image":"","background-repeat":"repeat","background-position":"center center","background-size":"auto","background-attachment":"scroll","background-type":"","background-media":"","overlay-type":"","overlay-color":"","overlay-opacity":"","overlay-gradient":""}},"ast-content-background-meta":{"desktop":{"background-color":"var(--ast-global-color-5)","background-image":"","background-repeat":"repeat","background-position":"center center","background-size":"auto","background-attachment":"scroll","background-type":"","background-media":"","overlay-type":"","overlay-color":"","overlay-opacity":"","overlay-gradient":""},"tablet":{"background-color":"var(--ast-global-color-5)","background-image":"","background-repeat":"repeat","background-position":"center center","background-size":"auto","background-attachment":"scroll","background-type":"","background-media":"","overlay-type":"","overlay-color":"","overlay-opacity":"","overlay-gradient":""},"mobile":{"background-color":"var(--ast-global-color-5)","background-image":"","background-repeat":"repeat","background-position":"center center","background-size":"auto","background-attachment":"scroll","background-type":"","background-media":"","overlay-type":"","overlay-color":"","overlay-opacity":"","overlay-gradient":""}},"footnotes":""},"categories":[15,40,1,4,5],"tags":[51,16],"class_list":["post-4970","post","type-post","status-publish","format-standard","has-post-thumbnail","hentry","category-6e","category-activitats-de-centre","category-general","category-portada","category-primaria","tag-6e","tag-sortides"],"post_mailing_queue_ids":[],"_links":{"self":[{"href":"https:\/\/agora.xtec.cat\/ceiplacreutorrefarrera\/wp-json\/wp\/v2\/posts\/4970","targetHints":{"allow":["GET"]}}],"collection":[{"href":"https:\/\/agora.xtec.cat\/ceiplacreutorrefarrera\/wp-json\/wp\/v2\/posts"}],"about":[{"href":"https:\/\/agora.xtec.cat\/ceiplacreutorrefarrera\/wp-json\/wp\/v2\/types\/post"}],"author":[{"embeddable":true,"href":"https:\/\/agora.xtec.cat\/ceiplacreutorrefarrera\/wp-json\/wp\/v2\/users\/10"}],"replies":[{"embeddable":true,"href":"https:\/\/agora.xtec.cat\/ceiplacreutorrefarrera\/wp-json\/wp\/v2\/comments?post=4970"}],"version-history":[{"count":3,"href":"https:\/\/agora.xtec.cat\/ceiplacreutorrefarrera\/wp-json\/wp\/v2\/posts\/4970\/revisions"}],"predecessor-version":[{"id":4975,"href":"https:\/\/agora.xtec.cat\/ceiplacreutorrefarrera\/wp-json\/wp\/v2\/posts\/4970\/revisions\/4975"}],"wp:featuredmedia":[{"embeddable":true,"href":"https:\/\/agora.xtec.cat\/ceiplacreutorrefarrera\/wp-json\/wp\/v2\/media\/3556"}],"wp:attachment":[{"href":"https:\/\/agora.xtec.cat\/ceiplacreutorrefarrera\/wp-json\/wp\/v2\/media?parent=4970"}],"wp:term":[{"taxonomy":"category","embeddable":true,"href":"https:\/\/agora.xtec.cat\/ceiplacreutorrefarrera\/wp-json\/wp\/v2\/categories?post=4970"},{"taxonomy":"post_tag","embeddable":true,"href":"https:\/\/agora.xtec.cat\/ceiplacreutorrefarrera\/wp-json\/wp\/v2\/tags?post=4970"}],"curies":[{"name":"wp","href":"https:\/\/api.w.org\/{rel}","templated":true}]}}