{"id":4960,"date":"2023-05-01T23:37:50","date_gmt":"2023-05-01T21:37:50","guid":{"rendered":"https:\/\/agora.xtec.cat\/ceiplacreutorrefarrera\/?p=4960"},"modified":"2023-05-01T23:37:50","modified_gmt":"2023-05-01T21:37:50","slug":"5e-lorquestra-simfonica-a-lauditori-enric-granados","status":"publish","type":"post","link":"https:\/\/agora.xtec.cat\/ceiplacreutorrefarrera\/general\/5e-lorquestra-simfonica-a-lauditori-enric-granados\/","title":{"rendered":"5\u00e8- L&#8217;orquestra simf\u00f2nica a l&#8217;Auditori Enric Granados"},"content":{"rendered":"<p>&nbsp;<\/p>\n<p><b>\u201cConcentrats en el silenci i sentir qu\u00e8 ens vol dir la m\u00fasica\u201d<\/b><span style=\"font-weight: 400\">\u00a0<\/span><\/p>\n<p><span style=\"font-weight: 400\">Amb aquestes paraules es va iniciar la presentaci\u00f3 de l\u2019Orquestra Simf\u00f2nica a l\u2019Auditori Enric Granados el passat dimarts, dia 25; i<\/span><span style=\"font-weight: 400\">\u00a0els afortunats de poder gaudir-la van ser els alumnes i les alumnes de 5\u00e8 curs.\u00a0<\/span><\/p>\n<p><span style=\"font-weight: 400\">L\u2019objectiu d\u2019aquesta audici\u00f3 va ser apropar la gran orquestra al p\u00fablic; aix\u00ed, mitjan\u00e7ant un concert comentat <\/span><span style=\"font-weight: 400\">van ensenyar, tocar i classificar tots els instruments que van utilitzar per interpretar les melodies. Tamb\u00e9 van tenir l\u2019oportunitat de poder escoltar representacions d\u2019autors cl\u00e0ssics, com Bethoven.<\/span><span style=\"font-weight: 400\"> Finalment, i com a colof\u00f3 de l\u2019activitat, van tocar can\u00e7ons de pel\u00b7l\u00edcules que han fet hist\u00f2ria com ara <\/span><em><span style=\"font-weight: 400\">Harry Potter<\/span><\/em><span style=\"font-weight: 400\"> i <\/span><em><span style=\"font-weight: 400\">Missi\u00f3 impossible<\/span><\/em><span style=\"font-weight: 400\">.<\/span><\/p>\n<p>Aqu\u00ed teniu un recull de fotografies de la sortida:<\/p>\n<p><a href=\"https:\/\/drive.google.com\/drive\/folders\/1Cgo75HYMxdlRPZJPNUax9Lt_2D-y_u4n?usp=sharing\">Fotos de la sortida Auditori-Orquestra simf\u00f2nica<\/a><\/p>\n<p>&nbsp;<\/p>\n","protected":false},"excerpt":{"rendered":"<p>&nbsp; \u201cConcentrats en el silenci i sentir qu\u00e8 ens vol dir la m\u00fasica\u201d\u00a0 Amb aquestes paraules es va iniciar la presentaci\u00f3 de l\u2019Orquestra Simf\u00f2nica a l\u2019Auditori Enric Granados el passat dimarts, dia 25; i\u00a0els afortunats de poder gaudir-la van ser els alumnes i les alumnes de 5\u00e8 curs.\u00a0 L\u2019objectiu d\u2019aquesta audici\u00f3 va ser apropar la [&hellip;]<\/p>\n","protected":false},"author":30,"featured_media":4961,"comment_status":"open","ping_status":"closed","sticky":false,"template":"","format":"standard","meta":{"_bbp_topic_count":0,"_bbp_reply_count":0,"_bbp_total_topic_count":0,"_bbp_total_reply_count":0,"_bbp_voice_count":0,"_bbp_anonymous_reply_count":0,"_bbp_topic_count_hidden":0,"_bbp_reply_count_hidden":0,"_bbp_forum_subforum_count":0,"site-sidebar-layout":"default","site-content-layout":"","ast-site-content-layout":"","site-content-style":"default","site-sidebar-style":"default","ast-global-header-display":"","ast-banner-title-visibility":"","ast-main-header-display":"","ast-hfb-above-header-display":"","ast-hfb-below-header-display":"","ast-hfb-mobile-header-display":"","site-post-title":"","ast-breadcrumbs-content":"","ast-featured-img":"","footer-sml-layout":"","theme-transparent-header-meta":"","adv-header-id-meta":"","stick-header-meta":"","header-above-stick-meta":"","header-main-stick-meta":"","header-below-stick-meta":"","astra-migrate-meta-layouts":"default","ast-page-background-enabled":"default","ast-page-background-meta":{"desktop":{"background-color":"var(--ast-global-color-4)","background-image":"","background-repeat":"repeat","background-position":"center center","background-size":"auto","background-attachment":"scroll","background-type":"","background-media":"","overlay-type":"","overlay-color":"","overlay-opacity":"","overlay-gradient":""},"tablet":{"background-color":"","background-image":"","background-repeat":"repeat","background-position":"center center","background-size":"auto","background-attachment":"scroll","background-type":"","background-media":"","overlay-type":"","overlay-color":"","overlay-opacity":"","overlay-gradient":""},"mobile":{"background-color":"","background-image":"","background-repeat":"repeat","background-position":"center center","background-size":"auto","background-attachment":"scroll","background-type":"","background-media":"","overlay-type":"","overlay-color":"","overlay-opacity":"","overlay-gradient":""}},"ast-content-background-meta":{"desktop":{"background-color":"var(--ast-global-color-5)","background-image":"","background-repeat":"repeat","background-position":"center center","background-size":"auto","background-attachment":"scroll","background-type":"","background-media":"","overlay-type":"","overlay-color":"","overlay-opacity":"","overlay-gradient":""},"tablet":{"background-color":"var(--ast-global-color-5)","background-image":"","background-repeat":"repeat","background-position":"center center","background-size":"auto","background-attachment":"scroll","background-type":"","background-media":"","overlay-type":"","overlay-color":"","overlay-opacity":"","overlay-gradient":""},"mobile":{"background-color":"var(--ast-global-color-5)","background-image":"","background-repeat":"repeat","background-position":"center center","background-size":"auto","background-attachment":"scroll","background-type":"","background-media":"","overlay-type":"","overlay-color":"","overlay-opacity":"","overlay-gradient":""}},"footnotes":""},"categories":[14,1,4,5],"tags":[58,168,196,16],"class_list":["post-4960","post","type-post","status-publish","format-standard","has-post-thumbnail","hentry","category-5e","category-general","category-portada","category-primaria","tag-5e","tag-auditori","tag-sortida","tag-sortides"],"post_mailing_queue_ids":[],"_links":{"self":[{"href":"https:\/\/agora.xtec.cat\/ceiplacreutorrefarrera\/wp-json\/wp\/v2\/posts\/4960","targetHints":{"allow":["GET"]}}],"collection":[{"href":"https:\/\/agora.xtec.cat\/ceiplacreutorrefarrera\/wp-json\/wp\/v2\/posts"}],"about":[{"href":"https:\/\/agora.xtec.cat\/ceiplacreutorrefarrera\/wp-json\/wp\/v2\/types\/post"}],"author":[{"embeddable":true,"href":"https:\/\/agora.xtec.cat\/ceiplacreutorrefarrera\/wp-json\/wp\/v2\/users\/30"}],"replies":[{"embeddable":true,"href":"https:\/\/agora.xtec.cat\/ceiplacreutorrefarrera\/wp-json\/wp\/v2\/comments?post=4960"}],"version-history":[{"count":1,"href":"https:\/\/agora.xtec.cat\/ceiplacreutorrefarrera\/wp-json\/wp\/v2\/posts\/4960\/revisions"}],"predecessor-version":[{"id":4962,"href":"https:\/\/agora.xtec.cat\/ceiplacreutorrefarrera\/wp-json\/wp\/v2\/posts\/4960\/revisions\/4962"}],"wp:featuredmedia":[{"embeddable":true,"href":"https:\/\/agora.xtec.cat\/ceiplacreutorrefarrera\/wp-json\/wp\/v2\/media\/4961"}],"wp:attachment":[{"href":"https:\/\/agora.xtec.cat\/ceiplacreutorrefarrera\/wp-json\/wp\/v2\/media?parent=4960"}],"wp:term":[{"taxonomy":"category","embeddable":true,"href":"https:\/\/agora.xtec.cat\/ceiplacreutorrefarrera\/wp-json\/wp\/v2\/categories?post=4960"},{"taxonomy":"post_tag","embeddable":true,"href":"https:\/\/agora.xtec.cat\/ceiplacreutorrefarrera\/wp-json\/wp\/v2\/tags?post=4960"}],"curies":[{"name":"wp","href":"https:\/\/api.w.org\/{rel}","templated":true}]}}