{"id":4918,"date":"2023-04-20T21:49:16","date_gmt":"2023-04-20T19:49:16","guid":{"rendered":"https:\/\/agora.xtec.cat\/ceiplacreutorrefarrera\/?p=4918"},"modified":"2023-04-20T21:55:30","modified_gmt":"2023-04-20T19:55:30","slug":"5e-activitats-literaries-a-la-biblioteca-de-torrefarrera","status":"publish","type":"post","link":"https:\/\/agora.xtec.cat\/ceiplacreutorrefarrera\/general\/5e-activitats-literaries-a-la-biblioteca-de-torrefarrera\/","title":{"rendered":"5\u00e8 &#8211; ACTIVITATS LITER\u00c0RIES A LA BIBLIOTECA DE TORREFARRERA"},"content":{"rendered":"<p>Avui l&#8217;alumnat de 5\u00e8 hem tornat a la Biblioteca del poble. Aquest cop hem fet &#8220;un passeig po\u00e8tic&#8221; per tal de treballar la poesia d&#8217;una manera m\u00e9s l\u00fadica. Hem gaudit llegint haikus, descobrint emocions i sentiments a trav\u00e9s de les paraules i, fins i tot, fent una activitat molt divertida: #robaunpoema. A m\u00e9s, ens han presentat les darreres novetats liter\u00e0ries i ens n&#8217;han recomanat algunes de molt interessants i engrescadores com\u00a0<em>Filstrup<\/em>,\u00a0<em>La iaia no hi toca<\/em> o\u00a0<em>Treva.<\/em><\/p>\n<p>Aquesta activitat s&#8217;emmarca dins la setmana de Sant Jordi i l&#8217;hem anomenat\u00a0<em><strong>Setmana liter\u00e0ria<\/strong><\/em> ja que durant la setmana hem estat llegint poemes, coneixent poetes i poetesses molt interessants, descobrint diferents tipus de poemes, els sentits figurats dels versos, les rimes&#8230; Com us podeu imaginar, un mat\u00ed molt literari, diferent i encoratjador.<\/p>\n<p>Bona diada de Sant Jordi!<\/p>\n<p>Aqu\u00ed teniu un recull de fotografies:<\/p>\n<p><a href=\"https:\/\/drive.google.com\/drive\/folders\/1Zst2sJaI4LosvRVHNEncvCw9XGc5kUdj\">Passeig po\u00e8tic a la Biblioteca de Torrefarrera<\/a><\/p>\n<p>&nbsp;<\/p>\n","protected":false},"excerpt":{"rendered":"<p>Avui l&#8217;alumnat de 5\u00e8 hem tornat a la Biblioteca del poble. Aquest cop hem fet &#8220;un passeig po\u00e8tic&#8221; per tal de treballar la poesia d&#8217;una manera m\u00e9s l\u00fadica. Hem gaudit llegint haikus, descobrint emocions i sentiments a trav\u00e9s de les paraules i, fins i tot, fent una activitat molt divertida: #robaunpoema. A m\u00e9s, ens han [&hellip;]<\/p>\n","protected":false},"author":30,"featured_media":4923,"comment_status":"open","ping_status":"closed","sticky":false,"template":"","format":"standard","meta":{"_bbp_topic_count":0,"_bbp_reply_count":0,"_bbp_total_topic_count":0,"_bbp_total_reply_count":0,"_bbp_voice_count":0,"_bbp_anonymous_reply_count":0,"_bbp_topic_count_hidden":0,"_bbp_reply_count_hidden":0,"_bbp_forum_subforum_count":0,"site-sidebar-layout":"default","site-content-layout":"","ast-site-content-layout":"","site-content-style":"default","site-sidebar-style":"default","ast-global-header-display":"","ast-banner-title-visibility":"","ast-main-header-display":"","ast-hfb-above-header-display":"","ast-hfb-below-header-display":"","ast-hfb-mobile-header-display":"","site-post-title":"","ast-breadcrumbs-content":"","ast-featured-img":"","footer-sml-layout":"","theme-transparent-header-meta":"","adv-header-id-meta":"","stick-header-meta":"","header-above-stick-meta":"","header-main-stick-meta":"","header-below-stick-meta":"","astra-migrate-meta-layouts":"default","ast-page-background-enabled":"default","ast-page-background-meta":{"desktop":{"background-color":"var(--ast-global-color-4)","background-image":"","background-repeat":"repeat","background-position":"center center","background-size":"auto","background-attachment":"scroll","background-type":"","background-media":"","overlay-type":"","overlay-color":"","overlay-opacity":"","overlay-gradient":""},"tablet":{"background-color":"","background-image":"","background-repeat":"repeat","background-position":"center center","background-size":"auto","background-attachment":"scroll","background-type":"","background-media":"","overlay-type":"","overlay-color":"","overlay-opacity":"","overlay-gradient":""},"mobile":{"background-color":"","background-image":"","background-repeat":"repeat","background-position":"center center","background-size":"auto","background-attachment":"scroll","background-type":"","background-media":"","overlay-type":"","overlay-color":"","overlay-opacity":"","overlay-gradient":""}},"ast-content-background-meta":{"desktop":{"background-color":"var(--ast-global-color-5)","background-image":"","background-repeat":"repeat","background-position":"center center","background-size":"auto","background-attachment":"scroll","background-type":"","background-media":"","overlay-type":"","overlay-color":"","overlay-opacity":"","overlay-gradient":""},"tablet":{"background-color":"var(--ast-global-color-5)","background-image":"","background-repeat":"repeat","background-position":"center center","background-size":"auto","background-attachment":"scroll","background-type":"","background-media":"","overlay-type":"","overlay-color":"","overlay-opacity":"","overlay-gradient":""},"mobile":{"background-color":"var(--ast-global-color-5)","background-image":"","background-repeat":"repeat","background-position":"center center","background-size":"auto","background-attachment":"scroll","background-type":"","background-media":"","overlay-type":"","overlay-color":"","overlay-opacity":"","overlay-gradient":""}},"footnotes":""},"categories":[14,1,4,5],"tags":[58,118,226,196],"class_list":["post-4918","post","type-post","status-publish","format-standard","has-post-thumbnail","hentry","category-5e","category-general","category-portada","category-primaria","tag-5e","tag-sant-jordi","tag-setmana-literaria","tag-sortida"],"post_mailing_queue_ids":[],"_links":{"self":[{"href":"https:\/\/agora.xtec.cat\/ceiplacreutorrefarrera\/wp-json\/wp\/v2\/posts\/4918","targetHints":{"allow":["GET"]}}],"collection":[{"href":"https:\/\/agora.xtec.cat\/ceiplacreutorrefarrera\/wp-json\/wp\/v2\/posts"}],"about":[{"href":"https:\/\/agora.xtec.cat\/ceiplacreutorrefarrera\/wp-json\/wp\/v2\/types\/post"}],"author":[{"embeddable":true,"href":"https:\/\/agora.xtec.cat\/ceiplacreutorrefarrera\/wp-json\/wp\/v2\/users\/30"}],"replies":[{"embeddable":true,"href":"https:\/\/agora.xtec.cat\/ceiplacreutorrefarrera\/wp-json\/wp\/v2\/comments?post=4918"}],"version-history":[{"count":2,"href":"https:\/\/agora.xtec.cat\/ceiplacreutorrefarrera\/wp-json\/wp\/v2\/posts\/4918\/revisions"}],"predecessor-version":[{"id":4922,"href":"https:\/\/agora.xtec.cat\/ceiplacreutorrefarrera\/wp-json\/wp\/v2\/posts\/4918\/revisions\/4922"}],"wp:featuredmedia":[{"embeddable":true,"href":"https:\/\/agora.xtec.cat\/ceiplacreutorrefarrera\/wp-json\/wp\/v2\/media\/4923"}],"wp:attachment":[{"href":"https:\/\/agora.xtec.cat\/ceiplacreutorrefarrera\/wp-json\/wp\/v2\/media?parent=4918"}],"wp:term":[{"taxonomy":"category","embeddable":true,"href":"https:\/\/agora.xtec.cat\/ceiplacreutorrefarrera\/wp-json\/wp\/v2\/categories?post=4918"},{"taxonomy":"post_tag","embeddable":true,"href":"https:\/\/agora.xtec.cat\/ceiplacreutorrefarrera\/wp-json\/wp\/v2\/tags?post=4918"}],"curies":[{"name":"wp","href":"https:\/\/api.w.org\/{rel}","templated":true}]}}