{"id":4907,"date":"2023-04-18T13:37:01","date_gmt":"2023-04-18T11:37:01","guid":{"rendered":"https:\/\/agora.xtec.cat\/ceiplacreutorrefarrera\/?p=4907"},"modified":"2023-04-18T13:37:01","modified_gmt":"2023-04-18T11:37:01","slug":"colonies-de-segon-a-cal-gort-2","status":"publish","type":"post","link":"https:\/\/agora.xtec.cat\/ceiplacreutorrefarrera\/general\/colonies-de-segon-a-cal-gort-2\/","title":{"rendered":"COL\u00d2NIES DE SEGON A CAL GORT"},"content":{"rendered":"<p>Els passats 13 i 14 d&#8217;abril les nenes i els nens de segon vam anar de col\u00f2nies a Cal Gort, a la Pobla de C\u00e9rvoles. All\u00ed vam poder gaudir de dos dies de conviv\u00e8ncia i aprenentatge en un entorn immillorable per con\u00e8ixer les abelles.<\/p>\n<p>El primer dia, despr\u00e9s d&#8217;instal\u00b7lar-nos a les habitacions, vam donar un tomb pel poble i vam descobrir com es rentava la roba quan no existien les rentadores i les dones es trobaven al safareig del poble per fer-ho. Despr\u00e9s de dinar, 2nA va fer el taller d&#8217;apicultura i 2nB, l&#8217;itinerari per la natura. En acabat, una estona de joc lliure i a sopar! A la nit, encara que est\u00e0vem molt cansats, ens vam reviscolar amb el joc de nit, on vam anar a la recerca dels estels. Finalment, pijameta i a dormir&#8230; o no!<\/p>\n<p>El segon dia, ens vam llevar, ens vam arreglar i vam recollir-ho tot. Tot un desafiament tornar a col\u00b7locar les coses dins de la maleta! Vam esmorzar i ens vam intercanviar a l&#8217;hora de fer els tallers: 2nB, apicultura i 2nA, itinerari de natura. En acabat, vam dinar i ens ho vam passar d&#8217;all\u00f2 m\u00e9s b\u00e9 jugant tots plegats.<\/p>\n<p>Ens enduem el contacte directe amb uns animalons que tot sovint ens espanten per\u00f2 que hem descobert que no ens volen fer mal i que s\u00f3n uns grans treballadors, s\u00faper importants pel nostre planeta i per nosaltres mateixos, les abelles. Hem conegut un entorn semblant al nostre, on els artistes han deixat la seva empremta en forma d&#8217;escultures i instal\u00b7lacions que conviuen en perfecta harmonia amb la natura. I hem gaudit, sobretot, sobretot, de la companyia dels nostres companys i companyes aprenent a ser m\u00e9s aut\u00f2noms. Objectius aconseguits!<\/p>\n<p>Gaudiu de les fotografies d&#8217;aquests dos dies (properament n&#8217;hi haur\u00e0 m\u00e9s):<\/p>\n<p><a href=\"https:\/\/drive.google.com\/drive\/folders\/1gWSxOOj63JHX0sf6WgBLgJez9GQKcL_P?usp=sharing\">SEGON A CAL GORT<\/a><\/p>\n","protected":false},"excerpt":{"rendered":"<p>Els passats 13 i 14 d&#8217;abril les nenes i els nens de segon vam anar de col\u00f2nies a Cal Gort, a la Pobla de C\u00e9rvoles. All\u00ed vam poder gaudir de dos dies de conviv\u00e8ncia i aprenentatge en un entorn immillorable per con\u00e8ixer les abelles. El primer dia, despr\u00e9s d&#8217;instal\u00b7lar-nos a les habitacions, vam donar un [&hellip;]<\/p>\n","protected":false},"author":17,"featured_media":4909,"comment_status":"open","ping_status":"closed","sticky":false,"template":"","format":"standard","meta":{"_bbp_topic_count":0,"_bbp_reply_count":0,"_bbp_total_topic_count":0,"_bbp_total_reply_count":0,"_bbp_voice_count":0,"_bbp_anonymous_reply_count":0,"_bbp_topic_count_hidden":0,"_bbp_reply_count_hidden":0,"_bbp_forum_subforum_count":0,"site-sidebar-layout":"default","site-content-layout":"","ast-site-content-layout":"","site-content-style":"default","site-sidebar-style":"default","ast-global-header-display":"","ast-banner-title-visibility":"","ast-main-header-display":"","ast-hfb-above-header-display":"","ast-hfb-below-header-display":"","ast-hfb-mobile-header-display":"","site-post-title":"","ast-breadcrumbs-content":"","ast-featured-img":"","footer-sml-layout":"","theme-transparent-header-meta":"","adv-header-id-meta":"","stick-header-meta":"","header-above-stick-meta":"","header-main-stick-meta":"","header-below-stick-meta":"","astra-migrate-meta-layouts":"default","ast-page-background-enabled":"default","ast-page-background-meta":{"desktop":{"background-color":"var(--ast-global-color-4)","background-image":"","background-repeat":"repeat","background-position":"center center","background-size":"auto","background-attachment":"scroll","background-type":"","background-media":"","overlay-type":"","overlay-color":"","overlay-opacity":"","overlay-gradient":""},"tablet":{"background-color":"","background-image":"","background-repeat":"repeat","background-position":"center center","background-size":"auto","background-attachment":"scroll","background-type":"","background-media":"","overlay-type":"","overlay-color":"","overlay-opacity":"","overlay-gradient":""},"mobile":{"background-color":"","background-image":"","background-repeat":"repeat","background-position":"center center","background-size":"auto","background-attachment":"scroll","background-type":"","background-media":"","overlay-type":"","overlay-color":"","overlay-opacity":"","overlay-gradient":""}},"ast-content-background-meta":{"desktop":{"background-color":"var(--ast-global-color-5)","background-image":"","background-repeat":"repeat","background-position":"center center","background-size":"auto","background-attachment":"scroll","background-type":"","background-media":"","overlay-type":"","overlay-color":"","overlay-opacity":"","overlay-gradient":""},"tablet":{"background-color":"var(--ast-global-color-5)","background-image":"","background-repeat":"repeat","background-position":"center center","background-size":"auto","background-attachment":"scroll","background-type":"","background-media":"","overlay-type":"","overlay-color":"","overlay-opacity":"","overlay-gradient":""},"mobile":{"background-color":"var(--ast-global-color-5)","background-image":"","background-repeat":"repeat","background-position":"center center","background-size":"auto","background-attachment":"scroll","background-type":"","background-media":"","overlay-type":"","overlay-color":"","overlay-opacity":"","overlay-gradient":""}},"footnotes":""},"categories":[11,1,4,5],"tags":[225,48,179],"class_list":["post-4907","post","type-post","status-publish","format-standard","has-post-thumbnail","hentry","category-2n","category-general","category-portada","category-primaria","tag-abelles","tag-colonies","tag-segon"],"post_mailing_queue_ids":[],"_links":{"self":[{"href":"https:\/\/agora.xtec.cat\/ceiplacreutorrefarrera\/wp-json\/wp\/v2\/posts\/4907","targetHints":{"allow":["GET"]}}],"collection":[{"href":"https:\/\/agora.xtec.cat\/ceiplacreutorrefarrera\/wp-json\/wp\/v2\/posts"}],"about":[{"href":"https:\/\/agora.xtec.cat\/ceiplacreutorrefarrera\/wp-json\/wp\/v2\/types\/post"}],"author":[{"embeddable":true,"href":"https:\/\/agora.xtec.cat\/ceiplacreutorrefarrera\/wp-json\/wp\/v2\/users\/17"}],"replies":[{"embeddable":true,"href":"https:\/\/agora.xtec.cat\/ceiplacreutorrefarrera\/wp-json\/wp\/v2\/comments?post=4907"}],"version-history":[{"count":2,"href":"https:\/\/agora.xtec.cat\/ceiplacreutorrefarrera\/wp-json\/wp\/v2\/posts\/4907\/revisions"}],"predecessor-version":[{"id":4910,"href":"https:\/\/agora.xtec.cat\/ceiplacreutorrefarrera\/wp-json\/wp\/v2\/posts\/4907\/revisions\/4910"}],"wp:featuredmedia":[{"embeddable":true,"href":"https:\/\/agora.xtec.cat\/ceiplacreutorrefarrera\/wp-json\/wp\/v2\/media\/4909"}],"wp:attachment":[{"href":"https:\/\/agora.xtec.cat\/ceiplacreutorrefarrera\/wp-json\/wp\/v2\/media?parent=4907"}],"wp:term":[{"taxonomy":"category","embeddable":true,"href":"https:\/\/agora.xtec.cat\/ceiplacreutorrefarrera\/wp-json\/wp\/v2\/categories?post=4907"},{"taxonomy":"post_tag","embeddable":true,"href":"https:\/\/agora.xtec.cat\/ceiplacreutorrefarrera\/wp-json\/wp\/v2\/tags?post=4907"}],"curies":[{"name":"wp","href":"https:\/\/api.w.org\/{rel}","templated":true}]}}