{"id":4874,"date":"2023-03-31T15:57:37","date_gmt":"2023-03-31T13:57:37","guid":{"rendered":"https:\/\/agora.xtec.cat\/ceiplacreutorrefarrera\/?p=4874"},"modified":"2023-03-31T15:58:00","modified_gmt":"2023-03-31T13:58:00","slug":"caminada-de-fi-de-trimestre-amb-els-alumnes-de-primer-deso","status":"publish","type":"post","link":"https:\/\/agora.xtec.cat\/ceiplacreutorrefarrera\/general\/caminada-de-fi-de-trimestre-amb-els-alumnes-de-primer-deso\/","title":{"rendered":"CAMINADA DE FI DE TRIMESTRE AMB ELS ALUMNES DE PRIMER D&#8217;ESO"},"content":{"rendered":"<p>&nbsp;<\/p>\n<p><a href=\"https:\/\/drive.google.com\/drive\/folders\/1jIdX3x0wz4nTcIqKHvmXjX43jRtJsrZH?usp=share_link\" target=\"_blank\" rel=\"noopener\"><img loading=\"lazy\" decoding=\"async\" class=\"wp-image-4875 alignleft\" src=\"https:\/\/agora.xtec.cat\/ceiplacreutorrefarrera\/wp-content\/uploads\/usu389\/2023\/03\/inici-1024x768.jpg\" alt=\"\" width=\"276\" height=\"207\" srcset=\"https:\/\/agora.xtec.cat\/ceiplacreutorrefarrera\/wp-content\/uploads\/usu389\/2023\/03\/inici-1024x768.jpg 1024w, https:\/\/agora.xtec.cat\/ceiplacreutorrefarrera\/wp-content\/uploads\/usu389\/2023\/03\/inici-300x225.jpg 300w, https:\/\/agora.xtec.cat\/ceiplacreutorrefarrera\/wp-content\/uploads\/usu389\/2023\/03\/inici-768x576.jpg 768w, https:\/\/agora.xtec.cat\/ceiplacreutorrefarrera\/wp-content\/uploads\/usu389\/2023\/03\/inici-1536x1152.jpg 1536w, https:\/\/agora.xtec.cat\/ceiplacreutorrefarrera\/wp-content\/uploads\/usu389\/2023\/03\/inici-200x150.jpg 200w, https:\/\/agora.xtec.cat\/ceiplacreutorrefarrera\/wp-content\/uploads\/usu389\/2023\/03\/inici.jpg 1600w\" sizes=\"auto, (max-width: 276px) 100vw, 276px\" \/><\/a>Avui divendres 31 de mar\u00e7, i com a comiat del segon trimestre, els i les alumnes de sis\u00e8 hem fet una caminada conjunta amb els alumnes de primer d&#8217;ESO de l\u2019institut de Torrefarrera i els alumnes de sis\u00e8 de l\u2019escola de Rossell\u00f3. Hem pogut gaudir d&#8217;un bon dia, i la caminada ha estat d\u2019uns 12 Km. Primer a l\u2019alzinar, on ens han explicat el projecte de l\u2019institut de recuperaci\u00f3 d\u2019aquest entorn, i despr\u00e9s cap a Rossell\u00f3, seguint la s\u00e8quia i cap al Tossal. Hi havia diversos punts d\u2019avituallament amb aigua, suc i pomes. Hem passat un bon mat\u00ed!<\/p>\n<p>Clicant a l\u2019enlla\u00e7 que hi ha a la imatge podreu veure les fotos.<\/p>\n<p>&nbsp;<\/p>\n","protected":false},"excerpt":{"rendered":"<p>&nbsp; Avui divendres 31 de mar\u00e7, i com a comiat del segon trimestre, els i les alumnes de sis\u00e8 hem fet una caminada conjunta amb els alumnes de primer d&#8217;ESO de l\u2019institut de Torrefarrera i els alumnes de sis\u00e8 de l\u2019escola de Rossell\u00f3. Hem pogut gaudir d&#8217;un bon dia, i la caminada ha estat d\u2019uns [&hellip;]<\/p>\n","protected":false},"author":10,"featured_media":4876,"comment_status":"open","ping_status":"closed","sticky":false,"template":"","format":"standard","meta":{"_bbp_topic_count":0,"_bbp_reply_count":0,"_bbp_total_topic_count":0,"_bbp_total_reply_count":0,"_bbp_voice_count":0,"_bbp_anonymous_reply_count":0,"_bbp_topic_count_hidden":0,"_bbp_reply_count_hidden":0,"_bbp_forum_subforum_count":0,"site-sidebar-layout":"default","site-content-layout":"","ast-site-content-layout":"","site-content-style":"default","site-sidebar-style":"default","ast-global-header-display":"","ast-banner-title-visibility":"","ast-main-header-display":"","ast-hfb-above-header-display":"","ast-hfb-below-header-display":"","ast-hfb-mobile-header-display":"","site-post-title":"","ast-breadcrumbs-content":"","ast-featured-img":"","footer-sml-layout":"","theme-transparent-header-meta":"","adv-header-id-meta":"","stick-header-meta":"","header-above-stick-meta":"","header-main-stick-meta":"","header-below-stick-meta":"","astra-migrate-meta-layouts":"default","ast-page-background-enabled":"default","ast-page-background-meta":{"desktop":{"background-color":"var(--ast-global-color-4)","background-image":"","background-repeat":"repeat","background-position":"center center","background-size":"auto","background-attachment":"scroll","background-type":"","background-media":"","overlay-type":"","overlay-color":"","overlay-opacity":"","overlay-gradient":""},"tablet":{"background-color":"","background-image":"","background-repeat":"repeat","background-position":"center center","background-size":"auto","background-attachment":"scroll","background-type":"","background-media":"","overlay-type":"","overlay-color":"","overlay-opacity":"","overlay-gradient":""},"mobile":{"background-color":"","background-image":"","background-repeat":"repeat","background-position":"center center","background-size":"auto","background-attachment":"scroll","background-type":"","background-media":"","overlay-type":"","overlay-color":"","overlay-opacity":"","overlay-gradient":""}},"ast-content-background-meta":{"desktop":{"background-color":"var(--ast-global-color-5)","background-image":"","background-repeat":"repeat","background-position":"center center","background-size":"auto","background-attachment":"scroll","background-type":"","background-media":"","overlay-type":"","overlay-color":"","overlay-opacity":"","overlay-gradient":""},"tablet":{"background-color":"var(--ast-global-color-5)","background-image":"","background-repeat":"repeat","background-position":"center center","background-size":"auto","background-attachment":"scroll","background-type":"","background-media":"","overlay-type":"","overlay-color":"","overlay-opacity":"","overlay-gradient":""},"mobile":{"background-color":"var(--ast-global-color-5)","background-image":"","background-repeat":"repeat","background-position":"center center","background-size":"auto","background-attachment":"scroll","background-type":"","background-media":"","overlay-type":"","overlay-color":"","overlay-opacity":"","overlay-gradient":""}},"footnotes":""},"categories":[15,40,1,4,5],"tags":[51,177,196],"class_list":["post-4874","post","type-post","status-publish","format-standard","has-post-thumbnail","hentry","category-6e","category-activitats-de-centre","category-general","category-portada","category-primaria","tag-6e","tag-activitats","tag-sortida"],"post_mailing_queue_ids":[],"_links":{"self":[{"href":"https:\/\/agora.xtec.cat\/ceiplacreutorrefarrera\/wp-json\/wp\/v2\/posts\/4874","targetHints":{"allow":["GET"]}}],"collection":[{"href":"https:\/\/agora.xtec.cat\/ceiplacreutorrefarrera\/wp-json\/wp\/v2\/posts"}],"about":[{"href":"https:\/\/agora.xtec.cat\/ceiplacreutorrefarrera\/wp-json\/wp\/v2\/types\/post"}],"author":[{"embeddable":true,"href":"https:\/\/agora.xtec.cat\/ceiplacreutorrefarrera\/wp-json\/wp\/v2\/users\/10"}],"replies":[{"embeddable":true,"href":"https:\/\/agora.xtec.cat\/ceiplacreutorrefarrera\/wp-json\/wp\/v2\/comments?post=4874"}],"version-history":[{"count":2,"href":"https:\/\/agora.xtec.cat\/ceiplacreutorrefarrera\/wp-json\/wp\/v2\/posts\/4874\/revisions"}],"predecessor-version":[{"id":4880,"href":"https:\/\/agora.xtec.cat\/ceiplacreutorrefarrera\/wp-json\/wp\/v2\/posts\/4874\/revisions\/4880"}],"wp:featuredmedia":[{"embeddable":true,"href":"https:\/\/agora.xtec.cat\/ceiplacreutorrefarrera\/wp-json\/wp\/v2\/media\/4876"}],"wp:attachment":[{"href":"https:\/\/agora.xtec.cat\/ceiplacreutorrefarrera\/wp-json\/wp\/v2\/media?parent=4874"}],"wp:term":[{"taxonomy":"category","embeddable":true,"href":"https:\/\/agora.xtec.cat\/ceiplacreutorrefarrera\/wp-json\/wp\/v2\/categories?post=4874"},{"taxonomy":"post_tag","embeddable":true,"href":"https:\/\/agora.xtec.cat\/ceiplacreutorrefarrera\/wp-json\/wp\/v2\/tags?post=4874"}],"curies":[{"name":"wp","href":"https:\/\/api.w.org\/{rel}","templated":true}]}}