{"id":4805,"date":"2023-03-21T15:24:08","date_gmt":"2023-03-21T14:24:08","guid":{"rendered":"https:\/\/agora.xtec.cat\/ceiplacreutorrefarrera\/?p=4805"},"modified":"2023-03-21T15:24:13","modified_gmt":"2023-03-21T14:24:13","slug":"sise-anem-a-la-biblioteca-publica-de-torrefarrera","status":"publish","type":"post","link":"https:\/\/agora.xtec.cat\/ceiplacreutorrefarrera\/general\/sise-anem-a-la-biblioteca-publica-de-torrefarrera\/","title":{"rendered":"SIS\u00c8 ANEM A LA BIBLIOTECA P\u00daBLICA DE TORREFARRERA"},"content":{"rendered":"<p><a href=\"https:\/\/drive.google.com\/drive\/folders\/1-KzzFvA2NdqJzpmglq2JRPDxoGqnHBPb?usp=share_link\" target=\"_blank\" rel=\"noopener\"><img loading=\"lazy\" decoding=\"async\" class=\"wp-image-4821 alignleft\" src=\"https:\/\/agora.xtec.cat\/ceiplacreutorrefarrera\/wp-content\/uploads\/usu389\/2023\/03\/IMG-20230321-WA0002-1024x768.jpg\" alt=\"\" width=\"272\" height=\"204\" srcset=\"https:\/\/agora.xtec.cat\/ceiplacreutorrefarrera\/wp-content\/uploads\/usu389\/2023\/03\/IMG-20230321-WA0002-1024x768.jpg 1024w, https:\/\/agora.xtec.cat\/ceiplacreutorrefarrera\/wp-content\/uploads\/usu389\/2023\/03\/IMG-20230321-WA0002-300x225.jpg 300w, https:\/\/agora.xtec.cat\/ceiplacreutorrefarrera\/wp-content\/uploads\/usu389\/2023\/03\/IMG-20230321-WA0002-768x576.jpg 768w, https:\/\/agora.xtec.cat\/ceiplacreutorrefarrera\/wp-content\/uploads\/usu389\/2023\/03\/IMG-20230321-WA0002-1536x1152.jpg 1536w, https:\/\/agora.xtec.cat\/ceiplacreutorrefarrera\/wp-content\/uploads\/usu389\/2023\/03\/IMG-20230321-WA0002-200x150.jpg 200w, https:\/\/agora.xtec.cat\/ceiplacreutorrefarrera\/wp-content\/uploads\/usu389\/2023\/03\/IMG-20230321-WA0002.jpg 2048w\" sizes=\"auto, (max-width: 272px) 100vw, 272px\" \/><\/a>Avui dimarts 21 de mar\u00e7, i coincidint amb el dia mundial de la poesia, l\u2019alumnat de sis\u00e8 hem pogut anar i gaudir de la Biblioteca P\u00fablica de Torrefarrera. Ens han rebut la S\u00edlvia, la Roc\u00edo i la M\u00edriam per explicar-nos una mica com funciona la Biblioteca. Tamb\u00e9 ens han explicar com distingir les diferents seccions i teixells dels llibres, i els espais de la biblioteca. Finalment, hem fet un joc per veure si ho hav\u00edem ent\u00e8s. Esperem tornar-hi aviat amb la fam\u00edlia o tot sols i soles i fer-ne \u00fas molt sovint.<\/p>\n<p>Si voleu veure m\u00e9s fotos de la visita cliqueu sobre la imatge.<\/p>\n","protected":false},"excerpt":{"rendered":"<p>Avui dimarts 21 de mar\u00e7, i coincidint amb el dia mundial de la poesia, l\u2019alumnat de sis\u00e8 hem pogut anar i gaudir de la Biblioteca P\u00fablica de Torrefarrera. Ens han rebut la S\u00edlvia, la Roc\u00edo i la M\u00edriam per explicar-nos una mica com funciona la Biblioteca. Tamb\u00e9 ens han explicar com distingir les diferents seccions [&hellip;]<\/p>\n","protected":false},"author":10,"featured_media":4820,"comment_status":"open","ping_status":"closed","sticky":false,"template":"","format":"standard","meta":{"_bbp_topic_count":0,"_bbp_reply_count":0,"_bbp_total_topic_count":0,"_bbp_total_reply_count":0,"_bbp_voice_count":0,"_bbp_anonymous_reply_count":0,"_bbp_topic_count_hidden":0,"_bbp_reply_count_hidden":0,"_bbp_forum_subforum_count":0,"site-sidebar-layout":"default","site-content-layout":"","ast-site-content-layout":"","site-content-style":"default","site-sidebar-style":"default","ast-global-header-display":"","ast-banner-title-visibility":"","ast-main-header-display":"","ast-hfb-above-header-display":"","ast-hfb-below-header-display":"","ast-hfb-mobile-header-display":"","site-post-title":"","ast-breadcrumbs-content":"","ast-featured-img":"","footer-sml-layout":"","theme-transparent-header-meta":"","adv-header-id-meta":"","stick-header-meta":"","header-above-stick-meta":"","header-main-stick-meta":"","header-below-stick-meta":"","astra-migrate-meta-layouts":"default","ast-page-background-enabled":"default","ast-page-background-meta":{"desktop":{"background-color":"var(--ast-global-color-4)","background-image":"","background-repeat":"repeat","background-position":"center center","background-size":"auto","background-attachment":"scroll","background-type":"","background-media":"","overlay-type":"","overlay-color":"","overlay-opacity":"","overlay-gradient":""},"tablet":{"background-color":"","background-image":"","background-repeat":"repeat","background-position":"center center","background-size":"auto","background-attachment":"scroll","background-type":"","background-media":"","overlay-type":"","overlay-color":"","overlay-opacity":"","overlay-gradient":""},"mobile":{"background-color":"","background-image":"","background-repeat":"repeat","background-position":"center center","background-size":"auto","background-attachment":"scroll","background-type":"","background-media":"","overlay-type":"","overlay-color":"","overlay-opacity":"","overlay-gradient":""}},"ast-content-background-meta":{"desktop":{"background-color":"var(--ast-global-color-5)","background-image":"","background-repeat":"repeat","background-position":"center center","background-size":"auto","background-attachment":"scroll","background-type":"","background-media":"","overlay-type":"","overlay-color":"","overlay-opacity":"","overlay-gradient":""},"tablet":{"background-color":"var(--ast-global-color-5)","background-image":"","background-repeat":"repeat","background-position":"center center","background-size":"auto","background-attachment":"scroll","background-type":"","background-media":"","overlay-type":"","overlay-color":"","overlay-opacity":"","overlay-gradient":""},"mobile":{"background-color":"var(--ast-global-color-5)","background-image":"","background-repeat":"repeat","background-position":"center center","background-size":"auto","background-attachment":"scroll","background-type":"","background-media":"","overlay-type":"","overlay-color":"","overlay-opacity":"","overlay-gradient":""}},"footnotes":""},"categories":[15,40,1,4,5],"tags":[51,177,164,196],"class_list":["post-4805","post","type-post","status-publish","format-standard","has-post-thumbnail","hentry","category-6e","category-activitats-de-centre","category-general","category-portada","category-primaria","tag-6e","tag-activitats","tag-biblioteca","tag-sortida"],"post_mailing_queue_ids":[],"_links":{"self":[{"href":"https:\/\/agora.xtec.cat\/ceiplacreutorrefarrera\/wp-json\/wp\/v2\/posts\/4805","targetHints":{"allow":["GET"]}}],"collection":[{"href":"https:\/\/agora.xtec.cat\/ceiplacreutorrefarrera\/wp-json\/wp\/v2\/posts"}],"about":[{"href":"https:\/\/agora.xtec.cat\/ceiplacreutorrefarrera\/wp-json\/wp\/v2\/types\/post"}],"author":[{"embeddable":true,"href":"https:\/\/agora.xtec.cat\/ceiplacreutorrefarrera\/wp-json\/wp\/v2\/users\/10"}],"replies":[{"embeddable":true,"href":"https:\/\/agora.xtec.cat\/ceiplacreutorrefarrera\/wp-json\/wp\/v2\/comments?post=4805"}],"version-history":[{"count":3,"href":"https:\/\/agora.xtec.cat\/ceiplacreutorrefarrera\/wp-json\/wp\/v2\/posts\/4805\/revisions"}],"predecessor-version":[{"id":4823,"href":"https:\/\/agora.xtec.cat\/ceiplacreutorrefarrera\/wp-json\/wp\/v2\/posts\/4805\/revisions\/4823"}],"wp:featuredmedia":[{"embeddable":true,"href":"https:\/\/agora.xtec.cat\/ceiplacreutorrefarrera\/wp-json\/wp\/v2\/media\/4820"}],"wp:attachment":[{"href":"https:\/\/agora.xtec.cat\/ceiplacreutorrefarrera\/wp-json\/wp\/v2\/media?parent=4805"}],"wp:term":[{"taxonomy":"category","embeddable":true,"href":"https:\/\/agora.xtec.cat\/ceiplacreutorrefarrera\/wp-json\/wp\/v2\/categories?post=4805"},{"taxonomy":"post_tag","embeddable":true,"href":"https:\/\/agora.xtec.cat\/ceiplacreutorrefarrera\/wp-json\/wp\/v2\/tags?post=4805"}],"curies":[{"name":"wp","href":"https:\/\/api.w.org\/{rel}","templated":true}]}}