{"id":4712,"date":"2023-01-30T12:25:48","date_gmt":"2023-01-30T11:25:48","guid":{"rendered":"https:\/\/agora.xtec.cat\/ceiplacreutorrefarrera\/?p=4712"},"modified":"2023-01-30T12:28:10","modified_gmt":"2023-01-30T11:28:10","slug":"acte-de-celebracio-denip-2023","status":"publish","type":"post","link":"https:\/\/agora.xtec.cat\/ceiplacreutorrefarrera\/portada\/acte-de-celebracio-denip-2023\/","title":{"rendered":"Acte de celebraci\u00f3 DENIP 2023"},"content":{"rendered":"<p><strong>DIA ESCOLAR DE LA NO-VIOL\u00c8NCIA I LA PAU<\/strong><\/p>\n<p>Avui, 30 de gener de 2023 tots i totes nens i nenes de l&#8217;escola hem sortit al pati en l&#8217;acte de celebraci\u00f3 del dia de la no-viol\u00e8ncia i la pau.<\/p>\n<p>Tots, alumnat i professorat, hem dibuixat un simbol de la pau gegant. Els nens i nens de cicle mitj\u00e0 han recitat el poema &#8220;Els canons, de neu&#8221;, d&#8217;Isabel Barriel. Us en deixem la lletra m\u00e9s avall.<\/p>\n<p>Tot seguit, petits i grans hem cantat la can\u00e7\u00f3 que portem assajant des d&#8217;uns dies enrere a la classe de m\u00fasica: &#8220;Can\u00e7\u00f3 per la Pau&#8221;. Us en deixem l&#8217;enlla\u00e7:<\/p>\n<p><a href=\"https:\/\/youtube.com\/watch?v=OGKmOf3N5-o&amp;feature=share\" target=\"_blank\" rel=\"noopener\">Can\u00e7\u00f3 per la Pau, youtube.<\/a><\/p>\n<p><strong>Poema: &#8220;Els canons, de neu&#8221;<\/strong><\/p>\n<p>Els canons, de neu.<\/p>\n<p>Les pistoles, d&#8217;aigua.<\/p>\n<p>Els soldadets, de plom.<\/p>\n<p>Que totes les batalles<\/p>\n<p>que les guerres i les pors<\/p>\n<p>siguin a partir d&#8217;ara<\/p>\n<p>caducats malsons.<\/p>\n<p>Les pistoles, d&#8217;aigua.<\/p>\n<p>Els soldadets, de plom.<\/p>\n<p>&nbsp;<\/p>\n<p><a href=\"https:\/\/drive.google.com\/drive\/folders\/1Bgc7pPr0DHs6F6IvlwoR_nUmbWs7K_a2?usp=share_link\">Clica aqu\u00ed si vols veure les fotos de l&#8217;acte.<\/a><\/p>\n","protected":false},"excerpt":{"rendered":"<p>DIA ESCOLAR DE LA NO-VIOL\u00c8NCIA I LA PAU Avui, 30 de gener de 2023 tots i totes nens i nenes de l&#8217;escola hem sortit al pati en l&#8217;acte de celebraci\u00f3 del dia de la no-viol\u00e8ncia i la pau. Tots, alumnat i professorat, hem dibuixat un simbol de la pau gegant. Els nens i nens de [&hellip;]<\/p>\n","protected":false},"author":1,"featured_media":4713,"comment_status":"open","ping_status":"closed","sticky":false,"template":"","format":"standard","meta":{"_bbp_topic_count":0,"_bbp_reply_count":0,"_bbp_total_topic_count":0,"_bbp_total_reply_count":0,"_bbp_voice_count":0,"_bbp_anonymous_reply_count":0,"_bbp_topic_count_hidden":0,"_bbp_reply_count_hidden":0,"_bbp_forum_subforum_count":0,"site-sidebar-layout":"default","site-content-layout":"","ast-site-content-layout":"","site-content-style":"default","site-sidebar-style":"default","ast-global-header-display":"","ast-banner-title-visibility":"","ast-main-header-display":"","ast-hfb-above-header-display":"","ast-hfb-below-header-display":"","ast-hfb-mobile-header-display":"","site-post-title":"","ast-breadcrumbs-content":"","ast-featured-img":"","footer-sml-layout":"","theme-transparent-header-meta":"","adv-header-id-meta":"","stick-header-meta":"","header-above-stick-meta":"","header-main-stick-meta":"","header-below-stick-meta":"","astra-migrate-meta-layouts":"default","ast-page-background-enabled":"default","ast-page-background-meta":{"desktop":{"background-color":"var(--ast-global-color-4)","background-image":"","background-repeat":"repeat","background-position":"center center","background-size":"auto","background-attachment":"scroll","background-type":"","background-media":"","overlay-type":"","overlay-color":"","overlay-opacity":"","overlay-gradient":""},"tablet":{"background-color":"","background-image":"","background-repeat":"repeat","background-position":"center center","background-size":"auto","background-attachment":"scroll","background-type":"","background-media":"","overlay-type":"","overlay-color":"","overlay-opacity":"","overlay-gradient":""},"mobile":{"background-color":"","background-image":"","background-repeat":"repeat","background-position":"center center","background-size":"auto","background-attachment":"scroll","background-type":"","background-media":"","overlay-type":"","overlay-color":"","overlay-opacity":"","overlay-gradient":""}},"ast-content-background-meta":{"desktop":{"background-color":"var(--ast-global-color-5)","background-image":"","background-repeat":"repeat","background-position":"center center","background-size":"auto","background-attachment":"scroll","background-type":"","background-media":"","overlay-type":"","overlay-color":"","overlay-opacity":"","overlay-gradient":""},"tablet":{"background-color":"var(--ast-global-color-5)","background-image":"","background-repeat":"repeat","background-position":"center center","background-size":"auto","background-attachment":"scroll","background-type":"","background-media":"","overlay-type":"","overlay-color":"","overlay-opacity":"","overlay-gradient":""},"mobile":{"background-color":"var(--ast-global-color-5)","background-image":"","background-repeat":"repeat","background-position":"center center","background-size":"auto","background-attachment":"scroll","background-type":"","background-media":"","overlay-type":"","overlay-color":"","overlay-opacity":"","overlay-gradient":""}},"footnotes":""},"categories":[4],"tags":[],"class_list":["post-4712","post","type-post","status-publish","format-standard","has-post-thumbnail","hentry","category-portada"],"post_mailing_queue_ids":[],"_links":{"self":[{"href":"https:\/\/agora.xtec.cat\/ceiplacreutorrefarrera\/wp-json\/wp\/v2\/posts\/4712","targetHints":{"allow":["GET"]}}],"collection":[{"href":"https:\/\/agora.xtec.cat\/ceiplacreutorrefarrera\/wp-json\/wp\/v2\/posts"}],"about":[{"href":"https:\/\/agora.xtec.cat\/ceiplacreutorrefarrera\/wp-json\/wp\/v2\/types\/post"}],"author":[{"embeddable":true,"href":"https:\/\/agora.xtec.cat\/ceiplacreutorrefarrera\/wp-json\/wp\/v2\/users\/1"}],"replies":[{"embeddable":true,"href":"https:\/\/agora.xtec.cat\/ceiplacreutorrefarrera\/wp-json\/wp\/v2\/comments?post=4712"}],"version-history":[{"count":2,"href":"https:\/\/agora.xtec.cat\/ceiplacreutorrefarrera\/wp-json\/wp\/v2\/posts\/4712\/revisions"}],"predecessor-version":[{"id":4715,"href":"https:\/\/agora.xtec.cat\/ceiplacreutorrefarrera\/wp-json\/wp\/v2\/posts\/4712\/revisions\/4715"}],"wp:featuredmedia":[{"embeddable":true,"href":"https:\/\/agora.xtec.cat\/ceiplacreutorrefarrera\/wp-json\/wp\/v2\/media\/4713"}],"wp:attachment":[{"href":"https:\/\/agora.xtec.cat\/ceiplacreutorrefarrera\/wp-json\/wp\/v2\/media?parent=4712"}],"wp:term":[{"taxonomy":"category","embeddable":true,"href":"https:\/\/agora.xtec.cat\/ceiplacreutorrefarrera\/wp-json\/wp\/v2\/categories?post=4712"},{"taxonomy":"post_tag","embeddable":true,"href":"https:\/\/agora.xtec.cat\/ceiplacreutorrefarrera\/wp-json\/wp\/v2\/tags?post=4712"}],"curies":[{"name":"wp","href":"https:\/\/api.w.org\/{rel}","templated":true}]}}