{"id":4519,"date":"2022-10-24T19:14:44","date_gmt":"2022-10-24T17:14:44","guid":{"rendered":"https:\/\/agora.xtec.cat\/ceiplacreutorrefarrera\/?p=4519"},"modified":"2022-10-24T19:16:17","modified_gmt":"2022-10-24T17:16:17","slug":"sise-de-colonies-al-delta-de-lebre-dilluns-24-doctubre","status":"publish","type":"post","link":"https:\/\/agora.xtec.cat\/ceiplacreutorrefarrera\/general\/sise-de-colonies-al-delta-de-lebre-dilluns-24-doctubre\/","title":{"rendered":"SIS\u00c8 DE COL\u00d2NIES AL DELTA DE L\u2019EBRE. DILLUNS 24 D\u2019OCTUBRE"},"content":{"rendered":"<p><a href=\"https:\/\/drive.google.com\/drive\/folders\/1WP7KTWeoWe3OGHv8keTpNRa_3QJF_smv?usp=sharing\" target=\"_blank\" rel=\"noopener\"><img loading=\"lazy\" decoding=\"async\" class=\"size-full wp-image-3764 alignleft\" src=\"https:\/\/agora.xtec.cat\/ceiplacreutorrefarrera\/wp-content\/uploads\/usu389\/2021\/10\/arros.jpg\" alt=\"\" width=\"300\" height=\"168\" \/><\/a>Hola fam\u00edlies! Com ja sabeu, els alumnes de sis\u00e8, dins del projecte interdisciplinari, hem organitzat les col\u00f2nies al Delta de l\u2019Ebre. A banda de posar-nos en contacte amb la casa de col\u00f2nies i l\u2019empresa d\u2019 autobusos per demanar informaci\u00f3, hem elaborat el pressupost i hem buscat l\u2019itinerari del viatge. I com heu vist, tamb\u00e9 hem dissenyat el programa de l\u2019 estada, amb els horaris, les activitats a realitzar\u2026<br \/>\nI ara ja hi som. Aquest mat\u00ed hem fet la sortida amb vaixell fins a la desembocadura del riu i l\u2019illa de Buda. A la tarda, despr\u00e9s de dinar i distribuir les habitacions a la casa de col\u00f2nies, hem fet la descoberta del funcionament del conreu de l\u2019arr\u00f2s, la xarxa de reg i ruta pel poble. I a la nit farem jocs amb els monitors de la casa. Un dia genial! Pens\u00e0vem que no ten\u00edem autocar, per\u00f2 al final tot ha anat molt b\u00e9.<br \/>\nSi voleu veure com ens ho hem passat de b\u00e9, cliqueu sobre la imatge dels arrossars inundats. Anirem pujant m\u00e9s fotos a mesura que puguem.<\/p>\n","protected":false},"excerpt":{"rendered":"<p>Hola fam\u00edlies! Com ja sabeu, els alumnes de sis\u00e8, dins del projecte interdisciplinari, hem organitzat les col\u00f2nies al Delta de l\u2019Ebre. A banda de posar-nos en contacte amb la casa de col\u00f2nies i l\u2019empresa d\u2019 autobusos per demanar informaci\u00f3, hem elaborat el pressupost i hem buscat l\u2019itinerari del viatge. I com heu vist, tamb\u00e9 hem [&hellip;]<\/p>\n","protected":false},"author":10,"featured_media":3779,"comment_status":"open","ping_status":"closed","sticky":false,"template":"","format":"standard","meta":{"_bbp_topic_count":0,"_bbp_reply_count":0,"_bbp_total_topic_count":0,"_bbp_total_reply_count":0,"_bbp_voice_count":0,"_bbp_anonymous_reply_count":0,"_bbp_topic_count_hidden":0,"_bbp_reply_count_hidden":0,"_bbp_forum_subforum_count":0,"site-sidebar-layout":"default","site-content-layout":"","ast-site-content-layout":"","site-content-style":"default","site-sidebar-style":"default","ast-global-header-display":"","ast-banner-title-visibility":"","ast-main-header-display":"","ast-hfb-above-header-display":"","ast-hfb-below-header-display":"","ast-hfb-mobile-header-display":"","site-post-title":"","ast-breadcrumbs-content":"","ast-featured-img":"","footer-sml-layout":"","theme-transparent-header-meta":"","adv-header-id-meta":"","stick-header-meta":"","header-above-stick-meta":"","header-main-stick-meta":"","header-below-stick-meta":"","astra-migrate-meta-layouts":"default","ast-page-background-enabled":"default","ast-page-background-meta":{"desktop":{"background-color":"var(--ast-global-color-4)","background-image":"","background-repeat":"repeat","background-position":"center center","background-size":"auto","background-attachment":"scroll","background-type":"","background-media":"","overlay-type":"","overlay-color":"","overlay-opacity":"","overlay-gradient":""},"tablet":{"background-color":"","background-image":"","background-repeat":"repeat","background-position":"center center","background-size":"auto","background-attachment":"scroll","background-type":"","background-media":"","overlay-type":"","overlay-color":"","overlay-opacity":"","overlay-gradient":""},"mobile":{"background-color":"","background-image":"","background-repeat":"repeat","background-position":"center center","background-size":"auto","background-attachment":"scroll","background-type":"","background-media":"","overlay-type":"","overlay-color":"","overlay-opacity":"","overlay-gradient":""}},"ast-content-background-meta":{"desktop":{"background-color":"var(--ast-global-color-5)","background-image":"","background-repeat":"repeat","background-position":"center center","background-size":"auto","background-attachment":"scroll","background-type":"","background-media":"","overlay-type":"","overlay-color":"","overlay-opacity":"","overlay-gradient":""},"tablet":{"background-color":"var(--ast-global-color-5)","background-image":"","background-repeat":"repeat","background-position":"center center","background-size":"auto","background-attachment":"scroll","background-type":"","background-media":"","overlay-type":"","overlay-color":"","overlay-opacity":"","overlay-gradient":""},"mobile":{"background-color":"var(--ast-global-color-5)","background-image":"","background-repeat":"repeat","background-position":"center center","background-size":"auto","background-attachment":"scroll","background-type":"","background-media":"","overlay-type":"","overlay-color":"","overlay-opacity":"","overlay-gradient":""}},"footnotes":""},"categories":[15,1,4,5,44],"tags":[51,48,16],"class_list":["post-4519","post","type-post","status-publish","format-standard","has-post-thumbnail","hentry","category-6e","category-general","category-portada","category-primaria","category-projectes","tag-6e","tag-colonies","tag-sortides"],"post_mailing_queue_ids":[],"_links":{"self":[{"href":"https:\/\/agora.xtec.cat\/ceiplacreutorrefarrera\/wp-json\/wp\/v2\/posts\/4519","targetHints":{"allow":["GET"]}}],"collection":[{"href":"https:\/\/agora.xtec.cat\/ceiplacreutorrefarrera\/wp-json\/wp\/v2\/posts"}],"about":[{"href":"https:\/\/agora.xtec.cat\/ceiplacreutorrefarrera\/wp-json\/wp\/v2\/types\/post"}],"author":[{"embeddable":true,"href":"https:\/\/agora.xtec.cat\/ceiplacreutorrefarrera\/wp-json\/wp\/v2\/users\/10"}],"replies":[{"embeddable":true,"href":"https:\/\/agora.xtec.cat\/ceiplacreutorrefarrera\/wp-json\/wp\/v2\/comments?post=4519"}],"version-history":[{"count":3,"href":"https:\/\/agora.xtec.cat\/ceiplacreutorrefarrera\/wp-json\/wp\/v2\/posts\/4519\/revisions"}],"predecessor-version":[{"id":4543,"href":"https:\/\/agora.xtec.cat\/ceiplacreutorrefarrera\/wp-json\/wp\/v2\/posts\/4519\/revisions\/4543"}],"wp:featuredmedia":[{"embeddable":true,"href":"https:\/\/agora.xtec.cat\/ceiplacreutorrefarrera\/wp-json\/wp\/v2\/media\/3779"}],"wp:attachment":[{"href":"https:\/\/agora.xtec.cat\/ceiplacreutorrefarrera\/wp-json\/wp\/v2\/media?parent=4519"}],"wp:term":[{"taxonomy":"category","embeddable":true,"href":"https:\/\/agora.xtec.cat\/ceiplacreutorrefarrera\/wp-json\/wp\/v2\/categories?post=4519"},{"taxonomy":"post_tag","embeddable":true,"href":"https:\/\/agora.xtec.cat\/ceiplacreutorrefarrera\/wp-json\/wp\/v2\/tags?post=4519"}],"curies":[{"name":"wp","href":"https:\/\/api.w.org\/{rel}","templated":true}]}}