{"id":4517,"date":"2022-10-19T16:38:08","date_gmt":"2022-10-19T14:38:08","guid":{"rendered":"https:\/\/agora.xtec.cat\/ceiplacreutorrefarrera\/?p=4517"},"modified":"2022-10-19T16:38:08","modified_gmt":"2022-10-19T14:38:08","slug":"segon-al-parc-de-les-olors-i-estany-divars","status":"publish","type":"post","link":"https:\/\/agora.xtec.cat\/ceiplacreutorrefarrera\/general\/segon-al-parc-de-les-olors-i-estany-divars\/","title":{"rendered":"SEGON AL PARC DE LES OLORS I ESTANY D&#8217;IVARS"},"content":{"rendered":"<p>Hola fam\u00edies!<\/p>\n<p>El divendres, 14 d&#8217;octubre, vam gaudir d&#8217;un dia ben maco al Parc de les olors de Linyola i a l&#8217;estany d&#8217;Ivars i Vila-Sana.<\/p>\n<p>Al Parc vam fer diferents activitats dirigides a con\u00e8ixer les plantes arom\u00e0tiques i medicinals, i a gaudir de la natura. Primer ens van explicar les caracter\u00edstiques i els usos del romer, la tarongina o trenca pets (aix\u00f2 ens va fer molta gr\u00e0cia!) i la menta. Despr\u00e9s vam esmorzar plegats i, a continuaci\u00f3, vam fer tres tallers: un circuit dels sentits, una bosseta d&#8217;olors i una bomba de llavors. Tots tres ens van agradar molt\u00edssim. I per acabar, ens van convidar a &#8220;mojitos&#8221;, aix\u00f2 s\u00ed, sense alcohol!.<\/p>\n<p>Al migdia vam anar a dinar a l&#8217;estany i despr\u00e9s d&#8217;una petita estona de joc lliure, vam donar un tomb per l&#8217;estany. Ens vam aturar en dos miradors des dels que vam poder observar algunes aus.<\/p>\n<p>Va ser un dia rod\u00f3! Bon temps, bona companyia i aprendre amb la natura.<\/p>\n<p>Cliqueu en el seg\u00fcent enlla\u00e7 per veure un recull de fotos de la sortida:<\/p>\n<p><a href=\"https:\/\/drive.google.com\/drive\/folders\/11wbK0Ycj8OHcNH8wCSlVCBQoSG_6SMii?usp=sharing\">PARC DE LES OLORS I ESTANY D&#8217;IVARS<\/a><\/p>\n<p>&nbsp;<\/p>\n","protected":false},"excerpt":{"rendered":"<p>Hola fam\u00edies! El divendres, 14 d&#8217;octubre, vam gaudir d&#8217;un dia ben maco al Parc de les olors de Linyola i a l&#8217;estany d&#8217;Ivars i Vila-Sana. Al Parc vam fer diferents activitats dirigides a con\u00e8ixer les plantes arom\u00e0tiques i medicinals, i a gaudir de la natura. Primer ens van explicar les caracter\u00edstiques i els usos del [&hellip;]<\/p>\n","protected":false},"author":17,"featured_media":4530,"comment_status":"open","ping_status":"closed","sticky":false,"template":"","format":"standard","meta":{"_bbp_topic_count":0,"_bbp_reply_count":0,"_bbp_total_topic_count":0,"_bbp_total_reply_count":0,"_bbp_voice_count":0,"_bbp_anonymous_reply_count":0,"_bbp_topic_count_hidden":0,"_bbp_reply_count_hidden":0,"_bbp_forum_subforum_count":0,"site-sidebar-layout":"default","site-content-layout":"","ast-site-content-layout":"","site-content-style":"default","site-sidebar-style":"default","ast-global-header-display":"","ast-banner-title-visibility":"","ast-main-header-display":"","ast-hfb-above-header-display":"","ast-hfb-below-header-display":"","ast-hfb-mobile-header-display":"","site-post-title":"","ast-breadcrumbs-content":"","ast-featured-img":"","footer-sml-layout":"","theme-transparent-header-meta":"","adv-header-id-meta":"","stick-header-meta":"","header-above-stick-meta":"","header-main-stick-meta":"","header-below-stick-meta":"","astra-migrate-meta-layouts":"default","ast-page-background-enabled":"default","ast-page-background-meta":{"desktop":{"background-color":"var(--ast-global-color-4)","background-image":"","background-repeat":"repeat","background-position":"center center","background-size":"auto","background-attachment":"scroll","background-type":"","background-media":"","overlay-type":"","overlay-color":"","overlay-opacity":"","overlay-gradient":""},"tablet":{"background-color":"","background-image":"","background-repeat":"repeat","background-position":"center center","background-size":"auto","background-attachment":"scroll","background-type":"","background-media":"","overlay-type":"","overlay-color":"","overlay-opacity":"","overlay-gradient":""},"mobile":{"background-color":"","background-image":"","background-repeat":"repeat","background-position":"center center","background-size":"auto","background-attachment":"scroll","background-type":"","background-media":"","overlay-type":"","overlay-color":"","overlay-opacity":"","overlay-gradient":""}},"ast-content-background-meta":{"desktop":{"background-color":"var(--ast-global-color-5)","background-image":"","background-repeat":"repeat","background-position":"center center","background-size":"auto","background-attachment":"scroll","background-type":"","background-media":"","overlay-type":"","overlay-color":"","overlay-opacity":"","overlay-gradient":""},"tablet":{"background-color":"var(--ast-global-color-5)","background-image":"","background-repeat":"repeat","background-position":"center center","background-size":"auto","background-attachment":"scroll","background-type":"","background-media":"","overlay-type":"","overlay-color":"","overlay-opacity":"","overlay-gradient":""},"mobile":{"background-color":"var(--ast-global-color-5)","background-image":"","background-repeat":"repeat","background-position":"center center","background-size":"auto","background-attachment":"scroll","background-type":"","background-media":"","overlay-type":"","overlay-color":"","overlay-opacity":"","overlay-gradient":""}},"footnotes":""},"categories":[11,1,4,5],"tags":[68,217,179,196],"class_list":["post-4517","post","type-post","status-publish","format-standard","has-post-thumbnail","hentry","category-2n","category-general","category-portada","category-primaria","tag-2n","tag-parc-de-les-olors","tag-segon","tag-sortida"],"post_mailing_queue_ids":[],"_links":{"self":[{"href":"https:\/\/agora.xtec.cat\/ceiplacreutorrefarrera\/wp-json\/wp\/v2\/posts\/4517","targetHints":{"allow":["GET"]}}],"collection":[{"href":"https:\/\/agora.xtec.cat\/ceiplacreutorrefarrera\/wp-json\/wp\/v2\/posts"}],"about":[{"href":"https:\/\/agora.xtec.cat\/ceiplacreutorrefarrera\/wp-json\/wp\/v2\/types\/post"}],"author":[{"embeddable":true,"href":"https:\/\/agora.xtec.cat\/ceiplacreutorrefarrera\/wp-json\/wp\/v2\/users\/17"}],"replies":[{"embeddable":true,"href":"https:\/\/agora.xtec.cat\/ceiplacreutorrefarrera\/wp-json\/wp\/v2\/comments?post=4517"}],"version-history":[{"count":1,"href":"https:\/\/agora.xtec.cat\/ceiplacreutorrefarrera\/wp-json\/wp\/v2\/posts\/4517\/revisions"}],"predecessor-version":[{"id":4518,"href":"https:\/\/agora.xtec.cat\/ceiplacreutorrefarrera\/wp-json\/wp\/v2\/posts\/4517\/revisions\/4518"}],"wp:featuredmedia":[{"embeddable":true,"href":"https:\/\/agora.xtec.cat\/ceiplacreutorrefarrera\/wp-json\/wp\/v2\/media\/4530"}],"wp:attachment":[{"href":"https:\/\/agora.xtec.cat\/ceiplacreutorrefarrera\/wp-json\/wp\/v2\/media?parent=4517"}],"wp:term":[{"taxonomy":"category","embeddable":true,"href":"https:\/\/agora.xtec.cat\/ceiplacreutorrefarrera\/wp-json\/wp\/v2\/categories?post=4517"},{"taxonomy":"post_tag","embeddable":true,"href":"https:\/\/agora.xtec.cat\/ceiplacreutorrefarrera\/wp-json\/wp\/v2\/tags?post=4517"}],"curies":[{"name":"wp","href":"https:\/\/api.w.org\/{rel}","templated":true}]}}