{"id":4493,"date":"2022-10-12T15:48:47","date_gmt":"2022-10-12T13:48:47","guid":{"rendered":"https:\/\/agora.xtec.cat\/ceiplacreutorrefarrera\/?p=4493"},"modified":"2022-10-12T15:52:48","modified_gmt":"2022-10-12T13:52:48","slug":"4t-sortida-a-lespai-origens-camarasa","status":"publish","type":"post","link":"https:\/\/agora.xtec.cat\/ceiplacreutorrefarrera\/general\/4t-sortida-a-lespai-origens-camarasa\/","title":{"rendered":"4t &#8211; SORTIDA A L&#8217;ESPAI OR\u00cdGENS (CAMARASA)"},"content":{"rendered":"<p>El divendres 7 d\u2019octubre els nens i nenes de quart vam anar d\u2019excursi\u00f3 a l\u2019Espai Or\u00edgens de Camarasa. Vam sortir puntuals de l\u2019escola i de seguida hi vam arribar. Vam esmorzar i repartits en tres grups vam iniciar els tallers fent rotaci\u00f3 per poder fer els tres grups totes les activitats.<\/p>\n<p>Vam fer cinc tallers: \u201cfem d\u2019arque\u00f2legs\u201d, \u201cla ca\u00e7a i els seus instruments\u201d, \u201cel foc i les eines per cuinar\u201d, \u201cel taller de joieria\u201d i \u201cels diferents tipus d\u2019eines per les activitats dels humans a l\u2019Edat de Pedra\u201d.<\/p>\n<p>Al jaciment fictici, vam aprendre a fer de veritables arque\u00f2legs. Amb un pinzell i una pala, hav\u00edem d\u2019anar traient la sorra amb molta cura per descobrir qu\u00e8 s\u2019hi amagava: restes de cer\u00e0mica, ossos, eines, joies, carb\u00f3, un fog\u00e0,&#8230;; hav\u00edem de deixar tot el que trob\u00e0vem al mateix lloc perqu\u00e8 a continuaci\u00f3 haur\u00edem de fer les anotacions de les troballes en un full de registre. Fent-ho aix\u00ed, es podia saber si aquell assentament era del Paleol\u00edtic o del Neol\u00edtic per les restes descobertes.<\/p>\n<p>Al taller de cacera, vam fer de ca\u00e7adors i ca\u00e7adores amb arcs, fletxes i llan\u00e7adores. Aquell dia hagu\u00e9ssim fet un bon sopar perqu\u00e8 van haver uns quants ca\u00e7adors i ca\u00e7adores amb molt bona punteria!!<\/p>\n<p>Al taller del foc i la cuina, vam treballar amb els molins de m\u00e0, un descobriment del Neol\u00edtic per moldre el gra i els fruits secs. Mentre el\/la monitora preparava el foc en un forn constru\u00eft en un forat al terra i cobert amb una pissarra, els altres mol\u00edem els fruits (avellanes i ametlles) als molins de m\u00e0. Feta la farina dels fruits, vam barrejar-la amb farina i llet i despr\u00e9s d\u2019amassar-ho b\u00e9, vam fer petites galetes que vam coure al forn. Ens les vam menjar i&#8230;no eren massa bones, la veritat. Els faltava dol\u00e7or!!<\/p>\n<p>Al taller de joieria ens vam fer un penjoll amb una petxina rascant sobre una pedra fins aconseguir fer un forat per on passar un cordill. Costava molt, i de vegades se\u2019ns trencaven! S\u2019havia de tenir molta paci\u00e8ncia!!<\/p>\n<p>Al darrer taller ens van donar una capsa amb diferents eines que utilitzaven els humans per les diferents activitats en el seu dia a dia a la Prehist\u00f2ria: punx\u00f3, agulla, arp\u00f3, ham, raspador, denticulat, punta de fletxa, percussor,&#8230; El taller consistia a saber identificar la seva funci\u00f3: cosir, pescar, raspar la pell, fer forats,&#8230; va ser molt interessant!<\/p>\n<p>Acabats tots els tallers, vam tornar cap a Torrefarrera carregats de moltes coses apreses i havent-nos-ho passat molt b\u00e9.<\/p>\n<p>Tot seguit us deixem amb el reportatge fotogr\u00e0fic de la sortida, fent clic clic al logo &#8220;Espai Or\u00edgens&#8221;.<\/p>\n<p><a href=\"https:\/\/drive.google.com\/drive\/folders\/1unLo2hcIC4HrtA7xFhso41aLQuQmfCxV?usp=sharing\" target=\"_blank\" rel=\"noopener\"><img loading=\"lazy\" decoding=\"async\" class=\"alignnone wp-image-4498 size-medium\" src=\"https:\/\/agora.xtec.cat\/ceiplacreutorrefarrera\/wp-content\/uploads\/usu389\/2022\/10\/logo-eo-lletres-1-300x119.png\" alt=\"\" width=\"300\" height=\"119\" srcset=\"https:\/\/agora.xtec.cat\/ceiplacreutorrefarrera\/wp-content\/uploads\/usu389\/2022\/10\/logo-eo-lletres-1-300x119.png 300w, https:\/\/agora.xtec.cat\/ceiplacreutorrefarrera\/wp-content\/uploads\/usu389\/2022\/10\/logo-eo-lletres-1-1024x406.png 1024w, https:\/\/agora.xtec.cat\/ceiplacreutorrefarrera\/wp-content\/uploads\/usu389\/2022\/10\/logo-eo-lletres-1-768x305.png 768w, https:\/\/agora.xtec.cat\/ceiplacreutorrefarrera\/wp-content\/uploads\/usu389\/2022\/10\/logo-eo-lletres-1.png 1320w\" sizes=\"auto, (max-width: 300px) 100vw, 300px\" \/><\/a><\/p>\n<p>&nbsp;<\/p>\n","protected":false},"excerpt":{"rendered":"<p>El divendres 7 d\u2019octubre els nens i nenes de quart vam anar d\u2019excursi\u00f3 a l\u2019Espai Or\u00edgens de Camarasa. Vam sortir puntuals de l\u2019escola i de seguida hi vam arribar. Vam esmorzar i repartits en tres grups vam iniciar els tallers fent rotaci\u00f3 per poder fer els tres grups totes les activitats. Vam fer cinc tallers: [&hellip;]<\/p>\n","protected":false},"author":9,"featured_media":4496,"comment_status":"open","ping_status":"closed","sticky":false,"template":"","format":"standard","meta":{"_bbp_topic_count":0,"_bbp_reply_count":0,"_bbp_total_topic_count":0,"_bbp_total_reply_count":0,"_bbp_voice_count":0,"_bbp_anonymous_reply_count":0,"_bbp_topic_count_hidden":0,"_bbp_reply_count_hidden":0,"_bbp_forum_subforum_count":0,"site-sidebar-layout":"default","site-content-layout":"","ast-site-content-layout":"","site-content-style":"default","site-sidebar-style":"default","ast-global-header-display":"","ast-banner-title-visibility":"","ast-main-header-display":"","ast-hfb-above-header-display":"","ast-hfb-below-header-display":"","ast-hfb-mobile-header-display":"","site-post-title":"","ast-breadcrumbs-content":"","ast-featured-img":"","footer-sml-layout":"","theme-transparent-header-meta":"","adv-header-id-meta":"","stick-header-meta":"","header-above-stick-meta":"","header-main-stick-meta":"","header-below-stick-meta":"","astra-migrate-meta-layouts":"default","ast-page-background-enabled":"default","ast-page-background-meta":{"desktop":{"background-color":"var(--ast-global-color-4)","background-image":"","background-repeat":"repeat","background-position":"center center","background-size":"auto","background-attachment":"scroll","background-type":"","background-media":"","overlay-type":"","overlay-color":"","overlay-opacity":"","overlay-gradient":""},"tablet":{"background-color":"","background-image":"","background-repeat":"repeat","background-position":"center center","background-size":"auto","background-attachment":"scroll","background-type":"","background-media":"","overlay-type":"","overlay-color":"","overlay-opacity":"","overlay-gradient":""},"mobile":{"background-color":"","background-image":"","background-repeat":"repeat","background-position":"center center","background-size":"auto","background-attachment":"scroll","background-type":"","background-media":"","overlay-type":"","overlay-color":"","overlay-opacity":"","overlay-gradient":""}},"ast-content-background-meta":{"desktop":{"background-color":"var(--ast-global-color-5)","background-image":"","background-repeat":"repeat","background-position":"center center","background-size":"auto","background-attachment":"scroll","background-type":"","background-media":"","overlay-type":"","overlay-color":"","overlay-opacity":"","overlay-gradient":""},"tablet":{"background-color":"var(--ast-global-color-5)","background-image":"","background-repeat":"repeat","background-position":"center center","background-size":"auto","background-attachment":"scroll","background-type":"","background-media":"","overlay-type":"","overlay-color":"","overlay-opacity":"","overlay-gradient":""},"mobile":{"background-color":"var(--ast-global-color-5)","background-image":"","background-repeat":"repeat","background-position":"center center","background-size":"auto","background-attachment":"scroll","background-type":"","background-media":"","overlay-type":"","overlay-color":"","overlay-opacity":"","overlay-gradient":""}},"footnotes":""},"categories":[13,40,1,4,5,44],"tags":[],"class_list":["post-4493","post","type-post","status-publish","format-standard","has-post-thumbnail","hentry","category-4t","category-activitats-de-centre","category-general","category-portada","category-primaria","category-projectes"],"post_mailing_queue_ids":[],"_links":{"self":[{"href":"https:\/\/agora.xtec.cat\/ceiplacreutorrefarrera\/wp-json\/wp\/v2\/posts\/4493","targetHints":{"allow":["GET"]}}],"collection":[{"href":"https:\/\/agora.xtec.cat\/ceiplacreutorrefarrera\/wp-json\/wp\/v2\/posts"}],"about":[{"href":"https:\/\/agora.xtec.cat\/ceiplacreutorrefarrera\/wp-json\/wp\/v2\/types\/post"}],"author":[{"embeddable":true,"href":"https:\/\/agora.xtec.cat\/ceiplacreutorrefarrera\/wp-json\/wp\/v2\/users\/9"}],"replies":[{"embeddable":true,"href":"https:\/\/agora.xtec.cat\/ceiplacreutorrefarrera\/wp-json\/wp\/v2\/comments?post=4493"}],"version-history":[{"count":3,"href":"https:\/\/agora.xtec.cat\/ceiplacreutorrefarrera\/wp-json\/wp\/v2\/posts\/4493\/revisions"}],"predecessor-version":[{"id":4500,"href":"https:\/\/agora.xtec.cat\/ceiplacreutorrefarrera\/wp-json\/wp\/v2\/posts\/4493\/revisions\/4500"}],"wp:featuredmedia":[{"embeddable":true,"href":"https:\/\/agora.xtec.cat\/ceiplacreutorrefarrera\/wp-json\/wp\/v2\/media\/4496"}],"wp:attachment":[{"href":"https:\/\/agora.xtec.cat\/ceiplacreutorrefarrera\/wp-json\/wp\/v2\/media?parent=4493"}],"wp:term":[{"taxonomy":"category","embeddable":true,"href":"https:\/\/agora.xtec.cat\/ceiplacreutorrefarrera\/wp-json\/wp\/v2\/categories?post=4493"},{"taxonomy":"post_tag","embeddable":true,"href":"https:\/\/agora.xtec.cat\/ceiplacreutorrefarrera\/wp-json\/wp\/v2\/tags?post=4493"}],"curies":[{"name":"wp","href":"https:\/\/api.w.org\/{rel}","templated":true}]}}