{"id":4445,"date":"2022-06-21T10:18:47","date_gmt":"2022-06-21T08:18:47","guid":{"rendered":"https:\/\/agora.xtec.cat\/ceiplacreutorrefarrera\/?p=4445"},"modified":"2022-06-22T12:06:16","modified_gmt":"2022-06-22T10:06:16","slug":"setmana-cultural-2022-i-festa-de-final-de-curs","status":"publish","type":"post","link":"https:\/\/agora.xtec.cat\/ceiplacreutorrefarrera\/general\/setmana-cultural-2022-i-festa-de-final-de-curs\/","title":{"rendered":"Setmana Cultural 2022 i festa de final de curs."},"content":{"rendered":"<p>Durant la setmana del<strong> 15 al 21 de juny<\/strong>, l&#8217;escola ha organitzat un seguit d&#8217;activitats relacionades amb <strong>el m\u00f3n dels contes:\u00a0<\/strong><\/p>\n<ul>\n<li>Des dels m\u00e9s petits als m\u00e9s grans, s&#8217;han confeccionat diferents hist\u00f2ries a partir de la seva creativitat. L&#8217;escriptura creativa forma part d&#8217;un dels nostres projectes curriculars, l&#8217;ara escric, que pret\u00e9n donar valor a l&#8217;art d&#8217;escriure i desenvolupar-lo. Aquestes petites hist\u00f2ries s&#8217;han materialitzat en un conte d&#8217;aula que s&#8217;ubicar\u00e0 a la biblioteca de l&#8217;escola. En el seg\u00fcent enlla\u00e7 podeu veure el recull de contes elaborats.\n<ul>\n<li><a href=\"https:\/\/drive.google.com\/drive\/folders\/1vc9sW0fcE63ppgHJ6egJJ3CF_KGGbPev?usp=sharing\">Enlla\u00e7 per veure els Contes d&#8217;escola<\/a><\/li>\n<\/ul>\n<\/li>\n<li>En el projecte dels contes han participat altres \u00e0rees a part de les lleng\u00fces curriculars. Aix\u00ed, des de l&#8217;\u00e0rea d&#8217;educaci\u00f3 f\u00edsica, s&#8217;han escenificat diferents versions de contes tradicionals. En l&#8217;\u00e0rea d&#8217;educaci\u00f3 musical, l&#8217;alumnat de cicle inicial i mitj\u00e0 han musicat contes amb instruments. Els de cicle superior, han fet \u00fas de l&#8217;Audacity per a posar veu i ritme a diferents narracions.<\/li>\n<li>Des de fa uns anys l&#8217;escola organitza l&#8217;apadrinament lector en el que els alumnes de cursos superiors ajuden als m\u00e9s petits en la lectura. Durant aquesta setmana hem pogut gaudir de l&#8217;acte de cloenda d&#8217;aquest projecte.\n<ul>\n<li><a href=\"https:\/\/drive.google.com\/drive\/folders\/1EEX0TDXtZL2YF6oA3AYyonaEv77kgMvb?usp=sharing\">Enlla\u00e7 per veure les fotos de l&#8217;acte de l&#8217;apadrinament lector.<\/a><\/li>\n<\/ul>\n<\/li>\n<li>L&#8217;alumnat d&#8217;Educaci\u00f3 Infantil va gaudir de l&#8217;animaci\u00f3 a la lectura que va dur a terme un actor a trav\u00e9s de l&#8217;editorial Santillana.<\/li>\n<\/ul>\n<p>I a banda del fil conductor dels contes, hem pogut rebre la visita d&#8217;algunes entitats que ens han vingut a fer <strong>diferents propostes<\/strong>:<\/p>\n<ul>\n<li>Des del CAP d&#8217;Alpicat ens han ofert el taller &#8220;Sense Fum&#8221; per a l&#8217;alumnat de 6\u00e8.\n<ul>\n<li><a href=\"https:\/\/drive.google.com\/drive\/folders\/1IP7Q01iBcQ61DuB57KMMVqGkpEIjFbso?usp=sharing\">Enlla\u00e7 per veure les fotos del taller Sense Fum.<\/a><\/li>\n<\/ul>\n<\/li>\n<li>Des de l&#8217;institut Joan Sol\u00e0, l&#8217;alumnat del grup d&#8217;ampliaci\u00f3 ha explicat als 3 grups de 5\u00e8 el projecte que estan duent a terme.\n<ul>\n<li><a href=\"https:\/\/drive.google.com\/drive\/folders\/1-5zPctk-Ry_Ro3Zu76px1wM0GOsOWU_c?usp=sharing\">Enlla\u00e7 per veure els v\u00eddeos de les exposicions.<\/a><\/li>\n<\/ul>\n<\/li>\n<li>Des de les associacions lleidatana de Handbol i Handbol Pardinyes han fet una introducci\u00f3 a l&#8217;activitat del handbol per a cicle mitj\u00e0 i superior.<\/li>\n<\/ul>\n<p>I com cada any, l&#8217;AMPA ens ha convidat a gaudir de les obres de teatre en angl\u00e8s al centre, per part de la companyia &#8220;Look Out, Theatre company&#8221;.<\/p>\n<ul>\n<li style=\"list-style-type: none;\">\n<ul>\n<li><a href=\"https:\/\/drive.google.com\/drive\/folders\/1EcK_xF2BZr4LqJdNqRVq0_ny-GycLVoN?usp=sharing\">Enlla\u00e7 per veure les fotos de les obres de teatre en angl\u00e8s.<\/a><\/li>\n<\/ul>\n<\/li>\n<\/ul>\n<p>L&#8217;\u00faltim dia de curs, com cada any, hem fet jocs d&#8217;aigua i a m\u00e9s, aquest any, hem pogut gaudir d&#8217;un bon bany d&#8217;escuma!<\/p>\n<ul>\n<li style=\"list-style-type: none;\">\n<ul>\n<li><a href=\"https:\/\/drive.google.com\/drive\/folders\/1kpHeS2eOIaLVoGSMx4bK5go3pgFSmWue?usp=sharing\">Enlla\u00e7 per veure les fotos de l&#8217;\u00faltim dia de curs.<\/a><\/li>\n<\/ul>\n<\/li>\n<\/ul>\n<p><a href=\"https:\/\/drive.google.com\/file\/d\/1z_M6ncQwBSqQAOHPokLBDf2oeiV7ECD-\/view?usp=sharing\">Enlla\u00e7 al DIPTIC informatiu<\/a><\/p>\n<p>&nbsp;<\/p>\n","protected":false},"excerpt":{"rendered":"<p>Durant la setmana del 15 al 21 de juny, l&#8217;escola ha organitzat un seguit d&#8217;activitats relacionades amb el m\u00f3n dels contes:\u00a0 Des dels m\u00e9s petits als m\u00e9s grans, s&#8217;han confeccionat diferents hist\u00f2ries a partir de la seva creativitat. L&#8217;escriptura creativa forma part d&#8217;un dels nostres projectes curriculars, l&#8217;ara escric, que pret\u00e9n donar valor a l&#8217;art [&hellip;]<\/p>\n","protected":false},"author":1,"featured_media":4448,"comment_status":"open","ping_status":"closed","sticky":false,"template":"","format":"standard","meta":{"_bbp_topic_count":0,"_bbp_reply_count":0,"_bbp_total_topic_count":0,"_bbp_total_reply_count":0,"_bbp_voice_count":0,"_bbp_anonymous_reply_count":0,"_bbp_topic_count_hidden":0,"_bbp_reply_count_hidden":0,"_bbp_forum_subforum_count":0,"site-sidebar-layout":"default","site-content-layout":"","ast-site-content-layout":"","site-content-style":"default","site-sidebar-style":"default","ast-global-header-display":"","ast-banner-title-visibility":"","ast-main-header-display":"","ast-hfb-above-header-display":"","ast-hfb-below-header-display":"","ast-hfb-mobile-header-display":"","site-post-title":"","ast-breadcrumbs-content":"","ast-featured-img":"","footer-sml-layout":"","theme-transparent-header-meta":"","adv-header-id-meta":"","stick-header-meta":"","header-above-stick-meta":"","header-main-stick-meta":"","header-below-stick-meta":"","astra-migrate-meta-layouts":"default","ast-page-background-enabled":"default","ast-page-background-meta":{"desktop":{"background-color":"var(--ast-global-color-4)","background-image":"","background-repeat":"repeat","background-position":"center center","background-size":"auto","background-attachment":"scroll","background-type":"","background-media":"","overlay-type":"","overlay-color":"","overlay-opacity":"","overlay-gradient":""},"tablet":{"background-color":"","background-image":"","background-repeat":"repeat","background-position":"center center","background-size":"auto","background-attachment":"scroll","background-type":"","background-media":"","overlay-type":"","overlay-color":"","overlay-opacity":"","overlay-gradient":""},"mobile":{"background-color":"","background-image":"","background-repeat":"repeat","background-position":"center center","background-size":"auto","background-attachment":"scroll","background-type":"","background-media":"","overlay-type":"","overlay-color":"","overlay-opacity":"","overlay-gradient":""}},"ast-content-background-meta":{"desktop":{"background-color":"var(--ast-global-color-5)","background-image":"","background-repeat":"repeat","background-position":"center center","background-size":"auto","background-attachment":"scroll","background-type":"","background-media":"","overlay-type":"","overlay-color":"","overlay-opacity":"","overlay-gradient":""},"tablet":{"background-color":"var(--ast-global-color-5)","background-image":"","background-repeat":"repeat","background-position":"center center","background-size":"auto","background-attachment":"scroll","background-type":"","background-media":"","overlay-type":"","overlay-color":"","overlay-opacity":"","overlay-gradient":""},"mobile":{"background-color":"var(--ast-global-color-5)","background-image":"","background-repeat":"repeat","background-position":"center center","background-size":"auto","background-attachment":"scroll","background-type":"","background-media":"","overlay-type":"","overlay-color":"","overlay-opacity":"","overlay-gradient":""}},"footnotes":""},"categories":[1,4],"tags":[],"class_list":["post-4445","post","type-post","status-publish","format-standard","has-post-thumbnail","hentry","category-general","category-portada"],"post_mailing_queue_ids":[],"_links":{"self":[{"href":"https:\/\/agora.xtec.cat\/ceiplacreutorrefarrera\/wp-json\/wp\/v2\/posts\/4445","targetHints":{"allow":["GET"]}}],"collection":[{"href":"https:\/\/agora.xtec.cat\/ceiplacreutorrefarrera\/wp-json\/wp\/v2\/posts"}],"about":[{"href":"https:\/\/agora.xtec.cat\/ceiplacreutorrefarrera\/wp-json\/wp\/v2\/types\/post"}],"author":[{"embeddable":true,"href":"https:\/\/agora.xtec.cat\/ceiplacreutorrefarrera\/wp-json\/wp\/v2\/users\/1"}],"replies":[{"embeddable":true,"href":"https:\/\/agora.xtec.cat\/ceiplacreutorrefarrera\/wp-json\/wp\/v2\/comments?post=4445"}],"version-history":[{"count":3,"href":"https:\/\/agora.xtec.cat\/ceiplacreutorrefarrera\/wp-json\/wp\/v2\/posts\/4445\/revisions"}],"predecessor-version":[{"id":4454,"href":"https:\/\/agora.xtec.cat\/ceiplacreutorrefarrera\/wp-json\/wp\/v2\/posts\/4445\/revisions\/4454"}],"wp:featuredmedia":[{"embeddable":true,"href":"https:\/\/agora.xtec.cat\/ceiplacreutorrefarrera\/wp-json\/wp\/v2\/media\/4448"}],"wp:attachment":[{"href":"https:\/\/agora.xtec.cat\/ceiplacreutorrefarrera\/wp-json\/wp\/v2\/media?parent=4445"}],"wp:term":[{"taxonomy":"category","embeddable":true,"href":"https:\/\/agora.xtec.cat\/ceiplacreutorrefarrera\/wp-json\/wp\/v2\/categories?post=4445"},{"taxonomy":"post_tag","embeddable":true,"href":"https:\/\/agora.xtec.cat\/ceiplacreutorrefarrera\/wp-json\/wp\/v2\/tags?post=4445"}],"curies":[{"name":"wp","href":"https:\/\/api.w.org\/{rel}","templated":true}]}}