{"id":4413,"date":"2022-06-18T14:05:31","date_gmt":"2022-06-18T12:05:31","guid":{"rendered":"https:\/\/agora.xtec.cat\/ceiplacreutorrefarrera\/?p=4413"},"modified":"2022-06-18T14:05:31","modified_gmt":"2022-06-18T12:05:31","slug":"comiat-de-sise-promocio-2022","status":"publish","type":"post","link":"https:\/\/agora.xtec.cat\/ceiplacreutorrefarrera\/general\/comiat-de-sise-promocio-2022\/","title":{"rendered":"COMIAT DE SIS\u00c8 PROMOCI\u00d3 2022"},"content":{"rendered":"<p class=\"western\" lang=\"ca-ES\"><span style=\"color: #444444\"><span style=\"font-family: inherit, serif\"><span style=\"font-size: medium\"><span lang=\"es-ES\"><a href=\"https:\/\/drive.google.com\/file\/d\/1lxtSTbdjAAN0UkmNskZbMe2_gTrBnrOM\/view?usp=sharing\"><img loading=\"lazy\" decoding=\"async\" class=\"wp-image-4425 alignleft\" src=\"https:\/\/agora.xtec.cat\/ceiplacreutorrefarrera\/wp-content\/uploads\/usu389\/2022\/06\/IMG-20220617-WA0005.jpg\" alt=\"\" width=\"299\" height=\"224\" srcset=\"https:\/\/agora.xtec.cat\/ceiplacreutorrefarrera\/wp-content\/uploads\/usu389\/2022\/06\/IMG-20220617-WA0005.jpg 1024w, https:\/\/agora.xtec.cat\/ceiplacreutorrefarrera\/wp-content\/uploads\/usu389\/2022\/06\/IMG-20220617-WA0005-300x225.jpg 300w, https:\/\/agora.xtec.cat\/ceiplacreutorrefarrera\/wp-content\/uploads\/usu389\/2022\/06\/IMG-20220617-WA0005-768x576.jpg 768w, https:\/\/agora.xtec.cat\/ceiplacreutorrefarrera\/wp-content\/uploads\/usu389\/2022\/06\/IMG-20220617-WA0005-200x150.jpg 200w\" sizes=\"auto, (max-width: 299px) 100vw, 299px\" \/><\/a> <\/span><\/span><\/span><\/span><span style=\"color: #444444\"><span style=\"font-family: inherit, serif\"><span style=\"font-size: medium\"><span lang=\"es-ES\">Aquest <\/span><\/span><\/span><\/span><span style=\"color: #444444\"><span style=\"font-family: inherit, serif\"><span style=\"font-size: medium\"><span lang=\"es-ES\">calor\u00f3s i t\u00f2rrid <\/span><\/span><\/span><\/span><span style=\"color: #444444\"><span style=\"font-family: inherit, serif\"><span style=\"font-size: medium\"><span lang=\"es-ES\">divendres 17 de juny a la tarda hem celebrat l\u2019acte de comiat dels i les alumnes de 6\u00e8 (promoci\u00f3 2013-2022), que despr\u00e9s de 9 anys a l\u2019escola comen\u00e7aran el setembre vinent una altra etapa de la seva vida, l\u2019ESO.<\/span><\/span><\/span><\/span><\/p>\n<p class=\"western\" lang=\"ca-ES\"><span style=\"color: #444444\"><span style=\"font-family: inherit, serif\"><span style=\"font-size: medium\"><span lang=\"es-ES\">Els nois i noies de si<\/span><\/span><\/span><\/span><span style=\"color: #444444\"><span style=\"font-family: inherit, serif\"><span style=\"font-size: medium\"><span lang=\"es-ES\">s<\/span><\/span><\/span><\/span><span style=\"color: #444444\"><span style=\"font-family: inherit, serif\"><span style=\"font-size: medium\"><span lang=\"es-ES\">\u00e8, acompanyats per bona part del claustre de professors i pels seus familiars, han di<\/span><\/span><\/span><\/span><span style=\"color: #444444\"><span style=\"font-family: inherit, serif\"><span style=\"font-size: medium\"><span lang=\"es-ES\">t<\/span><\/span><\/span><\/span><span style=\"color: #444444\"><span style=\"font-family: inherit, serif\"><span style=\"font-size: medium\"><span lang=\"es-ES\"> ad\u00e9u a l\u2019etapa d\u2019infantil i prim\u00e0ria <\/span><\/span><\/span><\/span><span style=\"color: #444444\"><span style=\"font-family: inherit, serif\"><span style=\"font-size: medium\"><span lang=\"es-ES\">en un acte molt emotiu celebrat al gimn\u00e0s del centre i amb una temperatura extrema<\/span><\/span><\/span><\/span><span style=\"color: #444444\"><span style=\"font-family: inherit, serif\"><span style=\"font-size: medium\"><span lang=\"es-ES\">. <\/span><\/span><\/span><\/span><span style=\"color: #444444\"><span style=\"font-family: inherit, serif\"><span style=\"font-size: medium\"><span lang=\"es-ES\">Acabat l\u2019acte hem sortit al porxo a fer un petit refrigeri i celebrar-ho plegats.<\/span><\/span><\/span><\/span><\/p>\n<p class=\"western\" lang=\"ca-ES\"><span style=\"color: #444444\"><span style=\"font-family: inherit, serif\"><span style=\"font-size: medium\"><span lang=\"es-ES\">Estem molt agra\u00efts de totes les mostres d\u2019afecte que <a href=\"https:\/\/drive.google.com\/drive\/folders\/1w4umU0-dhWrutuRDhsKO4CljGYemBPnn?usp=sharing\" target=\"_blank\" rel=\"noopener\"><img loading=\"lazy\" decoding=\"async\" class=\"wp-image-4419 alignleft\" src=\"https:\/\/agora.xtec.cat\/ceiplacreutorrefarrera\/wp-content\/uploads\/usu389\/2022\/06\/bossa-definitiva-2.jpg\" alt=\"\" width=\"221\" height=\"200\" srcset=\"https:\/\/agora.xtec.cat\/ceiplacreutorrefarrera\/wp-content\/uploads\/usu389\/2022\/06\/bossa-definitiva-2.jpg 592w, https:\/\/agora.xtec.cat\/ceiplacreutorrefarrera\/wp-content\/uploads\/usu389\/2022\/06\/bossa-definitiva-2-300x271.jpg 300w\" sizes=\"auto, (max-width: 221px) 100vw, 221px\" \/><\/a>ens heu transm\u00e8s en aquest comiat tan especial. Nosaltres sempre us <\/span><\/span><\/span><\/span><span style=\"color: #444444\"><span style=\"font-family: inherit, serif\"><span style=\"font-size: medium\"><span lang=\"es-ES\">du<\/span><\/span><\/span><\/span><span style=\"color: #444444\"><span style=\"font-family: inherit, serif\"><span style=\"font-size: medium\"><span lang=\"es-ES\">rem al cor. <\/span><\/span><\/span><\/span><span style=\"color: #444444\"><span style=\"font-family: inherit, serif\"><span style=\"font-size: medium\"><span lang=\"es-ES\">Desitjar-vos molta sort i somriures en el futur. <\/span><\/span><\/span><\/span><span style=\"color: #444444\"><span style=\"font-family: inherit, serif\"><span style=\"font-size: medium\"><span lang=\"es-ES\">M<\/span><\/span><\/span><\/span><span style=\"color: #444444\"><span style=\"font-family: inherit, serif\"><span style=\"font-size: medium\"><span lang=\"es-ES\">oltes<\/span><\/span><\/span><\/span><span style=\"color: #444444\"><span style=\"font-family: inherit, serif\"><span style=\"font-size: medium\"><span lang=\"es-ES\"> gr\u00e0cies!!!<\/span><\/span><\/span><\/span><\/p>\n<p class=\"western\" lang=\"ca-ES\"><span style=\"color: #444444\"><span style=\"font-family: inherit, serif\"><span style=\"font-size: medium\"><span lang=\"es-ES\">Teniu la gravaci\u00f3 i diverses fotografies de l&#8217;acte per aquells que no heu pogut assistir o voleu recordar un moment <\/span><\/span><\/span><\/span><span style=\"color: #444444\"><span style=\"font-family: inherit, serif\"><span style=\"font-size: medium\"><span lang=\"es-ES\">bonic de la vostra hist\u00f2ria i de la hist\u00f2ria dels vostres fills i filles. Cliqueu sobre les imatges per visualitzar i descarregar-vos, si voleu, aquest record.<\/span><\/span><\/span><\/span><\/p>\n<p lang=\"ca-ES\">\n","protected":false},"excerpt":{"rendered":"<p>Aquest calor\u00f3s i t\u00f2rrid divendres 17 de juny a la tarda hem celebrat l\u2019acte de comiat dels i les alumnes de 6\u00e8 (promoci\u00f3 2013-2022), que despr\u00e9s de 9 anys a l\u2019escola comen\u00e7aran el setembre vinent una altra etapa de la seva vida, l\u2019ESO. Els nois i noies de sis\u00e8, acompanyats per bona part del claustre [&hellip;]<\/p>\n","protected":false},"author":10,"featured_media":4418,"comment_status":"open","ping_status":"closed","sticky":false,"template":"","format":"standard","meta":{"_bbp_topic_count":0,"_bbp_reply_count":0,"_bbp_total_topic_count":0,"_bbp_total_reply_count":0,"_bbp_voice_count":0,"_bbp_anonymous_reply_count":0,"_bbp_topic_count_hidden":0,"_bbp_reply_count_hidden":0,"_bbp_forum_subforum_count":0,"site-sidebar-layout":"default","site-content-layout":"","ast-site-content-layout":"","site-content-style":"default","site-sidebar-style":"default","ast-global-header-display":"","ast-banner-title-visibility":"","ast-main-header-display":"","ast-hfb-above-header-display":"","ast-hfb-below-header-display":"","ast-hfb-mobile-header-display":"","site-post-title":"","ast-breadcrumbs-content":"","ast-featured-img":"","footer-sml-layout":"","theme-transparent-header-meta":"","adv-header-id-meta":"","stick-header-meta":"","header-above-stick-meta":"","header-main-stick-meta":"","header-below-stick-meta":"","astra-migrate-meta-layouts":"default","ast-page-background-enabled":"default","ast-page-background-meta":{"desktop":{"background-color":"var(--ast-global-color-4)","background-image":"","background-repeat":"repeat","background-position":"center center","background-size":"auto","background-attachment":"scroll","background-type":"","background-media":"","overlay-type":"","overlay-color":"","overlay-opacity":"","overlay-gradient":""},"tablet":{"background-color":"","background-image":"","background-repeat":"repeat","background-position":"center center","background-size":"auto","background-attachment":"scroll","background-type":"","background-media":"","overlay-type":"","overlay-color":"","overlay-opacity":"","overlay-gradient":""},"mobile":{"background-color":"","background-image":"","background-repeat":"repeat","background-position":"center center","background-size":"auto","background-attachment":"scroll","background-type":"","background-media":"","overlay-type":"","overlay-color":"","overlay-opacity":"","overlay-gradient":""}},"ast-content-background-meta":{"desktop":{"background-color":"var(--ast-global-color-5)","background-image":"","background-repeat":"repeat","background-position":"center center","background-size":"auto","background-attachment":"scroll","background-type":"","background-media":"","overlay-type":"","overlay-color":"","overlay-opacity":"","overlay-gradient":""},"tablet":{"background-color":"var(--ast-global-color-5)","background-image":"","background-repeat":"repeat","background-position":"center center","background-size":"auto","background-attachment":"scroll","background-type":"","background-media":"","overlay-type":"","overlay-color":"","overlay-opacity":"","overlay-gradient":""},"mobile":{"background-color":"var(--ast-global-color-5)","background-image":"","background-repeat":"repeat","background-position":"center center","background-size":"auto","background-attachment":"scroll","background-type":"","background-media":"","overlay-type":"","overlay-color":"","overlay-opacity":"","overlay-gradient":""}},"footnotes":""},"categories":[15,1,4,5],"tags":[51,138,100],"class_list":["post-4413","post","type-post","status-publish","format-standard","has-post-thumbnail","hentry","category-6e","category-general","category-portada","category-primaria","tag-6e","tag-comiat","tag-families"],"post_mailing_queue_ids":[],"_links":{"self":[{"href":"https:\/\/agora.xtec.cat\/ceiplacreutorrefarrera\/wp-json\/wp\/v2\/posts\/4413","targetHints":{"allow":["GET"]}}],"collection":[{"href":"https:\/\/agora.xtec.cat\/ceiplacreutorrefarrera\/wp-json\/wp\/v2\/posts"}],"about":[{"href":"https:\/\/agora.xtec.cat\/ceiplacreutorrefarrera\/wp-json\/wp\/v2\/types\/post"}],"author":[{"embeddable":true,"href":"https:\/\/agora.xtec.cat\/ceiplacreutorrefarrera\/wp-json\/wp\/v2\/users\/10"}],"replies":[{"embeddable":true,"href":"https:\/\/agora.xtec.cat\/ceiplacreutorrefarrera\/wp-json\/wp\/v2\/comments?post=4413"}],"version-history":[{"count":3,"href":"https:\/\/agora.xtec.cat\/ceiplacreutorrefarrera\/wp-json\/wp\/v2\/posts\/4413\/revisions"}],"predecessor-version":[{"id":4427,"href":"https:\/\/agora.xtec.cat\/ceiplacreutorrefarrera\/wp-json\/wp\/v2\/posts\/4413\/revisions\/4427"}],"wp:featuredmedia":[{"embeddable":true,"href":"https:\/\/agora.xtec.cat\/ceiplacreutorrefarrera\/wp-json\/wp\/v2\/media\/4418"}],"wp:attachment":[{"href":"https:\/\/agora.xtec.cat\/ceiplacreutorrefarrera\/wp-json\/wp\/v2\/media?parent=4413"}],"wp:term":[{"taxonomy":"category","embeddable":true,"href":"https:\/\/agora.xtec.cat\/ceiplacreutorrefarrera\/wp-json\/wp\/v2\/categories?post=4413"},{"taxonomy":"post_tag","embeddable":true,"href":"https:\/\/agora.xtec.cat\/ceiplacreutorrefarrera\/wp-json\/wp\/v2\/tags?post=4413"}],"curies":[{"name":"wp","href":"https:\/\/api.w.org\/{rel}","templated":true}]}}