{"id":4350,"date":"2022-05-23T16:38:34","date_gmt":"2022-05-23T14:38:34","guid":{"rendered":"https:\/\/agora.xtec.cat\/ceiplacreutorrefarrera\/?p=4350"},"modified":"2022-05-23T16:38:34","modified_gmt":"2022-05-23T14:38:34","slug":"sortida-a-cal-fino","status":"publish","type":"post","link":"https:\/\/agora.xtec.cat\/ceiplacreutorrefarrera\/general\/sortida-a-cal-fino\/","title":{"rendered":"SORTIDA A CAL FINO"},"content":{"rendered":"<p><span style=\"font-weight: 400\">El divendres 13 de maig, els infants de P4 vam anar a l\u2019Espai natura a Puigverd de Lleida.\u00a0<\/span><\/p>\n<p><span style=\"font-weight: 400\">All\u00ed vam realitzar dos tallers: el de l\u2019hort i el de l\u2019animal dom\u00e8stic.<\/span><\/p>\n<p><span style=\"font-weight: 400\">En el primer, vam anar a l\u2019hort a plantar i l\u2019Antonio ens va explicar les cures que hem de tenir amb les plantes. Tamb\u00e9 ens va mostrar les hortalisses que es poden conrear en un hort. Finalment cadasc\u00fa va plantar una llavor de gira-sol en un test que ens vam endur cap a casa.<\/span><\/p>\n<p><span style=\"font-weight: 400\">En el segon taller, vam assistir a un taller d\u2019ensinistrament i vam ajudar a construir un circuit d\u2019agilitat per a una mascota molt especial: la gosseta \u201cLlue\u201d.<\/span><\/p>\n<p><span style=\"font-weight: 400\">Vam poder veure d\u2019a prop aquest animal dom\u00e8stic, observar les seves caracter\u00edstiques i les seves capacitats. Els monitors tamb\u00e9 ens van explicar la import\u00e0ncia de cuidar b\u00e9 als animals.<\/span><\/p>\n<p><span style=\"font-weight: 400\">I despr\u00e9s de les activitats, vam poder gaudir de les magnifiques instal\u00b7lacions d\u2019aquest bonic espai.<\/span><\/p>\n<p><span style=\"font-weight: 400\">Ens ho vam passar molt b\u00e9!<\/span><\/p>\n<p><a href=\"https:\/\/drive.google.com\/drive\/folders\/1uZgM3Lrsu_cFH6G8hq-MKI3Man5pF7R3?usp=sharing\" target=\"_blank\" rel=\"noopener\"><img loading=\"lazy\" decoding=\"async\" class=\"alignnone size-full wp-image-4351\" src=\"https:\/\/agora.xtec.cat\/ceiplacreutorrefarrera\/wp-content\/uploads\/usu389\/2022\/05\/images.jpg\" alt=\"\" width=\"222\" height=\"227\" \/><\/a><\/p>\n","protected":false},"excerpt":{"rendered":"<p>El divendres 13 de maig, els infants de P4 vam anar a l\u2019Espai natura a Puigverd de Lleida.\u00a0 All\u00ed vam realitzar dos tallers: el de l\u2019hort i el de l\u2019animal dom\u00e8stic. En el primer, vam anar a l\u2019hort a plantar i l\u2019Antonio ens va explicar les cures que hem de tenir amb les plantes. Tamb\u00e9 [&hellip;]<\/p>\n","protected":false},"author":7,"featured_media":4351,"comment_status":"open","ping_status":"closed","sticky":false,"template":"","format":"standard","meta":{"_bbp_topic_count":0,"_bbp_reply_count":0,"_bbp_total_topic_count":0,"_bbp_total_reply_count":0,"_bbp_voice_count":0,"_bbp_anonymous_reply_count":0,"_bbp_topic_count_hidden":0,"_bbp_reply_count_hidden":0,"_bbp_forum_subforum_count":0,"site-sidebar-layout":"default","site-content-layout":"","ast-site-content-layout":"","site-content-style":"default","site-sidebar-style":"default","ast-global-header-display":"","ast-banner-title-visibility":"","ast-main-header-display":"","ast-hfb-above-header-display":"","ast-hfb-below-header-display":"","ast-hfb-mobile-header-display":"","site-post-title":"","ast-breadcrumbs-content":"","ast-featured-img":"","footer-sml-layout":"","theme-transparent-header-meta":"","adv-header-id-meta":"","stick-header-meta":"","header-above-stick-meta":"","header-main-stick-meta":"","header-below-stick-meta":"","astra-migrate-meta-layouts":"default","ast-page-background-enabled":"default","ast-page-background-meta":{"desktop":{"background-color":"var(--ast-global-color-4)","background-image":"","background-repeat":"repeat","background-position":"center center","background-size":"auto","background-attachment":"scroll","background-type":"","background-media":"","overlay-type":"","overlay-color":"","overlay-opacity":"","overlay-gradient":""},"tablet":{"background-color":"","background-image":"","background-repeat":"repeat","background-position":"center center","background-size":"auto","background-attachment":"scroll","background-type":"","background-media":"","overlay-type":"","overlay-color":"","overlay-opacity":"","overlay-gradient":""},"mobile":{"background-color":"","background-image":"","background-repeat":"repeat","background-position":"center center","background-size":"auto","background-attachment":"scroll","background-type":"","background-media":"","overlay-type":"","overlay-color":"","overlay-opacity":"","overlay-gradient":""}},"ast-content-background-meta":{"desktop":{"background-color":"var(--ast-global-color-5)","background-image":"","background-repeat":"repeat","background-position":"center center","background-size":"auto","background-attachment":"scroll","background-type":"","background-media":"","overlay-type":"","overlay-color":"","overlay-opacity":"","overlay-gradient":""},"tablet":{"background-color":"var(--ast-global-color-5)","background-image":"","background-repeat":"repeat","background-position":"center center","background-size":"auto","background-attachment":"scroll","background-type":"","background-media":"","overlay-type":"","overlay-color":"","overlay-opacity":"","overlay-gradient":""},"mobile":{"background-color":"var(--ast-global-color-5)","background-image":"","background-repeat":"repeat","background-position":"center center","background-size":"auto","background-attachment":"scroll","background-type":"","background-media":"","overlay-type":"","overlay-color":"","overlay-opacity":"","overlay-gradient":""}},"footnotes":""},"categories":[1,8,2,4],"tags":[119,125,16],"class_list":["post-4350","post","type-post","status-publish","format-standard","has-post-thumbnail","hentry","category-general","category-i4","category-infantil","category-portada","tag-infantil","tag-p4","tag-sortides"],"post_mailing_queue_ids":[],"_links":{"self":[{"href":"https:\/\/agora.xtec.cat\/ceiplacreutorrefarrera\/wp-json\/wp\/v2\/posts\/4350","targetHints":{"allow":["GET"]}}],"collection":[{"href":"https:\/\/agora.xtec.cat\/ceiplacreutorrefarrera\/wp-json\/wp\/v2\/posts"}],"about":[{"href":"https:\/\/agora.xtec.cat\/ceiplacreutorrefarrera\/wp-json\/wp\/v2\/types\/post"}],"author":[{"embeddable":true,"href":"https:\/\/agora.xtec.cat\/ceiplacreutorrefarrera\/wp-json\/wp\/v2\/users\/7"}],"replies":[{"embeddable":true,"href":"https:\/\/agora.xtec.cat\/ceiplacreutorrefarrera\/wp-json\/wp\/v2\/comments?post=4350"}],"version-history":[{"count":3,"href":"https:\/\/agora.xtec.cat\/ceiplacreutorrefarrera\/wp-json\/wp\/v2\/posts\/4350\/revisions"}],"predecessor-version":[{"id":4354,"href":"https:\/\/agora.xtec.cat\/ceiplacreutorrefarrera\/wp-json\/wp\/v2\/posts\/4350\/revisions\/4354"}],"wp:featuredmedia":[{"embeddable":true,"href":"https:\/\/agora.xtec.cat\/ceiplacreutorrefarrera\/wp-json\/wp\/v2\/media\/4351"}],"wp:attachment":[{"href":"https:\/\/agora.xtec.cat\/ceiplacreutorrefarrera\/wp-json\/wp\/v2\/media?parent=4350"}],"wp:term":[{"taxonomy":"category","embeddable":true,"href":"https:\/\/agora.xtec.cat\/ceiplacreutorrefarrera\/wp-json\/wp\/v2\/categories?post=4350"},{"taxonomy":"post_tag","embeddable":true,"href":"https:\/\/agora.xtec.cat\/ceiplacreutorrefarrera\/wp-json\/wp\/v2\/tags?post=4350"}],"curies":[{"name":"wp","href":"https:\/\/api.w.org\/{rel}","templated":true}]}}