{"id":4267,"date":"2022-04-25T14:06:52","date_gmt":"2022-04-25T12:06:52","guid":{"rendered":"https:\/\/agora.xtec.cat\/ceiplacreutorrefarrera\/?p=4267"},"modified":"2022-04-26T16:36:34","modified_gmt":"2022-04-26T14:36:34","slug":"https-drive-google-com-drive-folders-1e6atvbevy2fs4rk7ly9qtgfv1cvmqwqsuspsharing","status":"publish","type":"post","link":"https:\/\/agora.xtec.cat\/ceiplacreutorrefarrera\/portada\/https-drive-google-com-drive-folders-1e6atvbevy2fs4rk7ly9qtgfv1cvmqwqsuspsharing\/","title":{"rendered":"Excursi\u00f3 a Barcelona: Laberint de l&#8217;Horta i Museu Picasso"},"content":{"rendered":"<p><span style=\"font-weight: 400\">Dijous 21 d\u2019abril, vam anar d\u2019excursi\u00f3 a Barcelona. <\/span><\/p>\n<p><span style=\"font-weight: 400\">Primer vam anar al Laberint de l\u2019Horta, l&#8217;entorn era de\u00a0 pel\u00b7l\u00edcula, semblava f\u00e0cil per\u00f2\u2026 cap aqu\u00ed, cap all\u00e0 i finalment.. la sortida! <\/span><\/p>\n<p><span style=\"font-weight: 400\">Despr\u00e9s, vam anar cap al Museu Picasso on vam poder observar i comentar obres de Pablo Picasso, com eren, que ens semblava que volien dir, quines t\u00e8cniques utilitzava, etc. Per\u00f2 sabeu el millor? Nosaltres tamb\u00e9 vam fer d\u2019artistes! <\/span><\/p>\n<p><span style=\"font-weight: 400\">Encara que no va deixar de ploure ni un moment, i sort dels paraig\u00fces i xubasqueros, ens ho vam passar pipa!<\/span><\/p>\n<p>&nbsp;<\/p>\n<p style=\"text-align: center\"><a href=\"https:\/\/drive.google.com\/drive\/folders\/1e6ATVbEvy2fS4RK7Ly9qtGfv1cvMQWqS?usp=sharing\"><img loading=\"lazy\" decoding=\"async\" class=\"alignnone size-medium wp-image-4268\" src=\"https:\/\/agora.xtec.cat\/ceiplacreutorrefarrera\/wp-content\/uploads\/usu389\/2022\/04\/bcn-300x199.png\" alt=\"\" width=\"300\" height=\"199\" srcset=\"https:\/\/agora.xtec.cat\/ceiplacreutorrefarrera\/wp-content\/uploads\/usu389\/2022\/04\/bcn-300x199.png 300w, https:\/\/agora.xtec.cat\/ceiplacreutorrefarrera\/wp-content\/uploads\/usu389\/2022\/04\/bcn-768x510.png 768w, https:\/\/agora.xtec.cat\/ceiplacreutorrefarrera\/wp-content\/uploads\/usu389\/2022\/04\/bcn.png 879w\" sizes=\"auto, (max-width: 300px) 100vw, 300px\" \/><\/a><\/p>\n","protected":false},"excerpt":{"rendered":"<p>Dijous 21 d\u2019abril, vam anar d\u2019excursi\u00f3 a Barcelona. Primer vam anar al Laberint de l\u2019Horta, l&#8217;entorn era de\u00a0 pel\u00b7l\u00edcula, semblava f\u00e0cil per\u00f2\u2026 cap aqu\u00ed, cap all\u00e0 i finalment.. la sortida! Despr\u00e9s, vam anar cap al Museu Picasso on vam poder observar i comentar obres de Pablo Picasso, com eren, que ens semblava que volien dir, [&hellip;]<\/p>\n","protected":false},"author":23,"featured_media":4268,"comment_status":"open","ping_status":"closed","sticky":false,"template":"","format":"standard","meta":{"_bbp_topic_count":0,"_bbp_reply_count":0,"_bbp_total_topic_count":0,"_bbp_total_reply_count":0,"_bbp_voice_count":0,"_bbp_anonymous_reply_count":0,"_bbp_topic_count_hidden":0,"_bbp_reply_count_hidden":0,"_bbp_forum_subforum_count":0,"site-sidebar-layout":"default","site-content-layout":"","ast-site-content-layout":"","site-content-style":"default","site-sidebar-style":"default","ast-global-header-display":"","ast-banner-title-visibility":"","ast-main-header-display":"","ast-hfb-above-header-display":"","ast-hfb-below-header-display":"","ast-hfb-mobile-header-display":"","site-post-title":"","ast-breadcrumbs-content":"","ast-featured-img":"","footer-sml-layout":"","theme-transparent-header-meta":"","adv-header-id-meta":"","stick-header-meta":"","header-above-stick-meta":"","header-main-stick-meta":"","header-below-stick-meta":"","astra-migrate-meta-layouts":"default","ast-page-background-enabled":"default","ast-page-background-meta":{"desktop":{"background-color":"var(--ast-global-color-4)","background-image":"","background-repeat":"repeat","background-position":"center center","background-size":"auto","background-attachment":"scroll","background-type":"","background-media":"","overlay-type":"","overlay-color":"","overlay-opacity":"","overlay-gradient":""},"tablet":{"background-color":"","background-image":"","background-repeat":"repeat","background-position":"center center","background-size":"auto","background-attachment":"scroll","background-type":"","background-media":"","overlay-type":"","overlay-color":"","overlay-opacity":"","overlay-gradient":""},"mobile":{"background-color":"","background-image":"","background-repeat":"repeat","background-position":"center center","background-size":"auto","background-attachment":"scroll","background-type":"","background-media":"","overlay-type":"","overlay-color":"","overlay-opacity":"","overlay-gradient":""}},"ast-content-background-meta":{"desktop":{"background-color":"var(--ast-global-color-5)","background-image":"","background-repeat":"repeat","background-position":"center center","background-size":"auto","background-attachment":"scroll","background-type":"","background-media":"","overlay-type":"","overlay-color":"","overlay-opacity":"","overlay-gradient":""},"tablet":{"background-color":"var(--ast-global-color-5)","background-image":"","background-repeat":"repeat","background-position":"center center","background-size":"auto","background-attachment":"scroll","background-type":"","background-media":"","overlay-type":"","overlay-color":"","overlay-opacity":"","overlay-gradient":""},"mobile":{"background-color":"var(--ast-global-color-5)","background-image":"","background-repeat":"repeat","background-position":"center center","background-size":"auto","background-attachment":"scroll","background-type":"","background-media":"","overlay-type":"","overlay-color":"","overlay-opacity":"","overlay-gradient":""}},"footnotes":""},"categories":[13,4],"tags":[62,16],"class_list":["post-4267","post","type-post","status-publish","format-standard","has-post-thumbnail","hentry","category-4t","category-portada","tag-4t","tag-sortides"],"post_mailing_queue_ids":[],"_links":{"self":[{"href":"https:\/\/agora.xtec.cat\/ceiplacreutorrefarrera\/wp-json\/wp\/v2\/posts\/4267","targetHints":{"allow":["GET"]}}],"collection":[{"href":"https:\/\/agora.xtec.cat\/ceiplacreutorrefarrera\/wp-json\/wp\/v2\/posts"}],"about":[{"href":"https:\/\/agora.xtec.cat\/ceiplacreutorrefarrera\/wp-json\/wp\/v2\/types\/post"}],"author":[{"embeddable":true,"href":"https:\/\/agora.xtec.cat\/ceiplacreutorrefarrera\/wp-json\/wp\/v2\/users\/23"}],"replies":[{"embeddable":true,"href":"https:\/\/agora.xtec.cat\/ceiplacreutorrefarrera\/wp-json\/wp\/v2\/comments?post=4267"}],"version-history":[{"count":3,"href":"https:\/\/agora.xtec.cat\/ceiplacreutorrefarrera\/wp-json\/wp\/v2\/posts\/4267\/revisions"}],"predecessor-version":[{"id":4279,"href":"https:\/\/agora.xtec.cat\/ceiplacreutorrefarrera\/wp-json\/wp\/v2\/posts\/4267\/revisions\/4279"}],"wp:featuredmedia":[{"embeddable":true,"href":"https:\/\/agora.xtec.cat\/ceiplacreutorrefarrera\/wp-json\/wp\/v2\/media\/4268"}],"wp:attachment":[{"href":"https:\/\/agora.xtec.cat\/ceiplacreutorrefarrera\/wp-json\/wp\/v2\/media?parent=4267"}],"wp:term":[{"taxonomy":"category","embeddable":true,"href":"https:\/\/agora.xtec.cat\/ceiplacreutorrefarrera\/wp-json\/wp\/v2\/categories?post=4267"},{"taxonomy":"post_tag","embeddable":true,"href":"https:\/\/agora.xtec.cat\/ceiplacreutorrefarrera\/wp-json\/wp\/v2\/tags?post=4267"}],"curies":[{"name":"wp","href":"https:\/\/api.w.org\/{rel}","templated":true}]}}