{"id":4188,"date":"2022-04-08T15:36:46","date_gmt":"2022-04-08T13:36:46","guid":{"rendered":"https:\/\/agora.xtec.cat\/ceiplacreutorrefarrera\/?p=4188"},"modified":"2022-04-08T16:48:53","modified_gmt":"2022-04-08T14:48:53","slug":"marxa-saludable-amb-linstitut-6e","status":"publish","type":"post","link":"https:\/\/agora.xtec.cat\/ceiplacreutorrefarrera\/general\/marxa-saludable-amb-linstitut-6e\/","title":{"rendered":"MARXA SALUDABLE AMB L&#8217;INSTITUT (6\u00e8)"},"content":{"rendered":"<p><a href=\"https:\/\/agora.xtec.cat\/ceiplacreutorrefarrera\/wp-content\/uploads\/usu389\/2022\/04\/IMG-20220408-WA0006.jpg\"><img loading=\"lazy\" decoding=\"async\" class=\"wp-image-4203 alignleft\" src=\"https:\/\/agora.xtec.cat\/ceiplacreutorrefarrera\/wp-content\/uploads\/usu389\/2022\/04\/IMG-20220408-WA0006-1024x768.jpg\" alt=\"\" width=\"283\" height=\"212\" srcset=\"https:\/\/agora.xtec.cat\/ceiplacreutorrefarrera\/wp-content\/uploads\/usu389\/2022\/04\/IMG-20220408-WA0006-1024x768.jpg 1024w, https:\/\/agora.xtec.cat\/ceiplacreutorrefarrera\/wp-content\/uploads\/usu389\/2022\/04\/IMG-20220408-WA0006-300x225.jpg 300w, https:\/\/agora.xtec.cat\/ceiplacreutorrefarrera\/wp-content\/uploads\/usu389\/2022\/04\/IMG-20220408-WA0006-768x576.jpg 768w, https:\/\/agora.xtec.cat\/ceiplacreutorrefarrera\/wp-content\/uploads\/usu389\/2022\/04\/IMG-20220408-WA0006-1536x1152.jpg 1536w, https:\/\/agora.xtec.cat\/ceiplacreutorrefarrera\/wp-content\/uploads\/usu389\/2022\/04\/IMG-20220408-WA0006-200x150.jpg 200w, https:\/\/agora.xtec.cat\/ceiplacreutorrefarrera\/wp-content\/uploads\/usu389\/2022\/04\/IMG-20220408-WA0006.jpg 2048w\" sizes=\"auto, (max-width: 283px) 100vw, 283px\" \/><\/a>Avui divendres 8 d&#8217;abril, i com a comiat del segon trimestre, hem fet una caminada conjunta amb alumnes de l&#8217;institut de Torrefarrera i els alumnes de sis\u00e8 de l&#8217;escola de Rossell\u00f3. Hem pogut gaudir del bon dia que fa, i la caminada ha estat d&#8217;uns 12 Km. Primer a l&#8217;alzinar, on ens han explicat el projecte de l&#8217;institut de recuperaci\u00f3 d&#8217;aquest entorn, i despr\u00e9s cap a Rossell\u00f3, seguint la s\u00e8quia i cap al Tossal. Hi havia diversos punts d&#8217;avituallament i hem pogut fer una petita col\u00b7laboraci\u00f3 econ\u00f2mica amb Save the Children. Hem passat un bon mat\u00ed!<\/p>\n<p>Clicant a l&#8217;enlla\u00e7 podreu veure les fotos.<\/p>\n<p><a href=\"https:\/\/drive.google.com\/drive\/folders\/1OqJdeong8yyK1cbwIO5h9fptA95eYyWS?usp=sharing\" target=\"_blank\" rel=\"noopener\">MARXA SALUDABLE AMB L&#8217;INSTITUT<\/a><\/p>\n","protected":false},"excerpt":{"rendered":"<p>Avui divendres 8 d&#8217;abril, i com a comiat del segon trimestre, hem fet una caminada conjunta amb alumnes de l&#8217;institut de Torrefarrera i els alumnes de sis\u00e8 de l&#8217;escola de Rossell\u00f3. Hem pogut gaudir del bon dia que fa, i la caminada ha estat d&#8217;uns 12 Km. Primer a l&#8217;alzinar, on ens han explicat el [&hellip;]<\/p>\n","protected":false},"author":10,"featured_media":4189,"comment_status":"open","ping_status":"closed","sticky":false,"template":"","format":"standard","meta":{"_bbp_topic_count":0,"_bbp_reply_count":0,"_bbp_total_topic_count":0,"_bbp_total_reply_count":0,"_bbp_voice_count":0,"_bbp_anonymous_reply_count":0,"_bbp_topic_count_hidden":0,"_bbp_reply_count_hidden":0,"_bbp_forum_subforum_count":0,"site-sidebar-layout":"default","site-content-layout":"","ast-site-content-layout":"","site-content-style":"default","site-sidebar-style":"default","ast-global-header-display":"","ast-banner-title-visibility":"","ast-main-header-display":"","ast-hfb-above-header-display":"","ast-hfb-below-header-display":"","ast-hfb-mobile-header-display":"","site-post-title":"","ast-breadcrumbs-content":"","ast-featured-img":"","footer-sml-layout":"","theme-transparent-header-meta":"","adv-header-id-meta":"","stick-header-meta":"","header-above-stick-meta":"","header-main-stick-meta":"","header-below-stick-meta":"","astra-migrate-meta-layouts":"default","ast-page-background-enabled":"default","ast-page-background-meta":{"desktop":{"background-color":"var(--ast-global-color-4)","background-image":"","background-repeat":"repeat","background-position":"center center","background-size":"auto","background-attachment":"scroll","background-type":"","background-media":"","overlay-type":"","overlay-color":"","overlay-opacity":"","overlay-gradient":""},"tablet":{"background-color":"","background-image":"","background-repeat":"repeat","background-position":"center center","background-size":"auto","background-attachment":"scroll","background-type":"","background-media":"","overlay-type":"","overlay-color":"","overlay-opacity":"","overlay-gradient":""},"mobile":{"background-color":"","background-image":"","background-repeat":"repeat","background-position":"center center","background-size":"auto","background-attachment":"scroll","background-type":"","background-media":"","overlay-type":"","overlay-color":"","overlay-opacity":"","overlay-gradient":""}},"ast-content-background-meta":{"desktop":{"background-color":"var(--ast-global-color-5)","background-image":"","background-repeat":"repeat","background-position":"center center","background-size":"auto","background-attachment":"scroll","background-type":"","background-media":"","overlay-type":"","overlay-color":"","overlay-opacity":"","overlay-gradient":""},"tablet":{"background-color":"var(--ast-global-color-5)","background-image":"","background-repeat":"repeat","background-position":"center center","background-size":"auto","background-attachment":"scroll","background-type":"","background-media":"","overlay-type":"","overlay-color":"","overlay-opacity":"","overlay-gradient":""},"mobile":{"background-color":"var(--ast-global-color-5)","background-image":"","background-repeat":"repeat","background-position":"center center","background-size":"auto","background-attachment":"scroll","background-type":"","background-media":"","overlay-type":"","overlay-color":"","overlay-opacity":"","overlay-gradient":""}},"footnotes":""},"categories":[15,1,4,5],"tags":[51,196,16],"class_list":["post-4188","post","type-post","status-publish","format-standard","has-post-thumbnail","hentry","category-6e","category-general","category-portada","category-primaria","tag-6e","tag-sortida","tag-sortides"],"post_mailing_queue_ids":[],"_links":{"self":[{"href":"https:\/\/agora.xtec.cat\/ceiplacreutorrefarrera\/wp-json\/wp\/v2\/posts\/4188","targetHints":{"allow":["GET"]}}],"collection":[{"href":"https:\/\/agora.xtec.cat\/ceiplacreutorrefarrera\/wp-json\/wp\/v2\/posts"}],"about":[{"href":"https:\/\/agora.xtec.cat\/ceiplacreutorrefarrera\/wp-json\/wp\/v2\/types\/post"}],"author":[{"embeddable":true,"href":"https:\/\/agora.xtec.cat\/ceiplacreutorrefarrera\/wp-json\/wp\/v2\/users\/10"}],"replies":[{"embeddable":true,"href":"https:\/\/agora.xtec.cat\/ceiplacreutorrefarrera\/wp-json\/wp\/v2\/comments?post=4188"}],"version-history":[{"count":3,"href":"https:\/\/agora.xtec.cat\/ceiplacreutorrefarrera\/wp-json\/wp\/v2\/posts\/4188\/revisions"}],"predecessor-version":[{"id":4210,"href":"https:\/\/agora.xtec.cat\/ceiplacreutorrefarrera\/wp-json\/wp\/v2\/posts\/4188\/revisions\/4210"}],"wp:featuredmedia":[{"embeddable":true,"href":"https:\/\/agora.xtec.cat\/ceiplacreutorrefarrera\/wp-json\/wp\/v2\/media\/4189"}],"wp:attachment":[{"href":"https:\/\/agora.xtec.cat\/ceiplacreutorrefarrera\/wp-json\/wp\/v2\/media?parent=4188"}],"wp:term":[{"taxonomy":"category","embeddable":true,"href":"https:\/\/agora.xtec.cat\/ceiplacreutorrefarrera\/wp-json\/wp\/v2\/categories?post=4188"},{"taxonomy":"post_tag","embeddable":true,"href":"https:\/\/agora.xtec.cat\/ceiplacreutorrefarrera\/wp-json\/wp\/v2\/tags?post=4188"}],"curies":[{"name":"wp","href":"https:\/\/api.w.org\/{rel}","templated":true}]}}