{"id":4171,"date":"2022-03-31T08:26:11","date_gmt":"2022-03-31T06:26:11","guid":{"rendered":"https:\/\/agora.xtec.cat\/ceiplacreutorrefarrera\/?p=4171"},"modified":"2022-03-31T08:26:11","modified_gmt":"2022-03-31T06:26:11","slug":"primer-el-cirerer-a-la-primavera","status":"publish","type":"post","link":"https:\/\/agora.xtec.cat\/ceiplacreutorrefarrera\/general\/primer-el-cirerer-a-la-primavera\/","title":{"rendered":"PRIMER &#8211; EL CIRERER A LA PRIMAVERA"},"content":{"rendered":"<p><strong>EL CIRERER A LA PRIMAVERA<\/strong><\/p>\n<p>Per fi ha esclatat la primavera i hem pogut tornar al tros de la Montse!<\/p>\n<p>Quina sorpresa m\u00e9s maca ens vam endur quan vam veure el cirerer en plena primavera. Qu\u00e8 diferent del cirerer que vam veure a l\u2019hivern, ara estava tot farcit de boniques flors. Ens vam adonar que aquells borrons que hav\u00edem vist al cirerer de fa uns mesos havien esclatat i del seu interior havien aparegut infinites flors de color blanc.<\/p>\n<p>Vam poder observar com alguns insectes anaven de flor en flor facilitant la pol\u00b7linitzaci\u00f3. Tamb\u00e9 vam veure de ben a prop totes les parts d\u2019una flor i quina \u00e9s la seva funci\u00f3.<\/p>\n<p>Vam passar un dia de primavera molt maco en plena natura. Donem les gr\u00e0cies com sempre a la Montse i al Jordi per permetre\u2019ns gaudir d\u2019aquest lloc ple de m\u00e0gia, on a m\u00e9s a m\u00e9s d\u2019aprendre moltes coses, ens ho passem d\u2019all\u00f2 m\u00e9s b\u00e9.<\/p>\n<p>Cliqueu en el seg\u00fcent enlla\u00e7 per veure fotos d\u2019aquesta sortida:<\/p>\n<p><a href=\"https:\/\/drive.google.com\/drive\/folders\/1KMQaMLh7woVh3BsYFLySIbrLTy8PC3Hu?usp=sharing\">EL CIRERER A LA PRIMAVERA<\/a><\/p>\n","protected":false},"excerpt":{"rendered":"<p>EL CIRERER A LA PRIMAVERA Per fi ha esclatat la primavera i hem pogut tornar al tros de la Montse! Quina sorpresa m\u00e9s maca ens vam endur quan vam veure el cirerer en plena primavera. Qu\u00e8 diferent del cirerer que vam veure a l\u2019hivern, ara estava tot farcit de boniques flors. Ens vam adonar que [&hellip;]<\/p>\n","protected":false},"author":17,"featured_media":4172,"comment_status":"open","ping_status":"closed","sticky":false,"template":"","format":"standard","meta":{"_bbp_topic_count":0,"_bbp_reply_count":0,"_bbp_total_topic_count":0,"_bbp_total_reply_count":0,"_bbp_voice_count":0,"_bbp_anonymous_reply_count":0,"_bbp_topic_count_hidden":0,"_bbp_reply_count_hidden":0,"_bbp_forum_subforum_count":0,"site-sidebar-layout":"default","site-content-layout":"","ast-site-content-layout":"","site-content-style":"default","site-sidebar-style":"default","ast-global-header-display":"","ast-banner-title-visibility":"","ast-main-header-display":"","ast-hfb-above-header-display":"","ast-hfb-below-header-display":"","ast-hfb-mobile-header-display":"","site-post-title":"","ast-breadcrumbs-content":"","ast-featured-img":"","footer-sml-layout":"","theme-transparent-header-meta":"","adv-header-id-meta":"","stick-header-meta":"","header-above-stick-meta":"","header-main-stick-meta":"","header-below-stick-meta":"","astra-migrate-meta-layouts":"default","ast-page-background-enabled":"default","ast-page-background-meta":{"desktop":{"background-color":"var(--ast-global-color-4)","background-image":"","background-repeat":"repeat","background-position":"center center","background-size":"auto","background-attachment":"scroll","background-type":"","background-media":"","overlay-type":"","overlay-color":"","overlay-opacity":"","overlay-gradient":""},"tablet":{"background-color":"","background-image":"","background-repeat":"repeat","background-position":"center center","background-size":"auto","background-attachment":"scroll","background-type":"","background-media":"","overlay-type":"","overlay-color":"","overlay-opacity":"","overlay-gradient":""},"mobile":{"background-color":"","background-image":"","background-repeat":"repeat","background-position":"center center","background-size":"auto","background-attachment":"scroll","background-type":"","background-media":"","overlay-type":"","overlay-color":"","overlay-opacity":"","overlay-gradient":""}},"ast-content-background-meta":{"desktop":{"background-color":"var(--ast-global-color-5)","background-image":"","background-repeat":"repeat","background-position":"center center","background-size":"auto","background-attachment":"scroll","background-type":"","background-media":"","overlay-type":"","overlay-color":"","overlay-opacity":"","overlay-gradient":""},"tablet":{"background-color":"var(--ast-global-color-5)","background-image":"","background-repeat":"repeat","background-position":"center center","background-size":"auto","background-attachment":"scroll","background-type":"","background-media":"","overlay-type":"","overlay-color":"","overlay-opacity":"","overlay-gradient":""},"mobile":{"background-color":"var(--ast-global-color-5)","background-image":"","background-repeat":"repeat","background-position":"center center","background-size":"auto","background-attachment":"scroll","background-type":"","background-media":"","overlay-type":"","overlay-color":"","overlay-opacity":"","overlay-gradient":""}},"footnotes":""},"categories":[10,1,4,5],"tags":[54,194,192,184],"class_list":["post-4171","post","type-post","status-publish","format-standard","has-post-thumbnail","hentry","category-1r","category-general","category-portada","category-primaria","tag-1r","tag-cirerer","tag-primer","tag-tros-de-la-montse"],"post_mailing_queue_ids":[],"_links":{"self":[{"href":"https:\/\/agora.xtec.cat\/ceiplacreutorrefarrera\/wp-json\/wp\/v2\/posts\/4171","targetHints":{"allow":["GET"]}}],"collection":[{"href":"https:\/\/agora.xtec.cat\/ceiplacreutorrefarrera\/wp-json\/wp\/v2\/posts"}],"about":[{"href":"https:\/\/agora.xtec.cat\/ceiplacreutorrefarrera\/wp-json\/wp\/v2\/types\/post"}],"author":[{"embeddable":true,"href":"https:\/\/agora.xtec.cat\/ceiplacreutorrefarrera\/wp-json\/wp\/v2\/users\/17"}],"replies":[{"embeddable":true,"href":"https:\/\/agora.xtec.cat\/ceiplacreutorrefarrera\/wp-json\/wp\/v2\/comments?post=4171"}],"version-history":[{"count":1,"href":"https:\/\/agora.xtec.cat\/ceiplacreutorrefarrera\/wp-json\/wp\/v2\/posts\/4171\/revisions"}],"predecessor-version":[{"id":4173,"href":"https:\/\/agora.xtec.cat\/ceiplacreutorrefarrera\/wp-json\/wp\/v2\/posts\/4171\/revisions\/4173"}],"wp:featuredmedia":[{"embeddable":true,"href":"https:\/\/agora.xtec.cat\/ceiplacreutorrefarrera\/wp-json\/wp\/v2\/media\/4172"}],"wp:attachment":[{"href":"https:\/\/agora.xtec.cat\/ceiplacreutorrefarrera\/wp-json\/wp\/v2\/media?parent=4171"}],"wp:term":[{"taxonomy":"category","embeddable":true,"href":"https:\/\/agora.xtec.cat\/ceiplacreutorrefarrera\/wp-json\/wp\/v2\/categories?post=4171"},{"taxonomy":"post_tag","embeddable":true,"href":"https:\/\/agora.xtec.cat\/ceiplacreutorrefarrera\/wp-json\/wp\/v2\/tags?post=4171"}],"curies":[{"name":"wp","href":"https:\/\/api.w.org\/{rel}","templated":true}]}}