{"id":4168,"date":"2022-03-31T08:21:10","date_gmt":"2022-03-31T06:21:10","guid":{"rendered":"https:\/\/agora.xtec.cat\/ceiplacreutorrefarrera\/?p=4168"},"modified":"2022-03-31T08:21:10","modified_gmt":"2022-03-31T06:21:10","slug":"primer-lhort-de-lescola","status":"publish","type":"post","link":"https:\/\/agora.xtec.cat\/ceiplacreutorrefarrera\/general\/primer-lhort-de-lescola\/","title":{"rendered":"PRIMER &#8211; L&#8217;HORT DE L&#8217;ESCOLA"},"content":{"rendered":"<p><strong>L&#8217;HORT DE L&#8217;ESCOLA<\/strong><\/p>\n<p>Els nens i nenes de primer estem molt contents! Per fi ha arribat el moment d\u2019iniciar el nostre propi hort a l\u2019escola!<\/p>\n<p>A la sortida que vam fer al Punt Eco ens vam estrenar com a pagesos i pageses i en tornar est\u00e0vem d\u2019all\u00f2 m\u00e9s motivats per comen\u00e7ar a fer un hort.<\/p>\n<p>Vol\u00edem saber quines eren les hortalisses m\u00e9s apropiades per plantar o sembrar en aquesta \u00e8poca de l\u2019any i per esbrinar-ho vam consultar un calendari hortol\u00e0.<\/p>\n<p>Amb les hortalisses que ens proposava aquest calendari vam tenir clar que a final de curs, si tot ens sortia b\u00e9, podr\u00edem gaudir menjant-nos una bona amanida amb enciams, ravenets, cebes, tom\u00e0quets i pastanagues. Mmmm! Ja se\u2019ns fa la boca aigua!<\/p>\n<p>Ten\u00edem bastant clar quines eren les feines que hav\u00edem de fer per iniciar el nostre hort, ho hav\u00edem pogut practicar uns dies enrere a la sortida del Punt Eco. Aix\u00ed que vam fer un llistat de totes les feines que far\u00edem i de totes les eines que necessitar\u00edem per fer-ho.<\/p>\n<p>Tamb\u00e9 vam aprendre la difer\u00e8ncia entre plantar i sembrar. I vam descobrir que els enciams, les cebes i els tom\u00e0quets els plantar\u00edem, per\u00f2 les pastanagues i els ravenets els sembrar\u00edem.<\/p>\n<p>Est\u00e0vem molt emocionats perqu\u00e8 el calendari de l\u2019hortol\u00e0 ens indicava que aviat germinarien els ravenets i les pastanagues. De fet, la setmana passada vam viure un moment m\u00e0gic, tots vam quedar bocabadats en veure com havien crescut les nostres hortalisses i sobretot en veure que ja havien germinat aquelles petites llavors que hav\u00edem sembrat.<\/p>\n<p>Ara tocar\u00e0 continuar cuidant el nostre hort, regant-lo, traient males herbes i vigilant que no se\u2019ns mengin les hortalisses alguns animalons afamats. De fet, als enciams ja hi havia alguna fulla rosegada, per aix\u00f2 hi vam posar uns molinets de vent a veure si aconsegu\u00edem espantar els ocells que se\u2019ls estaven menjant.<\/p>\n<p>Estem molt emocionats amb el nostre hort, aprenem moltes coses i ens ho passem d\u2019all\u00f2 m\u00e9s b\u00e9!<\/p>\n<p>Cliqueu en els seg\u00fcents enlla\u00e7os per veure el proc\u00e9s:<\/p>\n<p><a href=\"https:\/\/drive.google.com\/drive\/folders\/1ljLYMF3cFkiw2rhxIYfe6GmLVXN0naBn?usp=sharing\">PLANTACI\u00d3 &#8211; 8 DE MAR\u00c7<\/a><\/p>\n<p><a href=\"https:\/\/drive.google.com\/drive\/folders\/1H1aKO2KY-Vvawd760SGf99Ie6VpokIwc?usp=sharing\">SEMBRA &#8211; 10 DE MAR\u00c7<\/a><\/p>\n<p><a href=\"https:\/\/drive.google.com\/drive\/folders\/1HtGbqRV0zAVlOKpCne1cG7zwAJVWpnGG?usp=sharing\">24 DE MAR\u00c7<\/a><\/p>\n","protected":false},"excerpt":{"rendered":"<p>L&#8217;HORT DE L&#8217;ESCOLA Els nens i nenes de primer estem molt contents! Per fi ha arribat el moment d\u2019iniciar el nostre propi hort a l\u2019escola! A la sortida que vam fer al Punt Eco ens vam estrenar com a pagesos i pageses i en tornar est\u00e0vem d\u2019all\u00f2 m\u00e9s motivats per comen\u00e7ar a fer un hort. [&hellip;]<\/p>\n","protected":false},"author":17,"featured_media":4169,"comment_status":"open","ping_status":"closed","sticky":false,"template":"","format":"standard","meta":{"_bbp_topic_count":0,"_bbp_reply_count":0,"_bbp_total_topic_count":0,"_bbp_total_reply_count":0,"_bbp_voice_count":0,"_bbp_anonymous_reply_count":0,"_bbp_topic_count_hidden":0,"_bbp_reply_count_hidden":0,"_bbp_forum_subforum_count":0,"site-sidebar-layout":"default","site-content-layout":"","ast-site-content-layout":"","site-content-style":"default","site-sidebar-style":"default","ast-global-header-display":"","ast-banner-title-visibility":"","ast-main-header-display":"","ast-hfb-above-header-display":"","ast-hfb-below-header-display":"","ast-hfb-mobile-header-display":"","site-post-title":"","ast-breadcrumbs-content":"","ast-featured-img":"","footer-sml-layout":"","theme-transparent-header-meta":"","adv-header-id-meta":"","stick-header-meta":"","header-above-stick-meta":"","header-main-stick-meta":"","header-below-stick-meta":"","astra-migrate-meta-layouts":"default","ast-page-background-enabled":"default","ast-page-background-meta":{"desktop":{"background-color":"var(--ast-global-color-4)","background-image":"","background-repeat":"repeat","background-position":"center center","background-size":"auto","background-attachment":"scroll","background-type":"","background-media":"","overlay-type":"","overlay-color":"","overlay-opacity":"","overlay-gradient":""},"tablet":{"background-color":"","background-image":"","background-repeat":"repeat","background-position":"center center","background-size":"auto","background-attachment":"scroll","background-type":"","background-media":"","overlay-type":"","overlay-color":"","overlay-opacity":"","overlay-gradient":""},"mobile":{"background-color":"","background-image":"","background-repeat":"repeat","background-position":"center center","background-size":"auto","background-attachment":"scroll","background-type":"","background-media":"","overlay-type":"","overlay-color":"","overlay-opacity":"","overlay-gradient":""}},"ast-content-background-meta":{"desktop":{"background-color":"var(--ast-global-color-5)","background-image":"","background-repeat":"repeat","background-position":"center center","background-size":"auto","background-attachment":"scroll","background-type":"","background-media":"","overlay-type":"","overlay-color":"","overlay-opacity":"","overlay-gradient":""},"tablet":{"background-color":"var(--ast-global-color-5)","background-image":"","background-repeat":"repeat","background-position":"center center","background-size":"auto","background-attachment":"scroll","background-type":"","background-media":"","overlay-type":"","overlay-color":"","overlay-opacity":"","overlay-gradient":""},"mobile":{"background-color":"var(--ast-global-color-5)","background-image":"","background-repeat":"repeat","background-position":"center center","background-size":"auto","background-attachment":"scroll","background-type":"","background-media":"","overlay-type":"","overlay-color":"","overlay-opacity":"","overlay-gradient":""}},"footnotes":""},"categories":[10,1,4,5],"tags":[209,54,212,55,192],"class_list":["post-4168","post","type-post","status-publish","format-standard","has-post-thumbnail","hentry","category-1r","category-general","category-portada","category-primaria","tag-portesobertes","tag-1r","tag-cicle-inicial","tag-hort","tag-primer"],"post_mailing_queue_ids":[],"_links":{"self":[{"href":"https:\/\/agora.xtec.cat\/ceiplacreutorrefarrera\/wp-json\/wp\/v2\/posts\/4168","targetHints":{"allow":["GET"]}}],"collection":[{"href":"https:\/\/agora.xtec.cat\/ceiplacreutorrefarrera\/wp-json\/wp\/v2\/posts"}],"about":[{"href":"https:\/\/agora.xtec.cat\/ceiplacreutorrefarrera\/wp-json\/wp\/v2\/types\/post"}],"author":[{"embeddable":true,"href":"https:\/\/agora.xtec.cat\/ceiplacreutorrefarrera\/wp-json\/wp\/v2\/users\/17"}],"replies":[{"embeddable":true,"href":"https:\/\/agora.xtec.cat\/ceiplacreutorrefarrera\/wp-json\/wp\/v2\/comments?post=4168"}],"version-history":[{"count":1,"href":"https:\/\/agora.xtec.cat\/ceiplacreutorrefarrera\/wp-json\/wp\/v2\/posts\/4168\/revisions"}],"predecessor-version":[{"id":4170,"href":"https:\/\/agora.xtec.cat\/ceiplacreutorrefarrera\/wp-json\/wp\/v2\/posts\/4168\/revisions\/4170"}],"wp:featuredmedia":[{"embeddable":true,"href":"https:\/\/agora.xtec.cat\/ceiplacreutorrefarrera\/wp-json\/wp\/v2\/media\/4169"}],"wp:attachment":[{"href":"https:\/\/agora.xtec.cat\/ceiplacreutorrefarrera\/wp-json\/wp\/v2\/media?parent=4168"}],"wp:term":[{"taxonomy":"category","embeddable":true,"href":"https:\/\/agora.xtec.cat\/ceiplacreutorrefarrera\/wp-json\/wp\/v2\/categories?post=4168"},{"taxonomy":"post_tag","embeddable":true,"href":"https:\/\/agora.xtec.cat\/ceiplacreutorrefarrera\/wp-json\/wp\/v2\/tags?post=4168"}],"curies":[{"name":"wp","href":"https:\/\/api.w.org\/{rel}","templated":true}]}}