{"id":4150,"date":"2022-03-10T13:31:34","date_gmt":"2022-03-10T12:31:34","guid":{"rendered":"https:\/\/agora.xtec.cat\/ceiplacreutorrefarrera\/?p=4150"},"modified":"2022-03-10T13:31:34","modified_gmt":"2022-03-10T12:31:34","slug":"sise-a-lauditori-enric-granados","status":"publish","type":"post","link":"https:\/\/agora.xtec.cat\/ceiplacreutorrefarrera\/general\/sise-a-lauditori-enric-granados\/","title":{"rendered":"SIS\u00c8 A L&#8217;AUDITORI ENRIC GRANADOS"},"content":{"rendered":"<p><a href=\"https:\/\/drive.google.com\/drive\/folders\/1LPztA92eUAyP39cH4gKTTrPb39OPQKTM?usp=sharing\" target=\"_blank\" rel=\"noopener\"><img loading=\"lazy\" decoding=\"async\" class=\"wp-image-4151 alignleft\" src=\"https:\/\/agora.xtec.cat\/ceiplacreutorrefarrera\/wp-content\/uploads\/usu389\/2022\/03\/IMG-20220310-WA0002-1024x625.jpg\" alt=\"\" width=\"254\" height=\"155\" srcset=\"https:\/\/agora.xtec.cat\/ceiplacreutorrefarrera\/wp-content\/uploads\/usu389\/2022\/03\/IMG-20220310-WA0002-1024x625.jpg 1024w, https:\/\/agora.xtec.cat\/ceiplacreutorrefarrera\/wp-content\/uploads\/usu389\/2022\/03\/IMG-20220310-WA0002-300x183.jpg 300w, https:\/\/agora.xtec.cat\/ceiplacreutorrefarrera\/wp-content\/uploads\/usu389\/2022\/03\/IMG-20220310-WA0002-768x468.jpg 768w, https:\/\/agora.xtec.cat\/ceiplacreutorrefarrera\/wp-content\/uploads\/usu389\/2022\/03\/IMG-20220310-WA0002-1536x937.jpg 1536w, https:\/\/agora.xtec.cat\/ceiplacreutorrefarrera\/wp-content\/uploads\/usu389\/2022\/03\/IMG-20220310-WA0002.jpg 2048w\" sizes=\"auto, (max-width: 254px) 100vw, 254px\" \/><\/a>Avui dijous 10 de mar\u00e7 els i les alumnes de sis\u00e8 hem anat a lAuditori Enric Granados de Lleida a veure i escoltar una audici\u00f3: <strong><em>PERCUSSI\u00d3 LLATINA. RITMES D\u2019ANADA I TORNADA (Art&amp;Shock). <\/em><\/strong>Aquesta audici\u00f3 fa un rep\u00e0s de les peculiaritats m\u00e9s interessants de la percussi\u00f3 llatinoamericana, donant-nos una visi\u00f3 panor\u00e0mica de l\u2019origen de l\u2019explosi\u00f3 musical que ha fet aquest continent en els \u00faltims anys.Els hi diuen ritmes d\u2019anada i tornada perqu\u00e8 els europeus vam conquerir aquelles terres fa segles, imposant els nostres costums i les nostres lleng\u00fces, i ara ens retornen canviades, enriquides i transformades.<\/p>\n<p>Cliqueu a la imatge per veure\u2019n\u00a0 les fotos.<\/p>\n","protected":false},"excerpt":{"rendered":"<p>Avui dijous 10 de mar\u00e7 els i les alumnes de sis\u00e8 hem anat a lAuditori Enric Granados de Lleida a veure i escoltar una audici\u00f3: PERCUSSI\u00d3 LLATINA. RITMES D\u2019ANADA I TORNADA (Art&amp;Shock). Aquesta audici\u00f3 fa un rep\u00e0s de les peculiaritats m\u00e9s interessants de la percussi\u00f3 llatinoamericana, donant-nos una visi\u00f3 panor\u00e0mica de l\u2019origen de l\u2019explosi\u00f3 musical [&hellip;]<\/p>\n","protected":false},"author":10,"featured_media":4152,"comment_status":"open","ping_status":"closed","sticky":false,"template":"","format":"standard","meta":{"_bbp_topic_count":0,"_bbp_reply_count":0,"_bbp_total_topic_count":0,"_bbp_total_reply_count":0,"_bbp_voice_count":0,"_bbp_anonymous_reply_count":0,"_bbp_topic_count_hidden":0,"_bbp_reply_count_hidden":0,"_bbp_forum_subforum_count":0,"site-sidebar-layout":"default","site-content-layout":"","ast-site-content-layout":"","site-content-style":"default","site-sidebar-style":"default","ast-global-header-display":"","ast-banner-title-visibility":"","ast-main-header-display":"","ast-hfb-above-header-display":"","ast-hfb-below-header-display":"","ast-hfb-mobile-header-display":"","site-post-title":"","ast-breadcrumbs-content":"","ast-featured-img":"","footer-sml-layout":"","theme-transparent-header-meta":"","adv-header-id-meta":"","stick-header-meta":"","header-above-stick-meta":"","header-main-stick-meta":"","header-below-stick-meta":"","astra-migrate-meta-layouts":"default","ast-page-background-enabled":"default","ast-page-background-meta":{"desktop":{"background-color":"var(--ast-global-color-4)","background-image":"","background-repeat":"repeat","background-position":"center center","background-size":"auto","background-attachment":"scroll","background-type":"","background-media":"","overlay-type":"","overlay-color":"","overlay-opacity":"","overlay-gradient":""},"tablet":{"background-color":"","background-image":"","background-repeat":"repeat","background-position":"center center","background-size":"auto","background-attachment":"scroll","background-type":"","background-media":"","overlay-type":"","overlay-color":"","overlay-opacity":"","overlay-gradient":""},"mobile":{"background-color":"","background-image":"","background-repeat":"repeat","background-position":"center center","background-size":"auto","background-attachment":"scroll","background-type":"","background-media":"","overlay-type":"","overlay-color":"","overlay-opacity":"","overlay-gradient":""}},"ast-content-background-meta":{"desktop":{"background-color":"var(--ast-global-color-5)","background-image":"","background-repeat":"repeat","background-position":"center center","background-size":"auto","background-attachment":"scroll","background-type":"","background-media":"","overlay-type":"","overlay-color":"","overlay-opacity":"","overlay-gradient":""},"tablet":{"background-color":"var(--ast-global-color-5)","background-image":"","background-repeat":"repeat","background-position":"center center","background-size":"auto","background-attachment":"scroll","background-type":"","background-media":"","overlay-type":"","overlay-color":"","overlay-opacity":"","overlay-gradient":""},"mobile":{"background-color":"var(--ast-global-color-5)","background-image":"","background-repeat":"repeat","background-position":"center center","background-size":"auto","background-attachment":"scroll","background-type":"","background-media":"","overlay-type":"","overlay-color":"","overlay-opacity":"","overlay-gradient":""}},"footnotes":""},"categories":[15,1,4,5],"tags":[51,89,196],"class_list":["post-4150","post","type-post","status-publish","format-standard","has-post-thumbnail","hentry","category-6e","category-general","category-portada","category-primaria","tag-6e","tag-musica","tag-sortida"],"post_mailing_queue_ids":[],"_links":{"self":[{"href":"https:\/\/agora.xtec.cat\/ceiplacreutorrefarrera\/wp-json\/wp\/v2\/posts\/4150","targetHints":{"allow":["GET"]}}],"collection":[{"href":"https:\/\/agora.xtec.cat\/ceiplacreutorrefarrera\/wp-json\/wp\/v2\/posts"}],"about":[{"href":"https:\/\/agora.xtec.cat\/ceiplacreutorrefarrera\/wp-json\/wp\/v2\/types\/post"}],"author":[{"embeddable":true,"href":"https:\/\/agora.xtec.cat\/ceiplacreutorrefarrera\/wp-json\/wp\/v2\/users\/10"}],"replies":[{"embeddable":true,"href":"https:\/\/agora.xtec.cat\/ceiplacreutorrefarrera\/wp-json\/wp\/v2\/comments?post=4150"}],"version-history":[{"count":1,"href":"https:\/\/agora.xtec.cat\/ceiplacreutorrefarrera\/wp-json\/wp\/v2\/posts\/4150\/revisions"}],"predecessor-version":[{"id":4153,"href":"https:\/\/agora.xtec.cat\/ceiplacreutorrefarrera\/wp-json\/wp\/v2\/posts\/4150\/revisions\/4153"}],"wp:featuredmedia":[{"embeddable":true,"href":"https:\/\/agora.xtec.cat\/ceiplacreutorrefarrera\/wp-json\/wp\/v2\/media\/4152"}],"wp:attachment":[{"href":"https:\/\/agora.xtec.cat\/ceiplacreutorrefarrera\/wp-json\/wp\/v2\/media?parent=4150"}],"wp:term":[{"taxonomy":"category","embeddable":true,"href":"https:\/\/agora.xtec.cat\/ceiplacreutorrefarrera\/wp-json\/wp\/v2\/categories?post=4150"},{"taxonomy":"post_tag","embeddable":true,"href":"https:\/\/agora.xtec.cat\/ceiplacreutorrefarrera\/wp-json\/wp\/v2\/tags?post=4150"}],"curies":[{"name":"wp","href":"https:\/\/api.w.org\/{rel}","templated":true}]}}