{"id":4127,"date":"2022-03-04T11:36:52","date_gmt":"2022-03-04T10:36:52","guid":{"rendered":"https:\/\/agora.xtec.cat\/ceiplacreutorrefarrera\/?p=4127"},"modified":"2022-03-04T11:46:05","modified_gmt":"2022-03-04T10:46:05","slug":"els-alumnes-de-2n-visitem-el-museu-de-lleida","status":"publish","type":"post","link":"https:\/\/agora.xtec.cat\/ceiplacreutorrefarrera\/portada\/els-alumnes-de-2n-visitem-el-museu-de-lleida\/","title":{"rendered":"L&#8217;ALUMNAT DE 2n VISITEM EL MUSEU DE LLEIDA"},"content":{"rendered":"<p><strong>Les t\u00e8cniques art\u00edstiques al Museu de Lleida.\u00a0<\/strong><\/p>\n<p>L\u2019alumnat de segon vam visitar aquest dimecres 2 de mar\u00e7 el Museu de Lleida. Impressionats per les obres d\u2019art que vam poder veure al llarg del recorregut d\u2019aquest bonic museu. Vam veure les diferents t\u00e8cniques art\u00edstiques al llarg de la hist\u00f2ria i vam acabar la visita realitzant un taller d\u2019estampaci\u00f3 i un altre pintant amb pigments naturals com els nostres avantpassats. Vam gaudir molt\u00edssim!!<\/p>\n<p>Tamb\u00e9 vam tenir una estona per jugar en un parc de Lleida i passar-ho d\u2019all\u00f2 m\u00e9s b\u00e9.<\/p>\n<p>Feu clic a la foto per veure les imatges de la sortida.<\/p>\n<p><a href=\"https:\/\/drive.google.com\/drive\/folders\/12k-p0_Kr3EmOyJ43GGnux6OX1nftTX8P?usp=sharing\"><img loading=\"lazy\" decoding=\"async\" class=\"size-medium wp-image-4128 alignleft\" src=\"https:\/\/agora.xtec.cat\/ceiplacreutorrefarrera\/wp-content\/uploads\/usu389\/2022\/03\/11327-02-Retaules-300x200.jpg\" alt=\"\" width=\"300\" height=\"200\" srcset=\"https:\/\/agora.xtec.cat\/ceiplacreutorrefarrera\/wp-content\/uploads\/usu389\/2022\/03\/11327-02-Retaules-300x200.jpg 300w, https:\/\/agora.xtec.cat\/ceiplacreutorrefarrera\/wp-content\/uploads\/usu389\/2022\/03\/11327-02-Retaules-768x512.jpg 768w, https:\/\/agora.xtec.cat\/ceiplacreutorrefarrera\/wp-content\/uploads\/usu389\/2022\/03\/11327-02-Retaules.jpg 800w\" sizes=\"auto, (max-width: 300px) 100vw, 300px\" \/><\/a><\/p>\n","protected":false},"excerpt":{"rendered":"<p>Les t\u00e8cniques art\u00edstiques al Museu de Lleida.\u00a0 L\u2019alumnat de segon vam visitar aquest dimecres 2 de mar\u00e7 el Museu de Lleida. Impressionats per les obres d\u2019art que vam poder veure al llarg del recorregut d\u2019aquest bonic museu. Vam veure les diferents t\u00e8cniques art\u00edstiques al llarg de la hist\u00f2ria i vam acabar la visita realitzant un [&hellip;]<\/p>\n","protected":false},"author":1,"featured_media":4128,"comment_status":"open","ping_status":"closed","sticky":false,"template":"","format":"standard","meta":{"_bbp_topic_count":0,"_bbp_reply_count":0,"_bbp_total_topic_count":0,"_bbp_total_reply_count":0,"_bbp_voice_count":0,"_bbp_anonymous_reply_count":0,"_bbp_topic_count_hidden":0,"_bbp_reply_count_hidden":0,"_bbp_forum_subforum_count":0,"site-sidebar-layout":"default","site-content-layout":"","ast-site-content-layout":"","site-content-style":"default","site-sidebar-style":"default","ast-global-header-display":"","ast-banner-title-visibility":"","ast-main-header-display":"","ast-hfb-above-header-display":"","ast-hfb-below-header-display":"","ast-hfb-mobile-header-display":"","site-post-title":"","ast-breadcrumbs-content":"","ast-featured-img":"","footer-sml-layout":"","theme-transparent-header-meta":"","adv-header-id-meta":"","stick-header-meta":"","header-above-stick-meta":"","header-main-stick-meta":"","header-below-stick-meta":"","astra-migrate-meta-layouts":"default","ast-page-background-enabled":"default","ast-page-background-meta":{"desktop":{"background-color":"var(--ast-global-color-4)","background-image":"","background-repeat":"repeat","background-position":"center center","background-size":"auto","background-attachment":"scroll","background-type":"","background-media":"","overlay-type":"","overlay-color":"","overlay-opacity":"","overlay-gradient":""},"tablet":{"background-color":"","background-image":"","background-repeat":"repeat","background-position":"center center","background-size":"auto","background-attachment":"scroll","background-type":"","background-media":"","overlay-type":"","overlay-color":"","overlay-opacity":"","overlay-gradient":""},"mobile":{"background-color":"","background-image":"","background-repeat":"repeat","background-position":"center center","background-size":"auto","background-attachment":"scroll","background-type":"","background-media":"","overlay-type":"","overlay-color":"","overlay-opacity":"","overlay-gradient":""}},"ast-content-background-meta":{"desktop":{"background-color":"var(--ast-global-color-5)","background-image":"","background-repeat":"repeat","background-position":"center center","background-size":"auto","background-attachment":"scroll","background-type":"","background-media":"","overlay-type":"","overlay-color":"","overlay-opacity":"","overlay-gradient":""},"tablet":{"background-color":"var(--ast-global-color-5)","background-image":"","background-repeat":"repeat","background-position":"center center","background-size":"auto","background-attachment":"scroll","background-type":"","background-media":"","overlay-type":"","overlay-color":"","overlay-opacity":"","overlay-gradient":""},"mobile":{"background-color":"var(--ast-global-color-5)","background-image":"","background-repeat":"repeat","background-position":"center center","background-size":"auto","background-attachment":"scroll","background-type":"","background-media":"","overlay-type":"","overlay-color":"","overlay-opacity":"","overlay-gradient":""}},"footnotes":""},"categories":[11,40,4],"tags":[68,196],"class_list":["post-4127","post","type-post","status-publish","format-standard","has-post-thumbnail","hentry","category-2n","category-activitats-de-centre","category-portada","tag-2n","tag-sortida"],"post_mailing_queue_ids":[],"_links":{"self":[{"href":"https:\/\/agora.xtec.cat\/ceiplacreutorrefarrera\/wp-json\/wp\/v2\/posts\/4127","targetHints":{"allow":["GET"]}}],"collection":[{"href":"https:\/\/agora.xtec.cat\/ceiplacreutorrefarrera\/wp-json\/wp\/v2\/posts"}],"about":[{"href":"https:\/\/agora.xtec.cat\/ceiplacreutorrefarrera\/wp-json\/wp\/v2\/types\/post"}],"author":[{"embeddable":true,"href":"https:\/\/agora.xtec.cat\/ceiplacreutorrefarrera\/wp-json\/wp\/v2\/users\/1"}],"replies":[{"embeddable":true,"href":"https:\/\/agora.xtec.cat\/ceiplacreutorrefarrera\/wp-json\/wp\/v2\/comments?post=4127"}],"version-history":[{"count":3,"href":"https:\/\/agora.xtec.cat\/ceiplacreutorrefarrera\/wp-json\/wp\/v2\/posts\/4127\/revisions"}],"predecessor-version":[{"id":4131,"href":"https:\/\/agora.xtec.cat\/ceiplacreutorrefarrera\/wp-json\/wp\/v2\/posts\/4127\/revisions\/4131"}],"wp:featuredmedia":[{"embeddable":true,"href":"https:\/\/agora.xtec.cat\/ceiplacreutorrefarrera\/wp-json\/wp\/v2\/media\/4128"}],"wp:attachment":[{"href":"https:\/\/agora.xtec.cat\/ceiplacreutorrefarrera\/wp-json\/wp\/v2\/media?parent=4127"}],"wp:term":[{"taxonomy":"category","embeddable":true,"href":"https:\/\/agora.xtec.cat\/ceiplacreutorrefarrera\/wp-json\/wp\/v2\/categories?post=4127"},{"taxonomy":"post_tag","embeddable":true,"href":"https:\/\/agora.xtec.cat\/ceiplacreutorrefarrera\/wp-json\/wp\/v2\/tags?post=4127"}],"curies":[{"name":"wp","href":"https:\/\/api.w.org\/{rel}","templated":true}]}}