{"id":4048,"date":"2022-02-21T13:16:00","date_gmt":"2022-02-21T12:16:00","guid":{"rendered":"https:\/\/agora.xtec.cat\/ceiplacreutorrefarrera\/?p=4048"},"modified":"2022-02-21T13:16:00","modified_gmt":"2022-02-21T12:16:00","slug":"art-in-english","status":"publish","type":"post","link":"https:\/\/agora.xtec.cat\/ceiplacreutorrefarrera\/portada\/art-in-english\/","title":{"rendered":"Art in english"},"content":{"rendered":"<header class=\"entry-header\">\n<h1 class=\"entry-title\">Art In English<\/h1>\n<\/header>\n<div class=\"entry-content\">\n<h3><a href=\"https:\/\/agora.xtec.cat\/ceiplacreutorrefarrera\/wp-content\/uploads\/usu389\/2021\/03\/logo-PAiE.jpg\"><img loading=\"lazy\" decoding=\"async\" class=\"alignnone wp-image-3358\" src=\"https:\/\/agora.xtec.cat\/ceiplacreutorrefarrera\/wp-content\/uploads\/usu389\/2021\/03\/logo-PAiE.jpg\" alt=\"\" width=\"180\" height=\"127\" srcset=\"https:\/\/agora.xtec.cat\/ceiplacreutorrefarrera\/wp-content\/uploads\/usu389\/2021\/03\/logo-PAiE.jpg 650w, https:\/\/agora.xtec.cat\/ceiplacreutorrefarrera\/wp-content\/uploads\/usu389\/2021\/03\/logo-PAiE-300x211.jpg 300w\" sizes=\"auto, (max-width: 180px) 100vw, 180px\" \/><\/a><\/h3>\n<h3><a href=\"https:\/\/agora.xtec.cat\/ceiplacreutorrefarrera\/wp-content\/uploads\/usu389\/2021\/03\/logo-PAiE.jpg\">PROJECTE ART IN ENGLISH\u2026.<\/a><\/h3>\n<p>Let\u2019s make art in English!<\/p>\n<p>L\u2019any 2017, l\u2019escola va endegar \u00a0el projecte d\u2019innovaci\u00f3\u00a0<em>Art in English.<\/em>\u00a0\u00a0Aquest t\u00e9 com a objectiu principal l\u2019ampliaci\u00f3 de l\u2019exposici\u00f3 a la llengua anglesa a trav\u00e9s de contextos significatius, en aquest cas dins l\u2019\u00e0rea de visual i pl\u00e0stica, i aix\u00ed aconseguir incrementar l<em>\u2019input<\/em>\u00a0en aquesta llengua. D\u2019aquesta manera s\u2019ajuda els alumnes a millorar el vocabulari i l\u2019expressi\u00f3 oral en llengua anglesa en cadascun dels nivell on es presenta un artista o artistes dels quals es treballa la seva traject\u00f2ria, obres principals i t\u00e8cniques.<\/p>\n<p>Al cicle inicial, a tall d\u2019exemple, en els cursos anteriors s\u2019han treballat diverses obres d\u2019autors independents exposats al Centre d\u2019Art la Panera de Lleida. El\u00a0<em>thaumatrope<\/em>\u00a0va ser una de les propostes que es va dur a terme amb l\u2019alumnat de 1r. Va ser un taller molt enriquidor que els va permetre assolir conceptes b\u00e0sics relacionats amb els colors, materials i accions vinculades al dia a dia de l\u2019aula de manera contextualitzada.<\/p>\n<p><a href=\"https:\/\/agora.xtec.cat\/ceiplacreutorrefarrera\/wp-content\/uploads\/usu389\/2021\/09\/foto-1.jpg\"><img loading=\"lazy\" decoding=\"async\" class=\"alignnone wp-image-3726\" src=\"https:\/\/agora.xtec.cat\/ceiplacreutorrefarrera\/wp-content\/uploads\/usu389\/2021\/09\/foto-1.jpg\" alt=\"\" width=\"876\" height=\"303\" srcset=\"https:\/\/agora.xtec.cat\/ceiplacreutorrefarrera\/wp-content\/uploads\/usu389\/2021\/09\/foto-1.jpg 1200w, https:\/\/agora.xtec.cat\/ceiplacreutorrefarrera\/wp-content\/uploads\/usu389\/2021\/09\/foto-1-300x104.jpg 300w, https:\/\/agora.xtec.cat\/ceiplacreutorrefarrera\/wp-content\/uploads\/usu389\/2021\/09\/foto-1-1024x354.jpg 1024w, https:\/\/agora.xtec.cat\/ceiplacreutorrefarrera\/wp-content\/uploads\/usu389\/2021\/09\/foto-1-768x266.jpg 768w\" sizes=\"auto, (max-width: 876px) 100vw, 876px\" \/><\/a><\/p>\n<p>A partir de Cicle Mitj\u00e0 l\u2019alumnat ja t\u00e9 un autor de refer\u00e8ncia fixe per cada nivell, en aquest cas Friedensreich Hundertwasser, a tercer, i Kandisky a quart. Ambd\u00f3s autors tenen un tarann\u00e0 abstracte i compten amb obres amb ambicioses a nivell crom\u00e0tic. A partir d\u2019aqu\u00ed es poden treballar conceptes m\u00e9s concrets com tipus de l\u00ednies, els colors primaris i secundaris i s\u2019empren estructures m\u00e9s complexes de descripci\u00f3 d\u2019imatges.<\/p>\n<p>&nbsp;<\/p>\n<p><a href=\"https:\/\/agora.xtec.cat\/ceiplacreutorrefarrera\/wp-content\/uploads\/usu389\/2021\/09\/foto2.jpg\"><img loading=\"lazy\" decoding=\"async\" class=\"alignnone wp-image-3727\" src=\"https:\/\/agora.xtec.cat\/ceiplacreutorrefarrera\/wp-content\/uploads\/usu389\/2021\/09\/foto2.jpg\" alt=\"\" width=\"771\" height=\"347\" srcset=\"https:\/\/agora.xtec.cat\/ceiplacreutorrefarrera\/wp-content\/uploads\/usu389\/2021\/09\/foto2.jpg 1300w, https:\/\/agora.xtec.cat\/ceiplacreutorrefarrera\/wp-content\/uploads\/usu389\/2021\/09\/foto2-300x135.jpg 300w, https:\/\/agora.xtec.cat\/ceiplacreutorrefarrera\/wp-content\/uploads\/usu389\/2021\/09\/foto2-1024x461.jpg 1024w, https:\/\/agora.xtec.cat\/ceiplacreutorrefarrera\/wp-content\/uploads\/usu389\/2021\/09\/foto2-768x346.jpg 768w\" sizes=\"auto, (max-width: 771px) 100vw, 771px\" \/><\/a><\/p>\n<p><em>Producci\u00f3 pl\u00e0stica inspirada en l\u2019obra\u00a0\u201cBlob in a flower pot\u201d,\u00a0de Hundertwasser<\/em><\/p>\n<p>Podeu fer un cop d&#8217;ull a d&#8217;altres fotografies sobre l&#8217;elaboraci\u00f3 en aquest enlla\u00e7: <a href=\"https:\/\/drive.google.com\/drive\/folders\/1FVidNfVHKNYrs9Ebq5s-0-NxLiGcOF-o?usp=sharing\">https:\/\/drive.google.com\/drive\/folders\/1FVidNfVHKNYrs9Ebq5s-0-NxLiGcOF-o?usp=sharing<\/a><\/p>\n<p>&nbsp;<\/p>\n<p><a href=\"https:\/\/agora.xtec.cat\/ceiplacreutorrefarrera\/wp-content\/uploads\/usu389\/2021\/09\/foto3.jpg\"><img loading=\"lazy\" decoding=\"async\" class=\"alignnone wp-image-3728\" src=\"https:\/\/agora.xtec.cat\/ceiplacreutorrefarrera\/wp-content\/uploads\/usu389\/2021\/09\/foto3.jpg\" alt=\"\" width=\"766\" height=\"574\" srcset=\"https:\/\/agora.xtec.cat\/ceiplacreutorrefarrera\/wp-content\/uploads\/usu389\/2021\/09\/foto3.jpg 1127w, https:\/\/agora.xtec.cat\/ceiplacreutorrefarrera\/wp-content\/uploads\/usu389\/2021\/09\/foto3-300x225.jpg 300w, https:\/\/agora.xtec.cat\/ceiplacreutorrefarrera\/wp-content\/uploads\/usu389\/2021\/09\/foto3-1024x768.jpg 1024w, https:\/\/agora.xtec.cat\/ceiplacreutorrefarrera\/wp-content\/uploads\/usu389\/2021\/09\/foto3-768x576.jpg 768w, https:\/\/agora.xtec.cat\/ceiplacreutorrefarrera\/wp-content\/uploads\/usu389\/2021\/09\/foto3-200x150.jpg 200w\" sizes=\"auto, (max-width: 766px) 100vw, 766px\" \/><\/a><\/p>\n<p><em>Descripci\u00f3 dels elements de l\u2019obra\u00a0\u201cVIII Composition\u201d,\u00a0de Kandisky<\/em><\/p>\n<p>En el seg\u00fcent enlla\u00e7 hi trobareu m\u00e9s fotos:<\/p>\n<p><a href=\"https:\/\/drive.google.com\/drive\/folders\/1MKbWCemqjN3qvnCNh2v9ZUVklymmaUPn\">https:\/\/drive.google.com\/drive\/folders\/1MKbWCemqjN3qvnCNh2v9ZUVklymmaUPn?usp=sharing<\/a><\/p>\n<p>&nbsp;<\/p>\n<p>A Cicle Superior els i les alumnes analitzen i reprodueixen obres dels artistes Dal\u00ed i T\u00e0pies, que permeten despertar el seu inter\u00e8s pel patrimoni art\u00edstic catal\u00e0. D\u2019altra banda, tamb\u00e9 s\u2019aprofita per introduir la tipologia textual de la biografia en llengua anglesa i, de pas, utilitzar el simple past en context.<\/p>\n<p><a href=\"https:\/\/agora.xtec.cat\/ceiplacreutorrefarrera\/wp-content\/uploads\/usu389\/2021\/09\/foto4.png\"><img loading=\"lazy\" decoding=\"async\" class=\"alignnone wp-image-3729\" src=\"https:\/\/agora.xtec.cat\/ceiplacreutorrefarrera\/wp-content\/uploads\/usu389\/2021\/09\/foto4.png\" alt=\"\" width=\"779\" height=\"386\" srcset=\"https:\/\/agora.xtec.cat\/ceiplacreutorrefarrera\/wp-content\/uploads\/usu389\/2021\/09\/foto4.png 1112w, https:\/\/agora.xtec.cat\/ceiplacreutorrefarrera\/wp-content\/uploads\/usu389\/2021\/09\/foto4-300x149.png 300w, https:\/\/agora.xtec.cat\/ceiplacreutorrefarrera\/wp-content\/uploads\/usu389\/2021\/09\/foto4-1024x507.png 1024w, https:\/\/agora.xtec.cat\/ceiplacreutorrefarrera\/wp-content\/uploads\/usu389\/2021\/09\/foto4-768x381.png 768w\" sizes=\"auto, (max-width: 779px) 100vw, 779px\" \/><\/a><\/p>\n<p><em>Autoretrats dels i les alumnes de 6\u00e8<\/em><\/p>\n<p>Algunes fotos del taller de Dal\u00ed al seg\u00fcent enlla\u00e7: <a href=\"https:\/\/drive.google.com\/drive\/folders\/1UJd4Euig2GtQlEvjH7RhTDKJaZvEC4ae?usp=sharing\">https:\/\/drive.google.com\/drive\/folders\/1UJd4Euig2GtQlEvjH7RhTDKJaZvEC4ae?usp=sharing<\/a><\/p>\n<p>&nbsp;<\/p>\n<p><img loading=\"lazy\" decoding=\"async\" class=\"wp-image-3730 alignnone\" src=\"https:\/\/agora.xtec.cat\/ceiplacreutorrefarrera\/wp-content\/uploads\/usu389\/2021\/09\/foto5.jpg\" alt=\"\" width=\"803\" height=\"337\" srcset=\"https:\/\/agora.xtec.cat\/ceiplacreutorrefarrera\/wp-content\/uploads\/usu389\/2021\/09\/foto5.jpg 872w, https:\/\/agora.xtec.cat\/ceiplacreutorrefarrera\/wp-content\/uploads\/usu389\/2021\/09\/foto5-300x126.jpg 300w, https:\/\/agora.xtec.cat\/ceiplacreutorrefarrera\/wp-content\/uploads\/usu389\/2021\/09\/foto5-768x322.jpg 768w\" sizes=\"auto, (max-width: 803px) 100vw, 803px\" \/><\/p>\n<p>Treballs de l\u2019alumnat a partir de l\u2019obra de T\u00e0pies.<\/p>\n<h5>Ja fa quatre cursos escolars que estem duent aquest projecte i des del centre estem molt satisfets amb els resultats. Considerem que \u00e9s una iniciativa del centre molt positiva, que engresca a l\u2019alumnat a utilitzar la llengua anglesa des d\u2019una vessant funcional i pr\u00e0ctica. Per tot aix\u00f2, continuarem treballant per a qu\u00e8 aquest projecte evolucioni i s\u2019implementi en els propers anys.<\/h5>\n<div class=\"addtoany_share_save_container addtoany_content addtoany_content_bottom\">\n<div class=\"a2a_kit a2a_kit_size_32 addtoany_list\" data-a2a-url=\"https:\/\/agora.xtec.cat\/ceiplacreutorrefarrera\/portada\/art-in-english\/\" data-a2a-title=\"Art In English\"><\/div>\n<\/div>\n<\/div>\n","protected":false},"excerpt":{"rendered":"<p>Art In English PROJECTE ART IN ENGLISH\u2026. Let\u2019s make art in English! L\u2019any 2017, l\u2019escola va endegar \u00a0el projecte d\u2019innovaci\u00f3\u00a0Art in English.\u00a0\u00a0Aquest t\u00e9 com a objectiu principal l\u2019ampliaci\u00f3 de l\u2019exposici\u00f3 a la llengua anglesa a trav\u00e9s de contextos significatius, en aquest cas dins l\u2019\u00e0rea de visual i pl\u00e0stica, i aix\u00ed aconseguir incrementar l\u2019input\u00a0en aquesta llengua. [&hellip;]<\/p>\n","protected":false},"author":24,"featured_media":4049,"comment_status":"open","ping_status":"closed","sticky":false,"template":"","format":"standard","meta":{"_bbp_topic_count":0,"_bbp_reply_count":0,"_bbp_total_topic_count":0,"_bbp_total_reply_count":0,"_bbp_voice_count":0,"_bbp_anonymous_reply_count":0,"_bbp_topic_count_hidden":0,"_bbp_reply_count_hidden":0,"_bbp_forum_subforum_count":0,"site-sidebar-layout":"default","site-content-layout":"","ast-site-content-layout":"","site-content-style":"default","site-sidebar-style":"default","ast-global-header-display":"","ast-banner-title-visibility":"","ast-main-header-display":"","ast-hfb-above-header-display":"","ast-hfb-below-header-display":"","ast-hfb-mobile-header-display":"","site-post-title":"","ast-breadcrumbs-content":"","ast-featured-img":"","footer-sml-layout":"","theme-transparent-header-meta":"","adv-header-id-meta":"","stick-header-meta":"","header-above-stick-meta":"","header-main-stick-meta":"","header-below-stick-meta":"","astra-migrate-meta-layouts":"default","ast-page-background-enabled":"default","ast-page-background-meta":{"desktop":{"background-color":"var(--ast-global-color-4)","background-image":"","background-repeat":"repeat","background-position":"center center","background-size":"auto","background-attachment":"scroll","background-type":"","background-media":"","overlay-type":"","overlay-color":"","overlay-opacity":"","overlay-gradient":""},"tablet":{"background-color":"","background-image":"","background-repeat":"repeat","background-position":"center center","background-size":"auto","background-attachment":"scroll","background-type":"","background-media":"","overlay-type":"","overlay-color":"","overlay-opacity":"","overlay-gradient":""},"mobile":{"background-color":"","background-image":"","background-repeat":"repeat","background-position":"center center","background-size":"auto","background-attachment":"scroll","background-type":"","background-media":"","overlay-type":"","overlay-color":"","overlay-opacity":"","overlay-gradient":""}},"ast-content-background-meta":{"desktop":{"background-color":"var(--ast-global-color-5)","background-image":"","background-repeat":"repeat","background-position":"center center","background-size":"auto","background-attachment":"scroll","background-type":"","background-media":"","overlay-type":"","overlay-color":"","overlay-opacity":"","overlay-gradient":""},"tablet":{"background-color":"var(--ast-global-color-5)","background-image":"","background-repeat":"repeat","background-position":"center center","background-size":"auto","background-attachment":"scroll","background-type":"","background-media":"","overlay-type":"","overlay-color":"","overlay-opacity":"","overlay-gradient":""},"mobile":{"background-color":"var(--ast-global-color-5)","background-image":"","background-repeat":"repeat","background-position":"center center","background-size":"auto","background-attachment":"scroll","background-type":"","background-media":"","overlay-type":"","overlay-color":"","overlay-opacity":"","overlay-gradient":""}},"footnotes":""},"categories":[42,4,44],"tags":[209],"class_list":["post-4048","post","type-post","status-publish","format-standard","has-post-thumbnail","hentry","category-english","category-portada","category-projectes","tag-portesobertes"],"post_mailing_queue_ids":[],"_links":{"self":[{"href":"https:\/\/agora.xtec.cat\/ceiplacreutorrefarrera\/wp-json\/wp\/v2\/posts\/4048","targetHints":{"allow":["GET"]}}],"collection":[{"href":"https:\/\/agora.xtec.cat\/ceiplacreutorrefarrera\/wp-json\/wp\/v2\/posts"}],"about":[{"href":"https:\/\/agora.xtec.cat\/ceiplacreutorrefarrera\/wp-json\/wp\/v2\/types\/post"}],"author":[{"embeddable":true,"href":"https:\/\/agora.xtec.cat\/ceiplacreutorrefarrera\/wp-json\/wp\/v2\/users\/24"}],"replies":[{"embeddable":true,"href":"https:\/\/agora.xtec.cat\/ceiplacreutorrefarrera\/wp-json\/wp\/v2\/comments?post=4048"}],"version-history":[{"count":2,"href":"https:\/\/agora.xtec.cat\/ceiplacreutorrefarrera\/wp-json\/wp\/v2\/posts\/4048\/revisions"}],"predecessor-version":[{"id":4051,"href":"https:\/\/agora.xtec.cat\/ceiplacreutorrefarrera\/wp-json\/wp\/v2\/posts\/4048\/revisions\/4051"}],"wp:featuredmedia":[{"embeddable":true,"href":"https:\/\/agora.xtec.cat\/ceiplacreutorrefarrera\/wp-json\/wp\/v2\/media\/4049"}],"wp:attachment":[{"href":"https:\/\/agora.xtec.cat\/ceiplacreutorrefarrera\/wp-json\/wp\/v2\/media?parent=4048"}],"wp:term":[{"taxonomy":"category","embeddable":true,"href":"https:\/\/agora.xtec.cat\/ceiplacreutorrefarrera\/wp-json\/wp\/v2\/categories?post=4048"},{"taxonomy":"post_tag","embeddable":true,"href":"https:\/\/agora.xtec.cat\/ceiplacreutorrefarrera\/wp-json\/wp\/v2\/tags?post=4048"}],"curies":[{"name":"wp","href":"https:\/\/api.w.org\/{rel}","templated":true}]}}