{"id":4040,"date":"2022-02-17T11:51:58","date_gmt":"2022-02-17T10:51:58","guid":{"rendered":"https:\/\/agora.xtec.cat\/ceiplacreutorrefarrera\/?p=4040"},"modified":"2022-02-17T11:53:32","modified_gmt":"2022-02-17T10:53:32","slug":"carnestoltes-ja-es-aqui","status":"publish","type":"post","link":"https:\/\/agora.xtec.cat\/ceiplacreutorrefarrera\/general\/carnestoltes-ja-es-aqui\/","title":{"rendered":"Carnestoltes ja \u00e9s aqu\u00ed!!"},"content":{"rendered":"<p>Benvolgudes fam\u00edlies,<\/p>\n<p>Aquest curs l&#8217;escola celebrar\u00e0 el Carnestoltes el <strong>dia 24 de febrer per la tarda.<\/strong> Tot l&#8217;alumnat i l&#8217;equip docent del centre ens trobarem a la pista de baix per desfilar, ballar i berenar coca que ens oferir\u00e0 l&#8217;AMPA. Aquest any podrem gaudir de la festa plegats ja que els protocols que marca el Departament de Salut aix\u00ed ho fixen.<\/p>\n<p>Per a la <strong>setmana del 21 al 24 de febrer<\/strong>, el Rei Carnestoltes ens fa arribar les seg\u00fcents consignes:<\/p>\n<p><strong> Dilluns 21:<\/strong> Per comen\u00e7ar la setmana ben animat, vine amb el cap decorat! Qui ser\u00e0 el m\u00e9s extremat?<\/p>\n<p><strong>Dimarts 22:<\/strong> A grans i petits sorpr\u00e8n, la roba del rev\u00e9s ens posarem! Costures, traus, botons, mostrarem. No siguis vergony\u00f3s i tots junts ens divertirem!<\/p>\n<p><strong> Dimecres 23:<\/strong> Explora la teva creativitat! Confecciona un davantal sofisticat i deixa els companys bocabadats!<\/p>\n<p><strong> Dijous 24:<\/strong> Des de primera hora del mat\u00ed, vesteix-te i comen\u00e7a a presumir d&#8217;una disfressa que et faci sentir la gresca i la xerinola amb els teus companys i amics!<\/p>\n<p>Quan tinguem les fotos, les trobareu clicant a la seg\u00fcent imatge:<\/p>\n<p><a href=\"https:\/\/agora.xtec.cat\/ceiplacreutorrefarrera\/wp-content\/uploads\/usu389\/2022\/02\/Infografia_Carnestoltes-2022.jpg\"><img loading=\"lazy\" decoding=\"async\" class=\"size-medium wp-image-4042 alignleft\" src=\"https:\/\/agora.xtec.cat\/ceiplacreutorrefarrera\/wp-content\/uploads\/usu389\/2022\/02\/Infografia_Carnestoltes-2022-300x169.jpg\" alt=\"\" width=\"300\" height=\"169\" srcset=\"https:\/\/agora.xtec.cat\/ceiplacreutorrefarrera\/wp-content\/uploads\/usu389\/2022\/02\/Infografia_Carnestoltes-2022-300x169.jpg 300w, https:\/\/agora.xtec.cat\/ceiplacreutorrefarrera\/wp-content\/uploads\/usu389\/2022\/02\/Infografia_Carnestoltes-2022-1024x576.jpg 1024w, https:\/\/agora.xtec.cat\/ceiplacreutorrefarrera\/wp-content\/uploads\/usu389\/2022\/02\/Infografia_Carnestoltes-2022-768x432.jpg 768w, https:\/\/agora.xtec.cat\/ceiplacreutorrefarrera\/wp-content\/uploads\/usu389\/2022\/02\/Infografia_Carnestoltes-2022.jpg 1099w\" sizes=\"auto, (max-width: 300px) 100vw, 300px\" \/><\/a><\/p>\n<p>&nbsp;<\/p>\n<p>&nbsp;<\/p>\n<p>&nbsp;<\/p>\n<p>&nbsp;<\/p>\n<p>&nbsp;<\/p>\n<p>Que tingueu un bon Carnaval!!!!<\/p>\n","protected":false},"excerpt":{"rendered":"<p>Benvolgudes fam\u00edlies, Aquest curs l&#8217;escola celebrar\u00e0 el Carnestoltes el dia 24 de febrer per la tarda. Tot l&#8217;alumnat i l&#8217;equip docent del centre ens trobarem a la pista de baix per desfilar, ballar i berenar coca que ens oferir\u00e0 l&#8217;AMPA. Aquest any podrem gaudir de la festa plegats ja que els protocols que marca el [&hellip;]<\/p>\n","protected":false},"author":1,"featured_media":4042,"comment_status":"open","ping_status":"closed","sticky":false,"template":"","format":"standard","meta":{"_bbp_topic_count":0,"_bbp_reply_count":0,"_bbp_total_topic_count":0,"_bbp_total_reply_count":0,"_bbp_voice_count":0,"_bbp_anonymous_reply_count":0,"_bbp_topic_count_hidden":0,"_bbp_reply_count_hidden":0,"_bbp_forum_subforum_count":0,"site-sidebar-layout":"default","site-content-layout":"","ast-site-content-layout":"","site-content-style":"default","site-sidebar-style":"default","ast-global-header-display":"","ast-banner-title-visibility":"","ast-main-header-display":"","ast-hfb-above-header-display":"","ast-hfb-below-header-display":"","ast-hfb-mobile-header-display":"","site-post-title":"","ast-breadcrumbs-content":"","ast-featured-img":"","footer-sml-layout":"","theme-transparent-header-meta":"","adv-header-id-meta":"","stick-header-meta":"","header-above-stick-meta":"","header-main-stick-meta":"","header-below-stick-meta":"","astra-migrate-meta-layouts":"default","ast-page-background-enabled":"default","ast-page-background-meta":{"desktop":{"background-color":"var(--ast-global-color-4)","background-image":"","background-repeat":"repeat","background-position":"center center","background-size":"auto","background-attachment":"scroll","background-type":"","background-media":"","overlay-type":"","overlay-color":"","overlay-opacity":"","overlay-gradient":""},"tablet":{"background-color":"","background-image":"","background-repeat":"repeat","background-position":"center center","background-size":"auto","background-attachment":"scroll","background-type":"","background-media":"","overlay-type":"","overlay-color":"","overlay-opacity":"","overlay-gradient":""},"mobile":{"background-color":"","background-image":"","background-repeat":"repeat","background-position":"center center","background-size":"auto","background-attachment":"scroll","background-type":"","background-media":"","overlay-type":"","overlay-color":"","overlay-opacity":"","overlay-gradient":""}},"ast-content-background-meta":{"desktop":{"background-color":"var(--ast-global-color-5)","background-image":"","background-repeat":"repeat","background-position":"center center","background-size":"auto","background-attachment":"scroll","background-type":"","background-media":"","overlay-type":"","overlay-color":"","overlay-opacity":"","overlay-gradient":""},"tablet":{"background-color":"var(--ast-global-color-5)","background-image":"","background-repeat":"repeat","background-position":"center center","background-size":"auto","background-attachment":"scroll","background-type":"","background-media":"","overlay-type":"","overlay-color":"","overlay-opacity":"","overlay-gradient":""},"mobile":{"background-color":"var(--ast-global-color-5)","background-image":"","background-repeat":"repeat","background-position":"center center","background-size":"auto","background-attachment":"scroll","background-type":"","background-media":"","overlay-type":"","overlay-color":"","overlay-opacity":"","overlay-gradient":""}},"footnotes":""},"categories":[41,1,4],"tags":[110,70],"class_list":["post-4040","post","type-post","status-publish","format-standard","has-post-thumbnail","hentry","category-festes-i-celebracions","category-general","category-portada","tag-carnaval","tag-festes"],"post_mailing_queue_ids":[],"_links":{"self":[{"href":"https:\/\/agora.xtec.cat\/ceiplacreutorrefarrera\/wp-json\/wp\/v2\/posts\/4040","targetHints":{"allow":["GET"]}}],"collection":[{"href":"https:\/\/agora.xtec.cat\/ceiplacreutorrefarrera\/wp-json\/wp\/v2\/posts"}],"about":[{"href":"https:\/\/agora.xtec.cat\/ceiplacreutorrefarrera\/wp-json\/wp\/v2\/types\/post"}],"author":[{"embeddable":true,"href":"https:\/\/agora.xtec.cat\/ceiplacreutorrefarrera\/wp-json\/wp\/v2\/users\/1"}],"replies":[{"embeddable":true,"href":"https:\/\/agora.xtec.cat\/ceiplacreutorrefarrera\/wp-json\/wp\/v2\/comments?post=4040"}],"version-history":[{"count":1,"href":"https:\/\/agora.xtec.cat\/ceiplacreutorrefarrera\/wp-json\/wp\/v2\/posts\/4040\/revisions"}],"predecessor-version":[{"id":4043,"href":"https:\/\/agora.xtec.cat\/ceiplacreutorrefarrera\/wp-json\/wp\/v2\/posts\/4040\/revisions\/4043"}],"wp:featuredmedia":[{"embeddable":true,"href":"https:\/\/agora.xtec.cat\/ceiplacreutorrefarrera\/wp-json\/wp\/v2\/media\/4042"}],"wp:attachment":[{"href":"https:\/\/agora.xtec.cat\/ceiplacreutorrefarrera\/wp-json\/wp\/v2\/media?parent=4040"}],"wp:term":[{"taxonomy":"category","embeddable":true,"href":"https:\/\/agora.xtec.cat\/ceiplacreutorrefarrera\/wp-json\/wp\/v2\/categories?post=4040"},{"taxonomy":"post_tag","embeddable":true,"href":"https:\/\/agora.xtec.cat\/ceiplacreutorrefarrera\/wp-json\/wp\/v2\/tags?post=4040"}],"curies":[{"name":"wp","href":"https:\/\/api.w.org\/{rel}","templated":true}]}}