{"id":3760,"date":"2021-10-20T19:24:45","date_gmt":"2021-10-20T17:24:45","guid":{"rendered":"https:\/\/agora.xtec.cat\/ceiplacreutorrefarrera\/?p=3760"},"modified":"2021-10-20T19:24:45","modified_gmt":"2021-10-20T17:24:45","slug":"sise-de-colonies-al-delta-de-lebre-dimecres-20-doctubre","status":"publish","type":"post","link":"https:\/\/agora.xtec.cat\/ceiplacreutorrefarrera\/portada\/sise-de-colonies-al-delta-de-lebre-dimecres-20-doctubre\/","title":{"rendered":"SIS\u00c8 DE COL\u00d2NIES AL DELTA DE L&#8217;EBRE. DIMECRES 20 D&#8217;OCTUBRE"},"content":{"rendered":"<p>Com ja sabeu, els alumnes de sis\u00e8, dins del projecte interdisciplinari, hem organitzat les<br \/>\ncol\u00f2nies al Delta de l\u2019 Ebre. A banda de posar-nos en contacte amb la casa de col\u00f2nies i l\u2019<br \/>\nempresa d\u2019 autobusos per demanar informaci\u00f3, hem elaborat el pressupost i hem buscat l\u2019<br \/>\nitinerari del viatge. I com heu vist aquest cap de setmana, tamb\u00e9 hem dissenyat el programa<br \/>\nde l\u2019 estada, amb els horaris, les activitats a realitzar&#8230;<\/p>\n<p>I ara ja hi som. Aquest mat\u00ed hem fet la sortida amb vaixell fins a la desembocadura del riu i l&#8217;illa de Buda. A la tarda, despr\u00e9s de dinar i distribuir les habitacions a la casa de col\u00f2nies, hem fet la descoberta del funcionament del conreu de l&#8217;arr\u00f2s, la xarxa de reg i ruta pel poble. I a la nit farem jocs amb els monitors de la casa. Un dia genial! Si voleu veure com ens ho hem passat de b\u00e9, cliqueu sobre la imatge.<\/p>\n<p><a href=\"https:\/\/drive.google.com\/drive\/folders\/1ZznT_A7WcVGr7bg8bu6c_4EnC6r1Q7JI?usp=sharing\" target=\"_blank\" rel=\"noopener\"><img loading=\"lazy\" decoding=\"async\" class=\"alignnone size-full wp-image-3764\" src=\"https:\/\/agora.xtec.cat\/ceiplacreutorrefarrera\/wp-content\/uploads\/usu389\/2021\/10\/arros.jpg\" alt=\"\" width=\"300\" height=\"168\" \/><\/a><\/p>\n","protected":false},"excerpt":{"rendered":"<p>Com ja sabeu, els alumnes de sis\u00e8, dins del projecte interdisciplinari, hem organitzat les col\u00f2nies al Delta de l\u2019 Ebre. A banda de posar-nos en contacte amb la casa de col\u00f2nies i l\u2019 empresa d\u2019 autobusos per demanar informaci\u00f3, hem elaborat el pressupost i hem buscat l\u2019 itinerari del viatge. I com heu vist aquest [&hellip;]<\/p>\n","protected":false},"author":10,"featured_media":3762,"comment_status":"open","ping_status":"closed","sticky":false,"template":"","format":"standard","meta":{"_bbp_topic_count":0,"_bbp_reply_count":0,"_bbp_total_topic_count":0,"_bbp_total_reply_count":0,"_bbp_voice_count":0,"_bbp_anonymous_reply_count":0,"_bbp_topic_count_hidden":0,"_bbp_reply_count_hidden":0,"_bbp_forum_subforum_count":0,"site-sidebar-layout":"default","site-content-layout":"","ast-site-content-layout":"","site-content-style":"default","site-sidebar-style":"default","ast-global-header-display":"","ast-banner-title-visibility":"","ast-main-header-display":"","ast-hfb-above-header-display":"","ast-hfb-below-header-display":"","ast-hfb-mobile-header-display":"","site-post-title":"","ast-breadcrumbs-content":"","ast-featured-img":"","footer-sml-layout":"","theme-transparent-header-meta":"","adv-header-id-meta":"","stick-header-meta":"","header-above-stick-meta":"","header-main-stick-meta":"","header-below-stick-meta":"","astra-migrate-meta-layouts":"default","ast-page-background-enabled":"default","ast-page-background-meta":{"desktop":{"background-color":"var(--ast-global-color-4)","background-image":"","background-repeat":"repeat","background-position":"center center","background-size":"auto","background-attachment":"scroll","background-type":"","background-media":"","overlay-type":"","overlay-color":"","overlay-opacity":"","overlay-gradient":""},"tablet":{"background-color":"","background-image":"","background-repeat":"repeat","background-position":"center center","background-size":"auto","background-attachment":"scroll","background-type":"","background-media":"","overlay-type":"","overlay-color":"","overlay-opacity":"","overlay-gradient":""},"mobile":{"background-color":"","background-image":"","background-repeat":"repeat","background-position":"center center","background-size":"auto","background-attachment":"scroll","background-type":"","background-media":"","overlay-type":"","overlay-color":"","overlay-opacity":"","overlay-gradient":""}},"ast-content-background-meta":{"desktop":{"background-color":"var(--ast-global-color-5)","background-image":"","background-repeat":"repeat","background-position":"center center","background-size":"auto","background-attachment":"scroll","background-type":"","background-media":"","overlay-type":"","overlay-color":"","overlay-opacity":"","overlay-gradient":""},"tablet":{"background-color":"var(--ast-global-color-5)","background-image":"","background-repeat":"repeat","background-position":"center center","background-size":"auto","background-attachment":"scroll","background-type":"","background-media":"","overlay-type":"","overlay-color":"","overlay-opacity":"","overlay-gradient":""},"mobile":{"background-color":"var(--ast-global-color-5)","background-image":"","background-repeat":"repeat","background-position":"center center","background-size":"auto","background-attachment":"scroll","background-type":"","background-media":"","overlay-type":"","overlay-color":"","overlay-opacity":"","overlay-gradient":""}},"footnotes":""},"categories":[15,4,5],"tags":[51,48,16],"class_list":["post-3760","post","type-post","status-publish","format-standard","has-post-thumbnail","hentry","category-6e","category-portada","category-primaria","tag-6e","tag-colonies","tag-sortides"],"post_mailing_queue_ids":[],"_links":{"self":[{"href":"https:\/\/agora.xtec.cat\/ceiplacreutorrefarrera\/wp-json\/wp\/v2\/posts\/3760","targetHints":{"allow":["GET"]}}],"collection":[{"href":"https:\/\/agora.xtec.cat\/ceiplacreutorrefarrera\/wp-json\/wp\/v2\/posts"}],"about":[{"href":"https:\/\/agora.xtec.cat\/ceiplacreutorrefarrera\/wp-json\/wp\/v2\/types\/post"}],"author":[{"embeddable":true,"href":"https:\/\/agora.xtec.cat\/ceiplacreutorrefarrera\/wp-json\/wp\/v2\/users\/10"}],"replies":[{"embeddable":true,"href":"https:\/\/agora.xtec.cat\/ceiplacreutorrefarrera\/wp-json\/wp\/v2\/comments?post=3760"}],"version-history":[{"count":1,"href":"https:\/\/agora.xtec.cat\/ceiplacreutorrefarrera\/wp-json\/wp\/v2\/posts\/3760\/revisions"}],"predecessor-version":[{"id":3765,"href":"https:\/\/agora.xtec.cat\/ceiplacreutorrefarrera\/wp-json\/wp\/v2\/posts\/3760\/revisions\/3765"}],"wp:featuredmedia":[{"embeddable":true,"href":"https:\/\/agora.xtec.cat\/ceiplacreutorrefarrera\/wp-json\/wp\/v2\/media\/3762"}],"wp:attachment":[{"href":"https:\/\/agora.xtec.cat\/ceiplacreutorrefarrera\/wp-json\/wp\/v2\/media?parent=3760"}],"wp:term":[{"taxonomy":"category","embeddable":true,"href":"https:\/\/agora.xtec.cat\/ceiplacreutorrefarrera\/wp-json\/wp\/v2\/categories?post=3760"},{"taxonomy":"post_tag","embeddable":true,"href":"https:\/\/agora.xtec.cat\/ceiplacreutorrefarrera\/wp-json\/wp\/v2\/tags?post=3760"}],"curies":[{"name":"wp","href":"https:\/\/api.w.org\/{rel}","templated":true}]}}