{"id":3595,"date":"2021-06-20T10:12:53","date_gmt":"2021-06-20T08:12:53","guid":{"rendered":"http:\/\/agora.xtec.cat\/ceiplacreutorrefarrera\/?p=3595"},"modified":"2022-02-09T21:54:09","modified_gmt":"2022-02-09T20:54:09","slug":"sortida-al-tros-de-la-montse-segon","status":"publish","type":"post","link":"https:\/\/agora.xtec.cat\/ceiplacreutorrefarrera\/general\/sortida-al-tros-de-la-montse-segon\/","title":{"rendered":"SORTIDA AL TROS DE LA MONTSE &#8211; SEGON"},"content":{"rendered":"<p>El dia 15 de juny els nens i nenes de segon vam fer l&#8217;\u00faltima sortida del cicle al tros de la Montse.<\/p>\n<p>El curs passat, a causa del confinament, no vam poder gaudir dels seus cirerers a la primavera i l&#8217;estiu, i \u00e9s per aix\u00f2 que, aquest curs, quan ens va dir que hi pod\u00edem anar no ens ho vam pensar dues vegades!<\/p>\n<p>Vam passar un mat\u00ed genial!! Vam comen\u00e7ar collint cireres, despr\u00e9s vam esmorzar i, a continuaci\u00f3, vam fer uns jocs d&#8217;aigua amb els que ens vam poder refrescar i ens ho vam passar d&#8217;all\u00f2 m\u00e9s b\u00e9. En acabat, ens vam canviar i cap a l&#8217;escola. All\u00e0 ens vam repartir les cireres, que bones estaven!!<\/p>\n<p>Gr\u00e0cies Montse i Jordi per oferir-nos aquesta oportunitat!!<\/p>\n<p>Cliqueu a la imatge:<\/p>\n<p><a href=\"https:\/\/drive.google.com\/drive\/folders\/1vnT66z5oxpv_zsWxZjps-M59kgyffQvz?usp=sharing\"><img loading=\"lazy\" decoding=\"async\" class=\"alignnone wp-image-3597\" src=\"https:\/\/agora.xtec.cat\/ceiplacreutorrefarrera\/wp-content\/uploads\/usu389\/2021\/06\/foto-cireres.jpg\" alt=\"\" width=\"486\" height=\"236\" srcset=\"https:\/\/agora.xtec.cat\/ceiplacreutorrefarrera\/wp-content\/uploads\/usu389\/2021\/06\/foto-cireres.jpg 717w, https:\/\/agora.xtec.cat\/ceiplacreutorrefarrera\/wp-content\/uploads\/usu389\/2021\/06\/foto-cireres-300x146.jpg 300w\" sizes=\"auto, (max-width: 486px) 100vw, 486px\" \/><\/a><\/p>\n","protected":false},"excerpt":{"rendered":"<p>El dia 15 de juny els nens i nenes de segon vam fer l&#8217;\u00faltima sortida del cicle al tros de la Montse. El curs passat, a causa del confinament, no vam poder gaudir dels seus cirerers a la primavera i l&#8217;estiu, i \u00e9s per aix\u00f2 que, aquest curs, quan ens va dir que hi pod\u00edem [&hellip;]<\/p>\n","protected":false},"author":17,"featured_media":3597,"comment_status":"open","ping_status":"closed","sticky":false,"template":"","format":"standard","meta":{"_bbp_topic_count":0,"_bbp_reply_count":0,"_bbp_total_topic_count":0,"_bbp_total_reply_count":0,"_bbp_voice_count":0,"_bbp_anonymous_reply_count":0,"_bbp_topic_count_hidden":0,"_bbp_reply_count_hidden":0,"_bbp_forum_subforum_count":0,"site-sidebar-layout":"default","site-content-layout":"","ast-site-content-layout":"","site-content-style":"default","site-sidebar-style":"default","ast-global-header-display":"","ast-banner-title-visibility":"","ast-main-header-display":"","ast-hfb-above-header-display":"","ast-hfb-below-header-display":"","ast-hfb-mobile-header-display":"","site-post-title":"","ast-breadcrumbs-content":"","ast-featured-img":"","footer-sml-layout":"","theme-transparent-header-meta":"","adv-header-id-meta":"","stick-header-meta":"","header-above-stick-meta":"","header-main-stick-meta":"","header-below-stick-meta":"","astra-migrate-meta-layouts":"default","ast-page-background-enabled":"default","ast-page-background-meta":{"desktop":{"background-color":"var(--ast-global-color-4)","background-image":"","background-repeat":"repeat","background-position":"center center","background-size":"auto","background-attachment":"scroll","background-type":"","background-media":"","overlay-type":"","overlay-color":"","overlay-opacity":"","overlay-gradient":""},"tablet":{"background-color":"","background-image":"","background-repeat":"repeat","background-position":"center center","background-size":"auto","background-attachment":"scroll","background-type":"","background-media":"","overlay-type":"","overlay-color":"","overlay-opacity":"","overlay-gradient":""},"mobile":{"background-color":"","background-image":"","background-repeat":"repeat","background-position":"center center","background-size":"auto","background-attachment":"scroll","background-type":"","background-media":"","overlay-type":"","overlay-color":"","overlay-opacity":"","overlay-gradient":""}},"ast-content-background-meta":{"desktop":{"background-color":"var(--ast-global-color-5)","background-image":"","background-repeat":"repeat","background-position":"center center","background-size":"auto","background-attachment":"scroll","background-type":"","background-media":"","overlay-type":"","overlay-color":"","overlay-opacity":"","overlay-gradient":""},"tablet":{"background-color":"var(--ast-global-color-5)","background-image":"","background-repeat":"repeat","background-position":"center center","background-size":"auto","background-attachment":"scroll","background-type":"","background-media":"","overlay-type":"","overlay-color":"","overlay-opacity":"","overlay-gradient":""},"mobile":{"background-color":"var(--ast-global-color-5)","background-image":"","background-repeat":"repeat","background-position":"center center","background-size":"auto","background-attachment":"scroll","background-type":"","background-media":"","overlay-type":"","overlay-color":"","overlay-opacity":"","overlay-gradient":""}},"footnotes":""},"categories":[11,1,4,5],"tags":[68,194,179],"class_list":["post-3595","post","type-post","status-publish","format-standard","has-post-thumbnail","hentry","category-2n","category-general","category-portada","category-primaria","tag-2n","tag-cirerer","tag-segon"],"post_mailing_queue_ids":[],"_links":{"self":[{"href":"https:\/\/agora.xtec.cat\/ceiplacreutorrefarrera\/wp-json\/wp\/v2\/posts\/3595","targetHints":{"allow":["GET"]}}],"collection":[{"href":"https:\/\/agora.xtec.cat\/ceiplacreutorrefarrera\/wp-json\/wp\/v2\/posts"}],"about":[{"href":"https:\/\/agora.xtec.cat\/ceiplacreutorrefarrera\/wp-json\/wp\/v2\/types\/post"}],"author":[{"embeddable":true,"href":"https:\/\/agora.xtec.cat\/ceiplacreutorrefarrera\/wp-json\/wp\/v2\/users\/17"}],"replies":[{"embeddable":true,"href":"https:\/\/agora.xtec.cat\/ceiplacreutorrefarrera\/wp-json\/wp\/v2\/comments?post=3595"}],"version-history":[{"count":2,"href":"https:\/\/agora.xtec.cat\/ceiplacreutorrefarrera\/wp-json\/wp\/v2\/posts\/3595\/revisions"}],"predecessor-version":[{"id":3598,"href":"https:\/\/agora.xtec.cat\/ceiplacreutorrefarrera\/wp-json\/wp\/v2\/posts\/3595\/revisions\/3598"}],"wp:featuredmedia":[{"embeddable":true,"href":"https:\/\/agora.xtec.cat\/ceiplacreutorrefarrera\/wp-json\/wp\/v2\/media\/3597"}],"wp:attachment":[{"href":"https:\/\/agora.xtec.cat\/ceiplacreutorrefarrera\/wp-json\/wp\/v2\/media?parent=3595"}],"wp:term":[{"taxonomy":"category","embeddable":true,"href":"https:\/\/agora.xtec.cat\/ceiplacreutorrefarrera\/wp-json\/wp\/v2\/categories?post=3595"},{"taxonomy":"post_tag","embeddable":true,"href":"https:\/\/agora.xtec.cat\/ceiplacreutorrefarrera\/wp-json\/wp\/v2\/tags?post=3595"}],"curies":[{"name":"wp","href":"https:\/\/api.w.org\/{rel}","templated":true}]}}